{"id":1182,"date":"2022-03-24T19:55:29","date_gmt":"2022-03-24T18:55:29","guid":{"rendered":"https:\/\/www.cgt-lkn.org\/bizkaia\/hezkuntza\/?p=1182"},"modified":"2022-03-30T00:38:02","modified_gmt":"2022-03-29T22:38:02","slug":"batxilergo-artistikoa-i-e-s-ibarrekolanda-b-h-i-tik-ez-kendu-inposaketarik-ez","status":"publish","type":"post","link":"https:\/\/www.cgt-lkn.org\/bizkaia-hezkuntza\/?p=1182","title":{"rendered":"BATXILERGO ARTISTIKOA I.E.S. IBARREKOLANDA B.H.I.tik EZ KENDU!  INPOSAKETARIK EZ!"},"content":{"rendered":"<p>Hezkuntza Sailak, inorekin hitz egin gabe, 2022-2023 ikasturterako Batxilergo Artistiko modalitatea Ibarrekolanda BHItik kentzea erabaki du eta ondorioz ikasleak Txurdinagako institutuan matrikulatu beharko dira. Erabakia martxoaren 18ean jakinarazi zuten, matrikulazio prozesuaren atarian. Hezkuntza Sailaren aldebateko neurri honen aurka sinadurak biltzen eta mobilizazioak antolatzen\u00a0 hasi dira: enkarteladak inguruko auzoetan, elkarretaratzeak, itxialdi ba martxoaren 23tik 27ra bitartean, prentsaurreko bat, konzentrazio bat Hezkuntza Sailak Bilbon duen Ordezkaritzan&#8230;<\/p>\n<p><strong>SINADURA BILKETA:<\/strong> <strong>https:\/\/chng.it\/gTK5Dgvdws<\/strong><\/p>\n<p>NO a la SUPRESI\u00d3N del BACHILLERATO ART\u00cdSTICO en el I.E.S. IBARREKOLANDA B.H.I.!\u00a0 NO A LA IMPOSICI\u00d3N!<\/p>\n<p>&nbsp;<\/p>\n<p>De la noche a la ma\u00f1ana el Departamento de Educaci\u00f3n del Gobierno Vasco ha decidido sin consultar a nadie que el IES Ibarrekolanda BHI de Sarriko (Bilbao) no ofertar\u00e1 el bachillerato art\u00edstico el curso 2022-2023 derivando a los alumnos a Txurdinaga. Esta decisi\u00f3n fue comunicada el pasado 18 de marzo a las puertas del proceso de matriculaci\u00f3n.\u00a0 Ante esta decisi\u00f3n unilateral el profesorado, el alumnado y las familias del instituto han iniciado una recogida de firmas y se est\u00e1n organizando movilizaciones: concentraciones diarias, encarteladas en los barrios cercanos, un encierro en el centro desde el 23 al 27 de marzo, una rueda de prensa, una concentraci\u00f3n ante la Delegaci\u00f3n del Departamento de Educaci\u00f3n en Bilbao\u2026.<\/p>\n<p>&nbsp;<\/p>\n<p><a href=\"https:\/\/www.cgt-lkn.org\/wp-content\/uploads\/sites\/19\/2022\/03\/BATXILERGO-ARTISTIKOA-I.E.S.-IBARREKOLANDA.jpg\"><img loading=\"lazy\" decoding=\"async\" class=\"aligncenter size-full wp-image-1183\" src=\"https:\/\/www.cgt-lkn.org\/wp-content\/uploads\/sites\/19\/2022\/03\/BATXILERGO-ARTISTIKOA-I.E.S.-IBARREKOLANDA.jpg\" alt=\"\" width=\"600\" height=\"370\" srcset=\"https:\/\/www.cgt-lkn.org\/bizkaia-hezkuntza\/wp-content\/uploads\/sites\/19\/2022\/03\/BATXILERGO-ARTISTIKOA-I.E.S.-IBARREKOLANDA.jpg 600w, https:\/\/www.cgt-lkn.org\/bizkaia-hezkuntza\/wp-content\/uploads\/sites\/19\/2022\/03\/BATXILERGO-ARTISTIKOA-I.E.S.-IBARREKOLANDA-300x185.jpg 300w\" sizes=\"auto, (max-width: 600px) 100vw, 600px\" \/><\/a><\/p>\n<p><a href=\"https:\/\/www.elcorreo.com\/sociedad\/educacion\/denuncian-supresion-bachillerato-20220323223423-nt.html\"><strong>https:\/\/www.elcorreo.com\/sociedad\/educacion\/denuncian-supresion-bachillerato-20220323223423-nt.html<\/strong><\/a><\/p>\n","protected":false},"excerpt":{"rendered":"<p>Hezkuntza Sailak, inorekin hitz egin gabe, 2022-2023 ikasturterako Batxilergo Artistiko modalitatea Ibarrekolanda BHItik kentzea erabaki du<\/p>\n","protected":false},"author":178,"featured_media":1183,"comment_status":"closed","ping_status":"closed","sticky":false,"template":"","format":"standard","meta":{"footnotes":"","_links_to":"","_links_to_target":""},"categories":[18,22,23,5,95,19],"tags":[130,58,32],"class_list":["post-1182","post","type-post","status-publish","format-standard","has-post-thumbnail","hentry","category-beriak","category-castellano","category-euskera","category-ikasleak","category-movilizaciones","category-publika","tag-batxilergo-artistikoa","tag-movilizaciones","tag-publika"],"publishpress_future_action":{"enabled":false,"date":"2026-05-07 02:36:57","action":"change-status","newStatus":"draft","terms":[],"taxonomy":"category","extraData":[]},"publishpress_future_workflow_manual_trigger":{"enabledWorkflows":[]},"_links":{"self":[{"href":"https:\/\/www.cgt-lkn.org\/bizkaia-hezkuntza\/index.php?rest_route=\/wp\/v2\/posts\/1182","targetHints":{"allow":["GET"]}}],"collection":[{"href":"https:\/\/www.cgt-lkn.org\/bizkaia-hezkuntza\/index.php?rest_route=\/wp\/v2\/posts"}],"about":[{"href":"https:\/\/www.cgt-lkn.org\/bizkaia-hezkuntza\/index.php?rest_route=\/wp\/v2\/types\/post"}],"author":[{"embeddable":true,"href":"https:\/\/www.cgt-lkn.org\/bizkaia-hezkuntza\/index.php?rest_route=\/wp\/v2\/users\/178"}],"replies":[{"embeddable":true,"href":"https:\/\/www.cgt-lkn.org\/bizkaia-hezkuntza\/index.php?rest_route=%2Fwp%2Fv2%2Fcomments&post=1182"}],"version-history":[{"count":1,"href":"https:\/\/www.cgt-lkn.org\/bizkaia-hezkuntza\/index.php?rest_route=\/wp\/v2\/posts\/1182\/revisions"}],"predecessor-version":[{"id":1184,"href":"https:\/\/www.cgt-lkn.org\/bizkaia-hezkuntza\/index.php?rest_route=\/wp\/v2\/posts\/1182\/revisions\/1184"}],"wp:featuredmedia":[{"embeddable":true,"href":"https:\/\/www.cgt-lkn.org\/bizkaia-hezkuntza\/index.php?rest_route=\/wp\/v2\/media\/1183"}],"wp:attachment":[{"href":"https:\/\/www.cgt-lkn.org\/bizkaia-hezkuntza\/index.php?rest_route=%2Fwp%2Fv2%2Fmedia&parent=1182"}],"wp:term":[{"taxonomy":"category","embeddable":true,"href":"https:\/\/www.cgt-lkn.org\/bizkaia-hezkuntza\/index.php?rest_route=%2Fwp%2Fv2%2Fcategories&post=1182"},{"taxonomy":"post_tag","embeddable":true,"href":"https:\/\/www.cgt-lkn.org\/bizkaia-hezkuntza\/index.php?rest_route=%2Fwp%2Fv2%2Ftags&post=1182"}],"curies":[{"name":"wp","href":"https:\/\/api.w.org\/{rel}","templated":true}]}}