{"id":1174,"date":"2022-02-17T20:23:11","date_gmt":"2022-02-17T19:23:11","guid":{"rendered":"https:\/\/www.cgt-lkn.org\/bizkaia\/hezkuntza\/?p=1174"},"modified":"2022-03-02T20:24:10","modified_gmt":"2022-03-02T19:24:10","slug":"comic-lo-que-supone-la-nueva-reforma-laboral","status":"publish","type":"post","link":"https:\/\/www.cgt-lkn.org\/bizkaia-hezkuntza\/?p=1174","title":{"rendered":"Comic: Lo que supone la nueva Reforma Laboral"},"content":{"rendered":"<p style=\"text-align: center\"><strong><a href=\"https:\/\/www.cgt-lkn.org\/wp-content\/uploads\/2022\/02\/comic-La-NO-Reforma-Laboral-CGT.pdf\" target=\"_blank\" rel=\"noopener\">Comic La NO Reforma Laboral Pdf<\/a><\/strong><\/p>\n<p style=\"text-align: left\">Desde CGT-LKN tenemos claro que mienten. Est\u00e1 Reforma Laboral no supone ning\u00fan avance fundamental en la vida de las personas trabajadoras ni deroga (casi) ninguno de los aspectos m\u00e1s lesivos de la Reforma Laboral del PP. M\u00e1s bien al contrario, los firmantes del acuerdo asumen palabra por palabra lo legislado por Mariano Rajoy en el a\u00f1o 2012 en cuestiones tan fundamentales como el despido y sus indemnizaciones, o la intervenci\u00f3n de la Inspecci\u00f3n de Trabajo en la tramitaci\u00f3n de los ERE por ejemplo.<\/p>\n<p style=\"text-align: center\"><strong><a href=\"https:\/\/www.cgt-lkn.org\/wp-content\/uploads\/2022\/02\/comic-La-NO-Reforma-Laboral-CGT.pdf\" target=\"_blank\" rel=\"noopener\"><img loading=\"lazy\" decoding=\"async\" class=\"aligncenter wp-image-22077\" src=\"https:\/\/www.cgt-lkn.org\/wp-content\/uploads\/2022\/02\/comic-La-NO-Reforma-Laboral-CGT-1.jpg\" alt=\"\" width=\"604\" height=\"854\" \/><\/a><\/strong><\/p>\n<p style=\"text-align: center\"><strong><a href=\"https:\/\/www.youtube.com\/user\/cgtbizkaia\" target=\"_blank\" rel=\"noopener\"><img loading=\"lazy\" decoding=\"async\" class=\"aligncenter size-full wp-image-21708\" src=\"https:\/\/www.cgt-lkn.org\/wp-content\/uploads\/3021\/01\/Youtube-CGT-Bizkaia.jpg\" alt=\"\" width=\"180\" height=\"180\" \/><\/a><a href=\"https:\/\/www.cgt-lkn.org\/wp-content\/uploads\/2022\/02\/comic-La-NO-Reforma-Laboral-CGT.pdf\"><br \/>\n<\/a><a href=\"https:\/\/www.cgt-lkn.org\/wp-content\/uploads\/2022\/02\/comic-La-NO-Reforma-Laboral-CGT.pdf\"><img loading=\"lazy\" decoding=\"async\" class=\"aligncenter wp-image-22078 size-full\" src=\"https:\/\/www.cgt-lkn.org\/wp-content\/uploads\/2022\/02\/comic-La-NO-Reforma-Laboral-CGT-2.jpg\" alt=\"\" width=\"744\" height=\"1052\" \/><\/a><\/strong><\/p>\n<p><a href=\"https:\/\/www.cgt-lkn.org\/wp-content\/uploads\/2022\/02\/comic-La-NO-Reforma-Laboral-CGT.pdf\" target=\"_blank\" rel=\"noopener\"><img loading=\"lazy\" decoding=\"async\" class=\"aligncenter size-full wp-image-22079\" src=\"https:\/\/www.cgt-lkn.org\/wp-content\/uploads\/2022\/02\/comic-La-NO-Reforma-Laboral-CGT-3.jpg\" alt=\"\" width=\"744\" height=\"1052\" \/><\/a><\/p>\n<p><a href=\"https:\/\/t.me\/cgtlknbizkaia\" target=\"_blank\" rel=\"noopener\"><img loading=\"lazy\" decoding=\"async\" class=\"aligncenter wp-image-19213 size-medium\" src=\"https:\/\/www.cgt-lkn.org\/wp-content\/uploads\/2020\/04\/Telegram-CGT-LKN-Bizkaia-300x166.jpg\" alt=\"\" width=\"300\" height=\"166\" \/><\/a><\/p>\n<p><a href=\"https:\/\/www.cgt-lkn.org\/wp-content\/uploads\/2022\/02\/comic-La-NO-Reforma-Laboral-CGT.pdf\" target=\"_blank\" rel=\"noopener\"><img loading=\"lazy\" decoding=\"async\" class=\"aligncenter size-full wp-image-22080\" src=\"https:\/\/www.cgt-lkn.org\/wp-content\/uploads\/2022\/02\/comic-La-NO-Reforma-Laboral-CGT-4.jpg\" alt=\"\" width=\"744\" height=\"1052\" \/><\/a><\/p>\n<p><a href=\"https:\/\/www.cgt-lkn.org\/afiliar\/public\/#!\/\"><img loading=\"lazy\" decoding=\"async\" class=\"aligncenter wp-image-20757 size-full\" src=\"https:\/\/www.cgt-lkn.org\/wp-content\/uploads\/2020\/12\/Afiliate-Adif-Renfe-CGT.png\" alt=\"\" width=\"267\" height=\"189\" \/><\/a><\/p>\n<p style=\"text-align: center\"><strong><a href=\"https:\/\/www.cgt-lkn.org\/afiliar\/public\/#!\/\">AF\u00cdLIATE!!<\/a><\/strong><\/p>\n","protected":false},"excerpt":{"rendered":"<p>Hemos querido plasmar de la forma m\u00e1s sencilla posible, sin recurrir a tecnicismos legales, <strong>lo que supone la nueva Reforma Laboral<\/strong> (y tambi\u00e9n lo que no), para ello el dibujante Carlos Azagra nos ha dibujado un c\u00f3mic que esperamos sea lo suficientemente ilustrativo.<\/p>\n","protected":false},"author":178,"featured_media":1175,"comment_status":"closed","ping_status":"closed","sticky":false,"template":"","format":"standard","meta":{"footnotes":"","_links_to":"","_links_to_target":""},"categories":[22,26],"tags":[128,126,127,68,125],"class_list":["post-1174","post","type-post","status-publish","format-standard","has-post-thumbnail","hentry","category-castellano","category-comunicados","tag-boletin-juridico","tag-comic","tag-guia","tag-leyes","tag-reforma-laboral"],"publishpress_future_action":{"enabled":false,"date":"2026-05-07 04:44:09","action":"change-status","newStatus":"draft","terms":[],"taxonomy":"category","extraData":[]},"publishpress_future_workflow_manual_trigger":{"enabledWorkflows":[]},"_links":{"self":[{"href":"https:\/\/www.cgt-lkn.org\/bizkaia-hezkuntza\/index.php?rest_route=\/wp\/v2\/posts\/1174","targetHints":{"allow":["GET"]}}],"collection":[{"href":"https:\/\/www.cgt-lkn.org\/bizkaia-hezkuntza\/index.php?rest_route=\/wp\/v2\/posts"}],"about":[{"href":"https:\/\/www.cgt-lkn.org\/bizkaia-hezkuntza\/index.php?rest_route=\/wp\/v2\/types\/post"}],"author":[{"embeddable":true,"href":"https:\/\/www.cgt-lkn.org\/bizkaia-hezkuntza\/index.php?rest_route=\/wp\/v2\/users\/178"}],"replies":[{"embeddable":true,"href":"https:\/\/www.cgt-lkn.org\/bizkaia-hezkuntza\/index.php?rest_route=%2Fwp%2Fv2%2Fcomments&post=1174"}],"version-history":[{"count":1,"href":"https:\/\/www.cgt-lkn.org\/bizkaia-hezkuntza\/index.php?rest_route=\/wp\/v2\/posts\/1174\/revisions"}],"predecessor-version":[{"id":1176,"href":"https:\/\/www.cgt-lkn.org\/bizkaia-hezkuntza\/index.php?rest_route=\/wp\/v2\/posts\/1174\/revisions\/1176"}],"wp:featuredmedia":[{"embeddable":true,"href":"https:\/\/www.cgt-lkn.org\/bizkaia-hezkuntza\/index.php?rest_route=\/wp\/v2\/media\/1175"}],"wp:attachment":[{"href":"https:\/\/www.cgt-lkn.org\/bizkaia-hezkuntza\/index.php?rest_route=%2Fwp%2Fv2%2Fmedia&parent=1174"}],"wp:term":[{"taxonomy":"category","embeddable":true,"href":"https:\/\/www.cgt-lkn.org\/bizkaia-hezkuntza\/index.php?rest_route=%2Fwp%2Fv2%2Fcategories&post=1174"},{"taxonomy":"post_tag","embeddable":true,"href":"https:\/\/www.cgt-lkn.org\/bizkaia-hezkuntza\/index.php?rest_route=%2Fwp%2Fv2%2Ftags&post=1174"}],"curies":[{"name":"wp","href":"https:\/\/api.w.org\/{rel}","templated":true}]}}