{"id":1151,"date":"2022-01-26T18:28:01","date_gmt":"2022-01-26T17:28:01","guid":{"rendered":"https:\/\/www.cgt-lkn.org\/bizkaia\/hezkuntza\/?p=1151"},"modified":"2022-03-26T19:33:42","modified_gmt":"2022-03-26T18:33:42","slug":"medidas-de-conciliacion-para-el-cuidado-de-menores-y-dependientes-confinads","status":"publish","type":"post","link":"https:\/\/www.cgt-lkn.org\/bizkaia-hezkuntza\/?p=1151","title":{"rendered":"Medidas de conciliaci\u00f3n para el cuidado de menores y dependientes confinad@s"},"content":{"rendered":"<p>El gobierno vasco y l@s responsables del Departamento de Sanidad han decidido que aquell@s personas que han dado positivo por COVID 19 o siendo contactos estrechos de un positivo no hayan cumplido la pauta de vacunaci\u00f3n sean confinad@s&#8230;incluid@s l@s menores y personas dependientes. Esto genera un grav\u00edsimo problema de conciliaci\u00f3n a tod@s l@s trabajador@s que teniendo alg\u00fan menor confinad@ a su cargo, y no haber dado ell@s positivo y tener la vacunaci\u00f3n al d\u00eda son obligad@s a acudir al trabajo.<\/p>\n<p>La \u00fanica alternativa (cuando es posible) es solicitar \u00abd\u00edas de asuntos propios\u00bb (que por ejemplo en Educaci\u00f3n suponen la p\u00e9rdida de salario) para cuidar de l@s confinad@s. Afortunadamente l@s sanitari@s son m\u00e1s solidari@s y human@s que \u00abnuestros\u00bb gobernantes y empresariado, y en estas situaciones est\u00e1n facilitando la obtenci\u00f3n de bajas laborales. Pero no tod@s l@s m\u00e9dicos lo hacen y no siempre la Inspecci\u00f3n M\u00e9dica lo aprueba!<\/p>\n<p>Desde la secci\u00f3n sindical de Hezkuntza de CGT-LKN de Bizkaia exigimos que cuando un@ trabajador@ se vea obligad@ a cuidar de una persona confinad@ autom\u00e1ticamente se le conceda una \u00abexenci\u00f3n laboral\u00bb equiparable a todos los efectos a una \u00abbaja por enfermedad laboral\u00bb, sin p\u00e9rdida alguna de salario ni perjuicios de ning\u00fan otro tipo. Y demandamos tambi\u00e9n la necesaria implantaci\u00f3n de otras medidas de conciliaci\u00f3n.<\/p>\n<p>Otra cuesti\u00f3n denunciable es que cuando llevamos casi dos a\u00f1os de pandemia el Departamento de Educaci\u00f3n vasco es el \u00fanico organismo que nos exige recoger en el ambulatorio el parte de baja en papel y entregarlo as\u00ed mismo en el centro de trabajo (el resto lo hacen de forma telem\u00e1tica).<\/p>\n<p>No es aceptable que l@s trabajador@s paguemos el coste econ\u00f3mico de la mala gesti\u00f3n, la inhumanidad y los continuados recortes en materia social, sanitaria y laboral\u00a0 del gobierno y la patronal. Y desde luego lo vamos a combatir! Para empezar vamos a presentar una queja ante el Departamento de Educaci\u00f3n.<\/p>\n<p><strong>\u00a0<\/strong><strong>Secci\u00f3n sindical de Hezkuntza de CGT-LKN de Bizkaia<\/strong><\/p>\n<p><a href=\"https:\/\/www.facebook.com\/xabi.agirre.395\" target=\"_blank\" rel=\"noopener\"><img decoding=\"async\" class=\"aligncenter\" src=\"https:\/\/www.cgt-lkn.org\/wp-content\/uploads\/sites\/19\/2020\/11\/telegram-CGT-Hezkuntza-300x219.jpg\" \/><\/a><\/p>\n<p><a href=\"https:\/\/www.facebook.com\/xabi.agirre.395\" target=\"_blank\" rel=\"noopener\"><img decoding=\"async\" class=\"aligncenter\" src=\"https:\/\/www.cgt-lkn.org\/wp-content\/uploads\/sites\/19\/2020\/05\/facebook-300x106.png\" \/><\/a><\/p>\n<p><a href=\"https:\/\/www.cgt-lkn.org\/afiliar\/public\/#!\/\"><img loading=\"lazy\" decoding=\"async\" class=\"aligncenter wp-image-692 size-full\" src=\"https:\/\/www.cgt-lkn.org\/wp-content\/uploads\/sites\/19\/2020\/06\/Vacunate-afiliate-a-CGT.jpg\" alt=\"\" width=\"268\" height=\"188\" srcset=\"https:\/\/www.cgt-lkn.org\/bizkaia-hezkuntza\/wp-content\/uploads\/sites\/19\/2020\/06\/Vacunate-afiliate-a-CGT.jpg 268w, https:\/\/www.cgt-lkn.org\/bizkaia-hezkuntza\/wp-content\/uploads\/sites\/19\/2020\/06\/Vacunate-afiliate-a-CGT-150x105.jpg 150w\" sizes=\"auto, (max-width: 268px) 100vw, 268px\" \/><\/a><\/p>\n<p>&nbsp;<\/p>\n","protected":false},"excerpt":{"rendered":"<p>El gobierno vasco y l@s responsables del Departamento de Sanidad han decidido que aquell@s personas que han dado positivo por<\/p>\n","protected":false},"author":178,"featured_media":1149,"comment_status":"closed","ping_status":"closed","sticky":false,"template":"","format":"standard","meta":{"footnotes":"","_links_to":"","_links_to_target":""},"categories":[22,4,1],"tags":[38,44],"class_list":["post-1151","post","type-post","status-publish","format-standard","has-post-thumbnail","hentry","category-castellano","category-irakasleak","category-sin-categoria","tag-comunicado","tag-conciliacion"],"publishpress_future_action":{"enabled":false,"date":"2026-05-07 04:10:36","action":"change-status","newStatus":"draft","terms":[],"taxonomy":"category","extraData":[]},"publishpress_future_workflow_manual_trigger":{"enabledWorkflows":[]},"_links":{"self":[{"href":"https:\/\/www.cgt-lkn.org\/bizkaia-hezkuntza\/index.php?rest_route=\/wp\/v2\/posts\/1151","targetHints":{"allow":["GET"]}}],"collection":[{"href":"https:\/\/www.cgt-lkn.org\/bizkaia-hezkuntza\/index.php?rest_route=\/wp\/v2\/posts"}],"about":[{"href":"https:\/\/www.cgt-lkn.org\/bizkaia-hezkuntza\/index.php?rest_route=\/wp\/v2\/types\/post"}],"author":[{"embeddable":true,"href":"https:\/\/www.cgt-lkn.org\/bizkaia-hezkuntza\/index.php?rest_route=\/wp\/v2\/users\/178"}],"replies":[{"embeddable":true,"href":"https:\/\/www.cgt-lkn.org\/bizkaia-hezkuntza\/index.php?rest_route=%2Fwp%2Fv2%2Fcomments&post=1151"}],"version-history":[{"count":2,"href":"https:\/\/www.cgt-lkn.org\/bizkaia-hezkuntza\/index.php?rest_route=\/wp\/v2\/posts\/1151\/revisions"}],"predecessor-version":[{"id":1153,"href":"https:\/\/www.cgt-lkn.org\/bizkaia-hezkuntza\/index.php?rest_route=\/wp\/v2\/posts\/1151\/revisions\/1153"}],"wp:featuredmedia":[{"embeddable":true,"href":"https:\/\/www.cgt-lkn.org\/bizkaia-hezkuntza\/index.php?rest_route=\/wp\/v2\/media\/1149"}],"wp:attachment":[{"href":"https:\/\/www.cgt-lkn.org\/bizkaia-hezkuntza\/index.php?rest_route=%2Fwp%2Fv2%2Fmedia&parent=1151"}],"wp:term":[{"taxonomy":"category","embeddable":true,"href":"https:\/\/www.cgt-lkn.org\/bizkaia-hezkuntza\/index.php?rest_route=%2Fwp%2Fv2%2Fcategories&post=1151"},{"taxonomy":"post_tag","embeddable":true,"href":"https:\/\/www.cgt-lkn.org\/bizkaia-hezkuntza\/index.php?rest_route=%2Fwp%2Fv2%2Ftags&post=1151"}],"curies":[{"name":"wp","href":"https:\/\/api.w.org\/{rel}","templated":true}]}}