{"id":1135,"date":"2021-12-03T08:56:09","date_gmt":"2021-12-03T07:56:09","guid":{"rendered":"https:\/\/www.cgt-lkn.org\/bizkaia\/hezkuntza\/?p=1135"},"modified":"2024-04-16T19:34:51","modified_gmt":"2024-04-16T17:34:51","slug":"la-salud-mental-y-la-escuela","status":"publish","type":"post","link":"https:\/\/www.cgt-lkn.org\/bizkaia-hezkuntza\/?p=1135","title":{"rendered":"La salud mental y la escuela"},"content":{"rendered":"<p><img loading=\"lazy\" decoding=\"async\" class=\" wp-image-1136 alignright\" src=\"https:\/\/www.cgt-lkn.org\/wp-content\/uploads\/sites\/19\/2021\/12\/La-salud-mental-y-la-escuela-CGT.png\" alt=\"\" width=\"311\" height=\"311\" srcset=\"https:\/\/www.cgt-lkn.org\/bizkaia-hezkuntza\/wp-content\/uploads\/sites\/19\/2021\/12\/La-salud-mental-y-la-escuela-CGT.png 600w, https:\/\/www.cgt-lkn.org\/bizkaia-hezkuntza\/wp-content\/uploads\/sites\/19\/2021\/12\/La-salud-mental-y-la-escuela-CGT-300x300.png 300w, https:\/\/www.cgt-lkn.org\/bizkaia-hezkuntza\/wp-content\/uploads\/sites\/19\/2021\/12\/La-salud-mental-y-la-escuela-CGT-150x150.png 150w\" sizes=\"auto, (max-width: 311px) 100vw, 311px\" \/>Carecemos de datos precisos, pero la realidad de las escuelas y la informaci\u00f3n transmitida por quienes ejercen la Orientaci\u00f3n en las mismas apunta inequ\u00edvocamente a un\u00a0<strong>agravamiento de patolog\u00edas ya existentes<\/strong>\u00a0y a la\u00a0<strong>aparici\u00f3n de otras<\/strong>\u00a0en quienes no las padec\u00edan.<\/p>\n<p>Un tema tab\u00fa hasta hace muy poco,\u00a0<strong>el suicidio<\/strong>\u00a0\u2014consumado o su intento\u2014, no escapa de esta problem\u00e1tica m\u00e1s amplia. En Espa\u00f1a, 7 millones de personas (un 15% de la poblaci\u00f3n) han pensado en suicidarse en el \u00faltimo a\u00f1o. El n\u00famero de suicidios consumados ha crecido un 7,4%: 3941, m\u00e1s de 10 diarios. Hablamos de una cifra 2,7 veces mayor que la de muertes en accidentes de tr\u00e1fico (1463) y que multiplica por 87 las causadas por las violencias machistas (45).<\/p>\n<p>A menudo, por prejuicios o falta de medios, muchas muertes acaban registr\u00e1ndose como accidentes o paros cardiacos cuando, en realidad, se trata de suicidios. Sigue siendo un estigma. En el fondo, estamos ante\u00a0<strong>alguien que sufre y no recibe la ayuda necesaria<\/strong>.<\/p>\n<p>En los colegios e institutos crecen: el estr\u00e9s, la ansiedad, la frustraci\u00f3n, la sensaci\u00f3n de vulnerabilidad, los cuadros depresivos, las autolesiones\u2026 Todo aderezado con: la incertidumbre, la precariedad en muchas familias, la falta de interacci\u00f3n social directa durante meses, el ciberacoso o la muerte de seres cercanos.<\/p>\n<p>Entretanto, seguimos padeciendo\u00a0<a href=\"http:\/\/cgtaeducacion.org\/fase-cgt-muestra-su-apoyo-al-colectivo-orienta-por-la-publica\/\" target=\"_blank\" rel=\"noopener noreferrer\">la secular falta de personal de Orientaci\u00f3n<\/a>: profesionales que trabajan con ratios imposibles para poder realizar su labor de la mejor manera. El sistema sanitario p\u00fablico cada vez hace m\u00e1s aguas, con una atenci\u00f3n primaria saturada y un d\u00e9ficit insondable de psic\u00f3logos y psiquiatras. Quienes precisan de salud mental se encuentran en listas de espera largu\u00edsimas, con citas muy espaciadas y unas consultas privadas inasumibles econ\u00f3micamente. Con este panorama, ahora m\u00e1s que nunca, hacen falta recursos para paliar ese sufrimiento. Por eso insistimos en la\u00a0<strong>necesidad de aumentar de manera inmediata las plantillas de Orientaci\u00f3n, as\u00ed como dotar de personal sanitario y trabajadores\/educadores sociales a los centros educativos<\/strong>. Los programas de h\u00e1bitos de vida saludable deben contemplar tambi\u00e9n esta nueva y dolorosa realidad. Alguien tiene que ayudar a gestionar las emociones, especialmente al alumnado adolescente.<\/p>\n<h3><strong>Prevenci\u00f3n vs duelo<\/strong><\/h3>\n<p>A riesgo de que nos tachen de alarmistas, los gobiernos deben aportar recursos ya. Esa es la mejor prevenci\u00f3n. Ya no vale aquello de \u00abde lo que no se habla no existe\u00bb. Tampoco servir\u00eda lamentarse\u00a0<em>a posteriori:<\/em>\u00a0ser\u00eda, como m\u00ednimo, irresponsable.\u00a0<strong>No podemos esperar a que salte a los medios un caso\u00a0<\/strong>y darnos golpes de pecho.<\/p>\n<p>Recordemos adem\u00e1s que una tragedia de este tipo vendr\u00eda acompa\u00f1ada de la impotencia y el sentimiento de culpa de la familia, las amistades y el profesorado de la persona fallecida.<\/p>\n<p>Antes de llegar a un punto de no retorno, hay que poner encima de la mesa\u00a0<strong>soluciones y medios acordes al problema<\/strong>. No queremos tiritas sino profesionales.<\/p>\n","protected":false},"excerpt":{"rendered":"<p>En los centros educativos, con la pandemia, se ha puesto de manifiesto la\u00a0<strong>multiplicaci\u00f3n de los casos relacionados con la salud mental<\/strong>. Ese aumento se ha traducido en: m\u00e1s consultas, diagn\u00f3sticos, derivaciones a terapeutas y tratamientos.<\/p>\n","protected":false},"author":178,"featured_media":0,"comment_status":"closed","ping_status":"closed","sticky":false,"template":"","format":"standard","meta":{"footnotes":"","_links_to":"","_links_to_target":""},"categories":[18,22,5,4,24],"tags":[41,118,119],"class_list":["post-1135","post","type-post","status-publish","format-standard","hentry","category-beriak","category-castellano","category-ikasleak","category-irakasleak","category-osasuna","tag-osasuna","tag-salud-mental","tag-suicidio"],"publishpress_future_action":{"enabled":false,"date":"2026-05-07 04:44:37","action":"change-status","newStatus":"draft","terms":[],"taxonomy":"category","extraData":[]},"publishpress_future_workflow_manual_trigger":{"enabledWorkflows":[]},"_links":{"self":[{"href":"https:\/\/www.cgt-lkn.org\/bizkaia-hezkuntza\/index.php?rest_route=\/wp\/v2\/posts\/1135","targetHints":{"allow":["GET"]}}],"collection":[{"href":"https:\/\/www.cgt-lkn.org\/bizkaia-hezkuntza\/index.php?rest_route=\/wp\/v2\/posts"}],"about":[{"href":"https:\/\/www.cgt-lkn.org\/bizkaia-hezkuntza\/index.php?rest_route=\/wp\/v2\/types\/post"}],"author":[{"embeddable":true,"href":"https:\/\/www.cgt-lkn.org\/bizkaia-hezkuntza\/index.php?rest_route=\/wp\/v2\/users\/178"}],"replies":[{"embeddable":true,"href":"https:\/\/www.cgt-lkn.org\/bizkaia-hezkuntza\/index.php?rest_route=%2Fwp%2Fv2%2Fcomments&post=1135"}],"version-history":[{"count":2,"href":"https:\/\/www.cgt-lkn.org\/bizkaia-hezkuntza\/index.php?rest_route=\/wp\/v2\/posts\/1135\/revisions"}],"predecessor-version":[{"id":1138,"href":"https:\/\/www.cgt-lkn.org\/bizkaia-hezkuntza\/index.php?rest_route=\/wp\/v2\/posts\/1135\/revisions\/1138"}],"wp:attachment":[{"href":"https:\/\/www.cgt-lkn.org\/bizkaia-hezkuntza\/index.php?rest_route=%2Fwp%2Fv2%2Fmedia&parent=1135"}],"wp:term":[{"taxonomy":"category","embeddable":true,"href":"https:\/\/www.cgt-lkn.org\/bizkaia-hezkuntza\/index.php?rest_route=%2Fwp%2Fv2%2Fcategories&post=1135"},{"taxonomy":"post_tag","embeddable":true,"href":"https:\/\/www.cgt-lkn.org\/bizkaia-hezkuntza\/index.php?rest_route=%2Fwp%2Fv2%2Ftags&post=1135"}],"curies":[{"name":"wp","href":"https:\/\/api.w.org\/{rel}","templated":true}]}}