{"id":1107,"date":"2021-06-20T21:33:49","date_gmt":"2021-06-20T19:33:49","guid":{"rendered":"https:\/\/www.cgt-lkn.org\/bizkaia\/hezkuntza\/?p=1107"},"modified":"2021-06-15T21:35:46","modified_gmt":"2021-06-15T19:35:46","slug":"cgt-ensenanza-presenta-un-informe-sobre-la-segregacion-e-ineficiencia-de-la-educacion-privada-y-concertada","status":"publish","type":"post","link":"https:\/\/www.cgt-lkn.org\/bizkaia-hezkuntza\/?p=1107","title":{"rendered":"CGT Ense\u00f1anza presenta un informe sobre la segregaci\u00f3n e ineficiencia de la educaci\u00f3n privada y concertada"},"content":{"rendered":"<p align=\"justify\"><span class=\"letracapital\">E<\/span>ste martes el sindicato CGT-Ense\u00f1anza ha presentado su informe sobre la situaci\u00f3n de la renovaci\u00f3n de los conciertos educativos. Bajo el t\u00edtulo \u2018La Educaci\u00f3n Secundaria en Zaragoza: subvencionando el privilegio\u2019, representantes del sindicato se\u00f1alan que esta investigaci\u00f3n \u201cviene a corroborar los anteriores informes presentados por la organizaci\u00f3n\u201d, que definen la educaci\u00f3n concertada en Zaragoza como un modelo \u201csegregador, ineficiente en cuanto al gasto p\u00fablico y, en el caso de la ciudad de Zaragoza, de car\u00e1cter elitista\u201d.<\/p>\n<p align=\"justify\">El dossier presentado por el segundo sindicato en representaci\u00f3n en Mesa sectorial se\u00f1ala algunas de las caracter\u00edsticas del modelo de educaci\u00f3n concertada en la ciudad de Zaragoza, definido seg\u00fan Gustavo Alares, delegado sindical por \u201cun absoluto predominio de la iglesia cat\u00f3lica, un porcentaje de escolarizaci\u00f3n en centros concertados casi el doble a la media nacional y una escasa corresponsabilidad, puesta de manifiesto en la segregaci\u00f3n hacia el alumnado ACNEAE\u201d.<\/p>\n<p align=\"justify\">Es precisamente el car\u00e1cter elitista uno de los aspectos que m\u00e1s llama la atenci\u00f3n en el\u00a0<a href=\"https:\/\/www.cgtaragonlarioja.org\/fedens\/files\/2021\/05\/Informe-2021-Educacion-Secundaria-en-Zaragoza.pdf\">informe<\/a>\u00a0seg\u00fan los miembros del sindicato ya que \u201cevidencia la desigualdad socioecon\u00f3mica que afecta a nuestra ciudad, puesto que la red de centros privados-concertados se concentra especialmente en las zonas m\u00e1s pr\u00f3speras de la ciudad y con unas rentas por hogar m\u00e1s elevadas\u201d, lo que pone de manifiesto un aspecto que lleva reivindicando CGT-Ense\u00f1anza desde siempre \u201cla escuela p\u00fablica es la \u00fanica que garantiza la escolarizaci\u00f3n en todo el territorio en igualdad y equidad\u201d.<\/p>\n<p align=\"justify\">Por \u00faltimo, desde el sindicato mostraron su preocupaci\u00f3n por el incumplimiento de los compromisos del ejecutivo de Javier Lamb\u00e1n, puesto que deber\u00eda de \u201ctomar medidas efectivas que garanticen la igualdad del sistema educativo y una gesti\u00f3n eficiente de los recursos p\u00fablicos\u201d, ya que \u201cdespu\u00e9s de seis a\u00f1os de gobierno socialista ha habido tiempo m\u00e1s que suficiente para haber revertido las pol\u00edticas de recortes del Partido Popular\u201d.<\/p>\n","protected":false},"excerpt":{"rendered":"<p>Bajo el t\u00edtulo \u2018La Educaci\u00f3n Secundaria en Zaragoza: subvencionando el privilegio\u2019, representantes del sindicato se\u00f1alan que esta investigaci\u00f3n corrobora que la educaci\u00f3n concertada en Zaragoza es un modelo \u201csegregador, ineficiente en cuanto al gasto p\u00fablico y, en el caso de la ciudad de Zaragoza, de car\u00e1cter elitista\u201d<\/p>\n","protected":false},"author":6,"featured_media":565,"comment_status":"closed","ping_status":"closed","sticky":false,"template":"","format":"standard","meta":{"footnotes":"","_links_to":"","_links_to_target":""},"categories":[18,22,21],"tags":[113,40],"class_list":["post-1107","post","type-post","status-publish","format-standard","has-post-thumbnail","hentry","category-beriak","category-castellano","category-idioma-hizkuntza","tag-federacion-ensenanza","tag-hezkuntza"],"publishpress_future_action":{"enabled":false,"date":"2026-05-07 04:44:04","action":"change-status","newStatus":"draft","terms":[],"taxonomy":"category","extraData":[]},"publishpress_future_workflow_manual_trigger":{"enabledWorkflows":[]},"_links":{"self":[{"href":"https:\/\/www.cgt-lkn.org\/bizkaia-hezkuntza\/index.php?rest_route=\/wp\/v2\/posts\/1107","targetHints":{"allow":["GET"]}}],"collection":[{"href":"https:\/\/www.cgt-lkn.org\/bizkaia-hezkuntza\/index.php?rest_route=\/wp\/v2\/posts"}],"about":[{"href":"https:\/\/www.cgt-lkn.org\/bizkaia-hezkuntza\/index.php?rest_route=\/wp\/v2\/types\/post"}],"author":[{"embeddable":true,"href":"https:\/\/www.cgt-lkn.org\/bizkaia-hezkuntza\/index.php?rest_route=\/wp\/v2\/users\/6"}],"replies":[{"embeddable":true,"href":"https:\/\/www.cgt-lkn.org\/bizkaia-hezkuntza\/index.php?rest_route=%2Fwp%2Fv2%2Fcomments&post=1107"}],"version-history":[{"count":1,"href":"https:\/\/www.cgt-lkn.org\/bizkaia-hezkuntza\/index.php?rest_route=\/wp\/v2\/posts\/1107\/revisions"}],"predecessor-version":[{"id":1108,"href":"https:\/\/www.cgt-lkn.org\/bizkaia-hezkuntza\/index.php?rest_route=\/wp\/v2\/posts\/1107\/revisions\/1108"}],"wp:featuredmedia":[{"embeddable":true,"href":"https:\/\/www.cgt-lkn.org\/bizkaia-hezkuntza\/index.php?rest_route=\/wp\/v2\/media\/565"}],"wp:attachment":[{"href":"https:\/\/www.cgt-lkn.org\/bizkaia-hezkuntza\/index.php?rest_route=%2Fwp%2Fv2%2Fmedia&parent=1107"}],"wp:term":[{"taxonomy":"category","embeddable":true,"href":"https:\/\/www.cgt-lkn.org\/bizkaia-hezkuntza\/index.php?rest_route=%2Fwp%2Fv2%2Fcategories&post=1107"},{"taxonomy":"post_tag","embeddable":true,"href":"https:\/\/www.cgt-lkn.org\/bizkaia-hezkuntza\/index.php?rest_route=%2Fwp%2Fv2%2Ftags&post=1107"}],"curies":[{"name":"wp","href":"https:\/\/api.w.org\/{rel}","templated":true}]}}