{"id":1085,"date":"2021-05-26T17:58:14","date_gmt":"2021-05-26T15:58:14","guid":{"rendered":"https:\/\/www.cgt-lkn.org\/bizkaia\/hezkuntza\/?p=1085"},"modified":"2022-01-03T19:43:56","modified_gmt":"2022-01-03T18:43:56","slug":"departamento-educacion-gobierno-vasco-la-misma-mierda-de-siempre","status":"publish","type":"post","link":"https:\/\/www.cgt-lkn.org\/bizkaia-hezkuntza\/?p=1085","title":{"rendered":"Eusko Jaurlaritzako Hezkuntza Saila: Betiko kaka berdina.\/ Departamento educaci\u00f3n Gobierno Vasco: La misma mierda de siempre"},"content":{"rendered":"<p>Pandemiaren eta azken bi ikasturtetako langileon ahalegin itzelaren harira, Hezkuntza Sailak hurrengo bi ikasturtetan langile interino guztiei lanpostuan finkatzeko aukera emango ziela hitz eman zuen&#8230;. baina orain atzera egiten du eta Lehen Hezkuntzarako soilik emango du aukera hori!<\/p>\n<p><strong>Euskal Hezkuntza Sailaren azken traizioaren<\/strong> eta kudeaketa eredu bezela langileon arteko zatiketaren zein aldibaterakotasunaren aldeko apostua zabaltzen lagunduiguzu&#8230;langileoi ezezik zuzenean hezkuntza publikoaren kalitateari eragiten dietelako!<\/p>\n<p>Al hilo de la pandemia y el sobresfuerzo de estos dos cursos el Departamento de Educaci\u00f3n prometi\u00f3 fijar en el mismo puesto de trabajo durante dos cursos a todo el profesorado interino&#8230;pero ahora recula y solo lo har\u00e1 con el profesorado de Primaria!<\/p>\n<p><strong>Ayudadnos a difundir esta en\u00e9sima traici\u00f3<\/strong>n del Departamento de Educaci\u00f3n vasco y su continua apuesta por la temporalidad y la divisi\u00f3n de l@s trabajador@s como estrategia de gesti\u00f3n que adem\u00e1s de afectarnos a l@s emplead@s afecta directamente a la calidad de la ense\u00f1anza p\u00fablica!<\/p>\n<p>&nbsp;<\/p>\n<p><a href=\"https:\/\/www.cgt-lkn.org\/wp-content\/uploads\/sites\/19\/2021\/05\/hitz-politekin-eta-datorekinbildutako-betiko-kaka-berdina-da-CGT.jpg\"><img loading=\"lazy\" decoding=\"async\" class=\"aligncenter size-full wp-image-1086\" src=\"https:\/\/www.cgt-lkn.org\/wp-content\/uploads\/sites\/19\/2021\/05\/hitz-politekin-eta-datorekinbildutako-betiko-kaka-berdina-da-CGT.jpg\" alt=\"\" width=\"600\" height=\"408\" srcset=\"https:\/\/www.cgt-lkn.org\/bizkaia-hezkuntza\/wp-content\/uploads\/sites\/19\/2021\/05\/hitz-politekin-eta-datorekinbildutako-betiko-kaka-berdina-da-CGT.jpg 600w, https:\/\/www.cgt-lkn.org\/bizkaia-hezkuntza\/wp-content\/uploads\/sites\/19\/2021\/05\/hitz-politekin-eta-datorekinbildutako-betiko-kaka-berdina-da-CGT-300x204.jpg 300w\" sizes=\"auto, (max-width: 600px) 100vw, 600px\" \/><\/a> <a href=\"https:\/\/www.cgt-lkn.org\/wp-content\/uploads\/sites\/19\/2021\/05\/la-misma-mierda-de-siempre-departamento-educacion-Gobierno-Vasco-CGT.jpg\"><img loading=\"lazy\" decoding=\"async\" class=\"aligncenter size-full wp-image-1087\" src=\"https:\/\/www.cgt-lkn.org\/wp-content\/uploads\/sites\/19\/2021\/05\/la-misma-mierda-de-siempre-departamento-educacion-Gobierno-Vasco-CGT.jpg\" alt=\"\" width=\"600\" height=\"408\" srcset=\"https:\/\/www.cgt-lkn.org\/bizkaia-hezkuntza\/wp-content\/uploads\/sites\/19\/2021\/05\/la-misma-mierda-de-siempre-departamento-educacion-Gobierno-Vasco-CGT.jpg 600w, https:\/\/www.cgt-lkn.org\/bizkaia-hezkuntza\/wp-content\/uploads\/sites\/19\/2021\/05\/la-misma-mierda-de-siempre-departamento-educacion-Gobierno-Vasco-CGT-300x204.jpg 300w\" sizes=\"auto, (max-width: 600px) 100vw, 600px\" \/><\/a> <a href=\"https:\/\/www.cgt-lkn.org\/wp-content\/uploads\/sites\/19\/2021\/05\/epe-luzeko-irakasle-interinoak-CGT.jpg\"><img loading=\"lazy\" decoding=\"async\" class=\"aligncenter size-full wp-image-1088\" src=\"https:\/\/www.cgt-lkn.org\/wp-content\/uploads\/sites\/19\/2021\/05\/epe-luzeko-irakasle-interinoak-CGT.jpg\" alt=\"\" width=\"630\" height=\"595\" srcset=\"https:\/\/www.cgt-lkn.org\/bizkaia-hezkuntza\/wp-content\/uploads\/sites\/19\/2021\/05\/epe-luzeko-irakasle-interinoak-CGT.jpg 630w, https:\/\/www.cgt-lkn.org\/bizkaia-hezkuntza\/wp-content\/uploads\/sites\/19\/2021\/05\/epe-luzeko-irakasle-interinoak-CGT-300x283.jpg 300w\" sizes=\"auto, (max-width: 630px) 100vw, 630px\" \/><\/a><\/p>\n","protected":false},"excerpt":{"rendered":"<p>Euskal Hezkuntza Saila eta aldibaterakotasunaren aldeko haren apostu jarraia .\/ El Departamento de Educaci\u00f3n vasco y su continua apuesta por la temporalidad<\/p>\n","protected":false},"author":178,"featured_media":1088,"comment_status":"closed","ping_status":"closed","sticky":false,"template":"","format":"standard","meta":{"footnotes":"","_links_to":"","_links_to_target":""},"categories":[27,22,23,21,62,4,1],"tags":[78,38,110,30,96,65],"class_list":["post-1085","post","type-post","status-publish","format-standard","has-post-thumbnail","hentry","category-argazkiak","category-castellano","category-euskera","category-idioma-hizkuntza","category-interinoak-interins","category-irakasleak","category-sin-categoria","tag-cgt-lkn-hezkuntza","tag-comunicado","tag-departamento-educacion","tag-irakasleak","tag-precariedad","tag-temporalidad"],"publishpress_future_action":{"enabled":false,"date":"2026-05-07 02:42:05","action":"change-status","newStatus":"draft","terms":[],"taxonomy":"category","extraData":[]},"publishpress_future_workflow_manual_trigger":{"enabledWorkflows":[]},"_links":{"self":[{"href":"https:\/\/www.cgt-lkn.org\/bizkaia-hezkuntza\/index.php?rest_route=\/wp\/v2\/posts\/1085","targetHints":{"allow":["GET"]}}],"collection":[{"href":"https:\/\/www.cgt-lkn.org\/bizkaia-hezkuntza\/index.php?rest_route=\/wp\/v2\/posts"}],"about":[{"href":"https:\/\/www.cgt-lkn.org\/bizkaia-hezkuntza\/index.php?rest_route=\/wp\/v2\/types\/post"}],"author":[{"embeddable":true,"href":"https:\/\/www.cgt-lkn.org\/bizkaia-hezkuntza\/index.php?rest_route=\/wp\/v2\/users\/178"}],"replies":[{"embeddable":true,"href":"https:\/\/www.cgt-lkn.org\/bizkaia-hezkuntza\/index.php?rest_route=%2Fwp%2Fv2%2Fcomments&post=1085"}],"version-history":[{"count":3,"href":"https:\/\/www.cgt-lkn.org\/bizkaia-hezkuntza\/index.php?rest_route=\/wp\/v2\/posts\/1085\/revisions"}],"predecessor-version":[{"id":1092,"href":"https:\/\/www.cgt-lkn.org\/bizkaia-hezkuntza\/index.php?rest_route=\/wp\/v2\/posts\/1085\/revisions\/1092"}],"wp:featuredmedia":[{"embeddable":true,"href":"https:\/\/www.cgt-lkn.org\/bizkaia-hezkuntza\/index.php?rest_route=\/wp\/v2\/media\/1088"}],"wp:attachment":[{"href":"https:\/\/www.cgt-lkn.org\/bizkaia-hezkuntza\/index.php?rest_route=%2Fwp%2Fv2%2Fmedia&parent=1085"}],"wp:term":[{"taxonomy":"category","embeddable":true,"href":"https:\/\/www.cgt-lkn.org\/bizkaia-hezkuntza\/index.php?rest_route=%2Fwp%2Fv2%2Fcategories&post=1085"},{"taxonomy":"post_tag","embeddable":true,"href":"https:\/\/www.cgt-lkn.org\/bizkaia-hezkuntza\/index.php?rest_route=%2Fwp%2Fv2%2Ftags&post=1085"}],"curies":[{"name":"wp","href":"https:\/\/api.w.org\/{rel}","templated":true}]}}