{"id":1064,"date":"2021-05-21T09:18:36","date_gmt":"2021-05-21T07:18:36","guid":{"rendered":"https:\/\/www.cgt-lkn.org\/bizkaia\/hezkuntza\/?p=1064"},"modified":"2021-06-10T21:29:23","modified_gmt":"2021-06-10T19:29:23","slug":"reducir-las-ratios-mejorar-la-educacion","status":"publish","type":"post","link":"https:\/\/www.cgt-lkn.org\/bizkaia-hezkuntza\/?p=1064","title":{"rendered":"Reducir las Ratios, mejorar la Educaci\u00f3n"},"content":{"rendered":"<p>Tal y como se ha dado a conocer a trav\u00e9s de los medios de comunicaci\u00f3n, el Gobierno de Espa\u00f1a y las Comunidades Aut\u00f3nomas han acordado volver a las ratios de alumnado por aula anteriores a la pandemia. Vuelven a primar los criterios econ\u00f3micos sobre las necesidades reales y las demandas de la comunidad educativa, as\u00ed como sobre las medidas sanitarias dictadas por las personas expertas y el sentido com\u00fan.<\/p>\n<p>Las ratios (la proporci\u00f3n de estudiantes por docente) establecidas durante este \u00faltimo a\u00f1o, si bien mejores que las de a\u00f1os precedentes, siguen siendo insuficientes, tanto en pandemia como sin ella. Pues hay que tener en cuenta que en los cursos anteriores (2018\/2019) la ratio de alumnado por grupo se situ\u00f3 en la CAV en una media de 19,2 en Educaci\u00f3n Primaria y de 22,4 en Educaci\u00f3n Secundaria, siendo estas cifras superiores en los centros privados, seg\u00fan datos del Eustat. Y es que por encima de m\u00e9todos pedag\u00f3gicos revolucionarios, de la digitalizaci\u00f3n o de la evaluaci\u00f3n por competencias, lo que asegura una educaci\u00f3n cercana, humana y de calidad, no es otra cosa que unas ratios dignas.<\/p>\n<p>La incorporaci\u00f3n de mayor n\u00famero de docentes y profesionales en el sistema educativo ha sido bien recibida en los centros de trabajo, si bien no ha llegado a todos, y ha ayudado en parte a paliar las consecuencias de la pandemia. El siguiente paso l\u00f3gico en la apuesta por una educaci\u00f3n de calidad ser\u00eda apuntalar esas mejoras en la educaci\u00f3n y, en la medida de lo posible, ampliarlas, pues han resultado efectivas a la par que necesarias.<\/p>\n<p>Ante esta p\u00e9rdida de recursos humanos, ante este retroceso en la calidad educativa, nuestro mensaje es claro: <strong>siempre y en cualquier contexto, bajemos las ratios, y que cada bajada sea apuntalada como un derecho conquistado para el alumnado.<\/strong><\/p>\n<p><a href=\"https:\/\/www.cgt-lkn.org\/wp-content\/uploads\/sites\/19\/2021\/05\/CNT-ensenanza-educacion-hezkuntza.jpg\"><img loading=\"lazy\" decoding=\"async\" class=\"wp-image-1076 alignleft\" src=\"https:\/\/www.cgt-lkn.org\/wp-content\/uploads\/sites\/19\/2021\/05\/CNT-ensenanza-educacion-hezkuntza.jpg\" alt=\"\" width=\"124\" height=\"113\" srcset=\"https:\/\/www.cgt-lkn.org\/bizkaia-hezkuntza\/wp-content\/uploads\/sites\/19\/2021\/05\/CNT-ensenanza-educacion-hezkuntza.jpg 600w, https:\/\/www.cgt-lkn.org\/bizkaia-hezkuntza\/wp-content\/uploads\/sites\/19\/2021\/05\/CNT-ensenanza-educacion-hezkuntza-300x275.jpg 300w\" sizes=\"auto, (max-width: 124px) 100vw, 124px\" \/><\/a><a href=\"https:\/\/www.cgt-lkn.org\/wp-content\/uploads\/sites\/19\/2020\/05\/hezkuntzako-sail-sindikala-CGT-LKN.jpg\"><img loading=\"lazy\" decoding=\"async\" class=\"wp-image-628 alignright\" src=\"https:\/\/www.cgt-lkn.org\/wp-content\/uploads\/sites\/19\/2020\/05\/hezkuntzako-sail-sindikala-CGT-LKN.jpg\" alt=\"\" width=\"153\" height=\"119\" srcset=\"https:\/\/www.cgt-lkn.org\/bizkaia-hezkuntza\/wp-content\/uploads\/sites\/19\/2020\/05\/hezkuntzako-sail-sindikala-CGT-LKN.jpg 600w, https:\/\/www.cgt-lkn.org\/bizkaia-hezkuntza\/wp-content\/uploads\/sites\/19\/2020\/05\/hezkuntzako-sail-sindikala-CGT-LKN-300x235.jpg 300w, https:\/\/www.cgt-lkn.org\/bizkaia-hezkuntza\/wp-content\/uploads\/sites\/19\/2020\/05\/hezkuntzako-sail-sindikala-CGT-LKN-150x117.jpg 150w, https:\/\/www.cgt-lkn.org\/bizkaia-hezkuntza\/wp-content\/uploads\/sites\/19\/2020\/05\/hezkuntzako-sail-sindikala-CGT-LKN-400x313.jpg 400w\" sizes=\"auto, (max-width: 153px) 100vw, 153px\" \/><\/a><\/p>\n<p><a href=\"https:\/\/www.facebook.com\/xabi.agirre.395\" target=\"_blank\" rel=\"noopener\"><img decoding=\"async\" class=\"aligncenter\" src=\"https:\/\/www.cgt-lkn.org\/wp-content\/uploads\/sites\/19\/2020\/11\/telegram-CGT-Hezkuntza-300x219.jpg\" \/><\/a><\/p>\n<p><a href=\"https:\/\/www.facebook.com\/xabi.agirre.395\" target=\"_blank\" rel=\"noopener\"><img decoding=\"async\" class=\"aligncenter\" src=\"https:\/\/www.cgt-lkn.org\/wp-content\/uploads\/sites\/19\/2020\/05\/facebook-300x106.png\" \/><\/a><\/p>\n<p><a href=\"https:\/\/www.cgt-lkn.org\/afiliar\/public\/#!\/\"><img loading=\"lazy\" decoding=\"async\" class=\"aligncenter wp-image-692 size-full\" src=\"https:\/\/www.cgt-lkn.org\/wp-content\/uploads\/sites\/19\/2020\/06\/Vacunate-afiliate-a-CGT.jpg\" alt=\"\" width=\"268\" height=\"188\" srcset=\"https:\/\/www.cgt-lkn.org\/bizkaia-hezkuntza\/wp-content\/uploads\/sites\/19\/2020\/06\/Vacunate-afiliate-a-CGT.jpg 268w, https:\/\/www.cgt-lkn.org\/bizkaia-hezkuntza\/wp-content\/uploads\/sites\/19\/2020\/06\/Vacunate-afiliate-a-CGT-150x105.jpg 150w\" sizes=\"auto, (max-width: 268px) 100vw, 268px\" \/><\/a><\/p>\n<p>&nbsp;<\/p>\n","protected":false},"excerpt":{"rendered":"<p>Ante esta p\u00e9rdida de recursos humanos, ante este retroceso en la calidad educativa, nuestro mensaje es claro: <strong>siempre y en cualquier contexto, bajemos las ratios, y que cada bajada sea apuntalada como un derecho conquistado para el alumnado<\/strong>.<\/p>\n","protected":false},"author":178,"featured_media":1065,"comment_status":"closed","ping_status":"closed","sticky":false,"template":"","format":"standard","meta":{"footnotes":"","_links_to":"","_links_to_target":""},"categories":[22,21,5,26,19],"tags":[38,30,69],"class_list":["post-1064","post","type-post","status-publish","format-standard","has-post-thumbnail","hentry","category-castellano","category-idioma-hizkuntza","category-ikasleak","category-comunicados","category-publika","tag-comunicado","tag-irakasleak","tag-ratio"],"publishpress_future_action":{"enabled":false,"date":"2026-05-07 03:55:45","action":"change-status","newStatus":"draft","terms":[],"taxonomy":"category","extraData":[]},"publishpress_future_workflow_manual_trigger":{"enabledWorkflows":[]},"_links":{"self":[{"href":"https:\/\/www.cgt-lkn.org\/bizkaia-hezkuntza\/index.php?rest_route=\/wp\/v2\/posts\/1064","targetHints":{"allow":["GET"]}}],"collection":[{"href":"https:\/\/www.cgt-lkn.org\/bizkaia-hezkuntza\/index.php?rest_route=\/wp\/v2\/posts"}],"about":[{"href":"https:\/\/www.cgt-lkn.org\/bizkaia-hezkuntza\/index.php?rest_route=\/wp\/v2\/types\/post"}],"author":[{"embeddable":true,"href":"https:\/\/www.cgt-lkn.org\/bizkaia-hezkuntza\/index.php?rest_route=\/wp\/v2\/users\/178"}],"replies":[{"embeddable":true,"href":"https:\/\/www.cgt-lkn.org\/bizkaia-hezkuntza\/index.php?rest_route=%2Fwp%2Fv2%2Fcomments&post=1064"}],"version-history":[{"count":6,"href":"https:\/\/www.cgt-lkn.org\/bizkaia-hezkuntza\/index.php?rest_route=\/wp\/v2\/posts\/1064\/revisions"}],"predecessor-version":[{"id":1078,"href":"https:\/\/www.cgt-lkn.org\/bizkaia-hezkuntza\/index.php?rest_route=\/wp\/v2\/posts\/1064\/revisions\/1078"}],"wp:featuredmedia":[{"embeddable":true,"href":"https:\/\/www.cgt-lkn.org\/bizkaia-hezkuntza\/index.php?rest_route=\/wp\/v2\/media\/1065"}],"wp:attachment":[{"href":"https:\/\/www.cgt-lkn.org\/bizkaia-hezkuntza\/index.php?rest_route=%2Fwp%2Fv2%2Fmedia&parent=1064"}],"wp:term":[{"taxonomy":"category","embeddable":true,"href":"https:\/\/www.cgt-lkn.org\/bizkaia-hezkuntza\/index.php?rest_route=%2Fwp%2Fv2%2Fcategories&post=1064"},{"taxonomy":"post_tag","embeddable":true,"href":"https:\/\/www.cgt-lkn.org\/bizkaia-hezkuntza\/index.php?rest_route=%2Fwp%2Fv2%2Ftags&post=1064"}],"curies":[{"name":"wp","href":"https:\/\/api.w.org\/{rel}","templated":true}]}}