{"id":1033,"date":"2021-03-26T21:26:35","date_gmt":"2021-03-26T20:26:35","guid":{"rendered":"https:\/\/www.cgt-lkn.org\/bizkaia\/hezkuntza\/?p=1033"},"modified":"2021-06-10T21:28:11","modified_gmt":"2021-06-10T19:28:11","slug":"aula-libre-cgt","status":"publish","type":"post","link":"https:\/\/www.cgt-lkn.org\/bizkaia-hezkuntza\/?p=1033","title":{"rendered":"Vuelve la revista Aula Libre, cargada de reflexiones educativas"},"content":{"rendered":"<p>La Revista Aula Libre, promovida por la Federaci\u00f3n de Ense\u00f1anza de la CGT, vuelve a reeditarse. El primer n\u00famero de esta nueva \u00e8poca acaba de salir en febrero de este a\u00f1o, cocin\u00e1ndose desde el comienzo de la pandemia del coronavirus. De igual modo, es fruto de la colaboraci\u00f3n de personas afiliadas en diferentes territorios del Estado espa\u00f1ol, concretamente en Andaluc\u00eda, Asturias, Canarias, Madrid y Catalunya, las cuales est\u00e1n relacionadas con la educaci\u00f3n de alg\u00fan modo (educaci\u00f3n p\u00fablica, escuelas libres, Universidad&#8230;).<\/p>\n<p>Por \u00faltimo, destacar que nuestra intenci\u00f3n, en l\u00edneas generales, es difundir las ideas que giran en torno a la pedagog\u00eda libertaria. De esta manera, a lo largo de estas p\u00e1ginas queremos hacer visible la pluralidad de experiencias y de perspectivas que forman parte del equipo de redacci\u00f3n y de las personas colaboradoras. De este modo, esperamos y deseamos saber transmitir todo un abanico de posibilidades que tengan el poder de enriquecer nuestra pr\u00e1ctica educativa diaria. Y no nos referimos solamente a un enriquecimiento como profesionales de la educaci\u00f3n, sino tambi\u00e9n a ser capaces de transferir esos conocimientos a todos los aspectos de nuestra vida. De esta manera, conseguiremos ser coherentes entre nuestro PENSAR, SENTIR y HACER, un aspecto clave para fomentar la TRANSFORMACI\u00d3N de nuestra sociedad en otra cada vez m\u00e1s libre, justa e igualitaria.<\/p>\n<p>La pod\u00e9is encontrar en formato papel y tambi\u00e9n en formato digital:<\/p>\n<p><a href=\"https:\/\/aulalibrefecgt.com\/\">https:\/\/aulalibrefecgt.com\/<\/a><\/p>\n<p>&nbsp;<\/p>\n","protected":false},"excerpt":{"rendered":"<p><span style=\"font-size: 10pt\">El proyecto empieza con ilusi\u00f3n, con una organizaci\u00f3n horizontal en la forma de trabajo y de toma de decisiones, y con flexibilidad en su enfoque de tal modo que pueda ir modific\u00e1ndose con el paso de los meses y los a\u00f1os sin perder la continuidad.<\/span><\/p>\n<p><span style=\"font-size: 10pt\">De igual modo, a lo largo de estas p\u00e1ginas queremos hacer visible la pluralidad de experiencias y de perspectivas que forman parte del equipo de redacci\u00f3n. De este modo, esperamos y deseamos saber transmitir todo un abanico de posibilidades que tengan el poder de enriquecer nuestra pr\u00e1ctica educativa diaria. Y no nos referimos solamente a un enriquecimiento como profesionales de la educaci\u00f3n, sino tambi\u00e9n a ser capaces de transferir esos conocimientos a todos los aspectos de nuestra vida. De esta manera, conseguiremos ser coherentes entre nuestro PENSAR, SENTIR y HACER, un aspecto clave para fomentar la TRANSFORMACI\u00d3N de nuestra sociedad en otra cada vez m\u00e1s libre, justa e igualitaria. Buena lectura.<\/span><\/p>\n","protected":false},"author":178,"featured_media":1034,"comment_status":"closed","ping_status":"open","sticky":false,"template":"","format":"standard","meta":{"footnotes":"","_links_to":"","_links_to_target":""},"categories":[20,18,22,21,1],"tags":[104,105,78],"class_list":["post-1033","post","type-post","status-publish","format-standard","has-post-thumbnail","hentry","category-aldizkaria","category-beriak","category-castellano","category-idioma-hizkuntza","category-sin-categoria","tag-aldizkaria","tag-aula-libre","tag-cgt-lkn-hezkuntza"],"publishpress_future_action":{"enabled":false,"date":"2026-05-07 03:56:51","action":"change-status","newStatus":"draft","terms":[],"taxonomy":"category","extraData":[]},"publishpress_future_workflow_manual_trigger":{"enabledWorkflows":[]},"_links":{"self":[{"href":"https:\/\/www.cgt-lkn.org\/bizkaia-hezkuntza\/index.php?rest_route=\/wp\/v2\/posts\/1033","targetHints":{"allow":["GET"]}}],"collection":[{"href":"https:\/\/www.cgt-lkn.org\/bizkaia-hezkuntza\/index.php?rest_route=\/wp\/v2\/posts"}],"about":[{"href":"https:\/\/www.cgt-lkn.org\/bizkaia-hezkuntza\/index.php?rest_route=\/wp\/v2\/types\/post"}],"author":[{"embeddable":true,"href":"https:\/\/www.cgt-lkn.org\/bizkaia-hezkuntza\/index.php?rest_route=\/wp\/v2\/users\/178"}],"replies":[{"embeddable":true,"href":"https:\/\/www.cgt-lkn.org\/bizkaia-hezkuntza\/index.php?rest_route=%2Fwp%2Fv2%2Fcomments&post=1033"}],"version-history":[{"count":2,"href":"https:\/\/www.cgt-lkn.org\/bizkaia-hezkuntza\/index.php?rest_route=\/wp\/v2\/posts\/1033\/revisions"}],"predecessor-version":[{"id":1036,"href":"https:\/\/www.cgt-lkn.org\/bizkaia-hezkuntza\/index.php?rest_route=\/wp\/v2\/posts\/1033\/revisions\/1036"}],"wp:featuredmedia":[{"embeddable":true,"href":"https:\/\/www.cgt-lkn.org\/bizkaia-hezkuntza\/index.php?rest_route=\/wp\/v2\/media\/1034"}],"wp:attachment":[{"href":"https:\/\/www.cgt-lkn.org\/bizkaia-hezkuntza\/index.php?rest_route=%2Fwp%2Fv2%2Fmedia&parent=1033"}],"wp:term":[{"taxonomy":"category","embeddable":true,"href":"https:\/\/www.cgt-lkn.org\/bizkaia-hezkuntza\/index.php?rest_route=%2Fwp%2Fv2%2Fcategories&post=1033"},{"taxonomy":"post_tag","embeddable":true,"href":"https:\/\/www.cgt-lkn.org\/bizkaia-hezkuntza\/index.php?rest_route=%2Fwp%2Fv2%2Ftags&post=1033"}],"curies":[{"name":"wp","href":"https:\/\/api.w.org\/{rel}","templated":true}]}}