{"id":9770,"date":"2025-05-19T09:07:02","date_gmt":"2025-05-19T07:07:02","guid":{"rendered":"https:\/\/www.cgt-lkn.org\/bizkaia\/gestamp\/?p=9770"},"modified":"2025-07-27T11:01:25","modified_gmt":"2025-07-27T09:01:25","slug":"coordinadora-del-auto-reunion-y-salon-del-auto","status":"publish","type":"post","link":"https:\/\/www.cgt-lkn.org\/bizkaia-gestamp\/2025\/05\/19\/coordinadora-del-auto-reunion-y-salon-del-auto\/","title":{"rendered":"COORDINADORA DEL AUTO (reuni\u00f3n y Sal\u00f3n del Auto)"},"content":{"rendered":"","protected":false},"excerpt":{"rendered":"<p>El fin de semana pasado la Coordinadora del Auto se ha reunido en Barcelona para reflexionar sobre la situaci\u00f3n actual del sector y posibles medidas futuras. Adem\u00e1s, nos acercamos a mostrar nuestra disconformidad ante la reconversi\u00f3n de las Factor\u00edas de veh\u00edculos en f\u00e1bricas de guerra, al Sal\u00f3n del Auto.<\/p>\n","protected":false},"author":6,"featured_media":9771,"comment_status":"closed","ping_status":"open","sticky":false,"template":"","format":"standard","meta":{"footnotes":"","_links_to":"","_links_to_target":""},"categories":[30,8,163],"tags":[297],"class_list":["post-9770","post","type-post","status-publish","format-standard","has-post-thumbnail","hentry","category-accion-directa","category-coordinadora-de-automocion","category-movilizaciones-2","tag-salon-del-auto"],"publishpress_future_action":{"enabled":false,"date":"2026-05-02 11:19:31","action":"change-status","newStatus":"draft","terms":[],"taxonomy":"category","extraData":[]},"publishpress_future_workflow_manual_trigger":{"enabledWorkflows":[]},"_links":{"self":[{"href":"https:\/\/www.cgt-lkn.org\/bizkaia-gestamp\/wp-json\/wp\/v2\/posts\/9770","targetHints":{"allow":["GET"]}}],"collection":[{"href":"https:\/\/www.cgt-lkn.org\/bizkaia-gestamp\/wp-json\/wp\/v2\/posts"}],"about":[{"href":"https:\/\/www.cgt-lkn.org\/bizkaia-gestamp\/wp-json\/wp\/v2\/types\/post"}],"author":[{"embeddable":true,"href":"https:\/\/www.cgt-lkn.org\/bizkaia-gestamp\/wp-json\/wp\/v2\/users\/6"}],"replies":[{"embeddable":true,"href":"https:\/\/www.cgt-lkn.org\/bizkaia-gestamp\/wp-json\/wp\/v2\/comments?post=9770"}],"version-history":[{"count":1,"href":"https:\/\/www.cgt-lkn.org\/bizkaia-gestamp\/wp-json\/wp\/v2\/posts\/9770\/revisions"}],"predecessor-version":[{"id":9802,"href":"https:\/\/www.cgt-lkn.org\/bizkaia-gestamp\/wp-json\/wp\/v2\/posts\/9770\/revisions\/9802"}],"wp:featuredmedia":[{"embeddable":true,"href":"https:\/\/www.cgt-lkn.org\/bizkaia-gestamp\/wp-json\/wp\/v2\/media\/9771"}],"wp:attachment":[{"href":"https:\/\/www.cgt-lkn.org\/bizkaia-gestamp\/wp-json\/wp\/v2\/media?parent=9770"}],"wp:term":[{"taxonomy":"category","embeddable":true,"href":"https:\/\/www.cgt-lkn.org\/bizkaia-gestamp\/wp-json\/wp\/v2\/categories?post=9770"},{"taxonomy":"post_tag","embeddable":true,"href":"https:\/\/www.cgt-lkn.org\/bizkaia-gestamp\/wp-json\/wp\/v2\/tags?post=9770"}],"curies":[{"name":"wp","href":"https:\/\/api.w.org\/{rel}","templated":true}]}}