{"id":9526,"date":"2024-05-06T15:14:11","date_gmt":"2024-05-06T13:14:11","guid":{"rendered":"https:\/\/www.cgt-lkn.org\/bizkaia\/gestamp\/?p=9526"},"modified":"2024-05-22T08:18:08","modified_gmt":"2024-05-22T06:18:08","slug":"convocatoria-de-concentracion-de-cgt-lkn-por-un-paso-peatonal-seguro-a-lebario-ya","status":"publish","type":"post","link":"https:\/\/www.cgt-lkn.org\/bizkaia-gestamp\/2024\/05\/06\/convocatoria-de-concentracion-de-cgt-lkn-por-un-paso-peatonal-seguro-a-lebario-ya\/","title":{"rendered":"CONVOCATORIA DE CONCENTRACI\u00d3N DE CGT-LKN POR UN PASO PEATONAL SEGURO A LEBARIO YA."},"content":{"rendered":"<p>Desde la secci\u00f3n sindical de CGT-LKN de Gestamp Bizkaia vamos a realizar una peque\u00f1a concentraci\u00f3n para exigir a las administraciones (EuskoTren, DFB-BFA, Ayto. Abadiano) la finalizaci\u00f3n de la pasarela de acceso peatonal al pol\u00edgono industrial de\u00a0 Lebario-Abadi\u00f1o junto a la carretera y sobre las v\u00edas para mayor seguridad de todas las personas.<\/p>\n<p>Tras realizar escritos a la Diputaci\u00f3n Foral, Eusko Trenbide Sarea y hablar con el ayuntamiento de Abadi\u00f1o durante largo tiempo, vemos que no se le da soluci\u00f3n, por lo que hay que salir a la calle, antes de que suceda una tragedia.<\/p>\n<p>La concentraci\u00f3n ser\u00e1 fuera del guardarra\u00edl o quitamiedos de seguridad que hay en la propia curva de la carretera N-634 en la que debe ir la pasarela.<\/p>\n<p>Dicha concentraci\u00f3n ser\u00e1 el pr\u00f3ximo viernes 10 de mayo de 13h30h a 14h15\u2019 tras la cual se colocar\u00e1 una pancarta reivindicativa.<\/p>\n<p><strong>\u00a0<\/strong><\/p>\n<p><strong>CGT-LKN-ren KONTZENTRAZIO DEIALDIA\u00a0<\/strong><strong>OINEZKOENTZAKO PASABIDE SEGURUA LEBARIORA.<\/strong><\/p>\n<p>Gestamp Bizkaiko CGT-LKNren sekzio sindikaletik kontzentrazio txiki batera deitzen dugu, administrazioei eskatzeko (EuskoTren, DFB-BFA, Abadi\u00f1oko Udala) Lebario-Abadi\u00f1oko industrialdera oinez joateko pasabidea amaitzea, errepidearen ondoan eta pertsona guztien segurtasun handiagorako.<br \/>\nForu Aldundiari, Eusko Trenbide Sareari eta Abadi\u00f1oko Udalari denbora luzean arremantean egon ondoren, ikusten dugu ez zaiola irtenbiderik ematen eta \u00a0kalera atera behar dela uste dugu, zorigaitz bat gertatu aurretik.<br \/>\nKontzentrazioa N-634 errepidearen bihurgunean, pasabideak joan behar duen tokian izango da, bihurgunean, errepideko babesgunearen kanpokaldean.<br \/>\nElkarretaratzea maiatzaren 10ean izango da, ostirala, 13:30etik 14:15era\u00a0 eta horren ostean pankarta bat jarriko da.<\/p>\n","protected":false},"excerpt":{"rendered":"<p>La concentraci\u00f3n ser\u00e1 fuera del guardarra\u00edl o quitamiedos de seguridad que hay en la propia curva de la carretera N-634 en la que debe ir la pasarela.<\/p>\n","protected":false},"author":72,"featured_media":9527,"comment_status":"closed","ping_status":"open","sticky":false,"template":"","format":"standard","meta":{"footnotes":"","_links_to":"","_links_to_target":""},"categories":[30,2,7,13,163,28],"tags":[333,334],"class_list":["post-9526","post","type-post","status-publish","format-standard","has-post-thumbnail","hentry","category-accion-directa","category-anarquismo","category-comunicados","category-gestamp","category-movilizaciones-2","category-social","tag-pasarela","tag-paso-peatonal"],"publishpress_future_action":{"enabled":false,"date":"2026-05-07 04:42:25","action":"change-status","newStatus":"draft","terms":[],"taxonomy":"category","extraData":[]},"publishpress_future_workflow_manual_trigger":{"enabledWorkflows":[]},"_links":{"self":[{"href":"https:\/\/www.cgt-lkn.org\/bizkaia-gestamp\/wp-json\/wp\/v2\/posts\/9526","targetHints":{"allow":["GET"]}}],"collection":[{"href":"https:\/\/www.cgt-lkn.org\/bizkaia-gestamp\/wp-json\/wp\/v2\/posts"}],"about":[{"href":"https:\/\/www.cgt-lkn.org\/bizkaia-gestamp\/wp-json\/wp\/v2\/types\/post"}],"author":[{"embeddable":true,"href":"https:\/\/www.cgt-lkn.org\/bizkaia-gestamp\/wp-json\/wp\/v2\/users\/72"}],"replies":[{"embeddable":true,"href":"https:\/\/www.cgt-lkn.org\/bizkaia-gestamp\/wp-json\/wp\/v2\/comments?post=9526"}],"version-history":[{"count":1,"href":"https:\/\/www.cgt-lkn.org\/bizkaia-gestamp\/wp-json\/wp\/v2\/posts\/9526\/revisions"}],"predecessor-version":[{"id":9562,"href":"https:\/\/www.cgt-lkn.org\/bizkaia-gestamp\/wp-json\/wp\/v2\/posts\/9526\/revisions\/9562"}],"wp:featuredmedia":[{"embeddable":true,"href":"https:\/\/www.cgt-lkn.org\/bizkaia-gestamp\/wp-json\/wp\/v2\/media\/9527"}],"wp:attachment":[{"href":"https:\/\/www.cgt-lkn.org\/bizkaia-gestamp\/wp-json\/wp\/v2\/media?parent=9526"}],"wp:term":[{"taxonomy":"category","embeddable":true,"href":"https:\/\/www.cgt-lkn.org\/bizkaia-gestamp\/wp-json\/wp\/v2\/categories?post=9526"},{"taxonomy":"post_tag","embeddable":true,"href":"https:\/\/www.cgt-lkn.org\/bizkaia-gestamp\/wp-json\/wp\/v2\/tags?post=9526"}],"curies":[{"name":"wp","href":"https:\/\/api.w.org\/{rel}","templated":true}]}}