{"id":9393,"date":"2023-12-22T12:35:46","date_gmt":"2023-12-22T11:35:46","guid":{"rendered":"https:\/\/www.cgt-lkn.org\/bizkaia\/gestamp\/?p=9393"},"modified":"2024-01-31T20:04:49","modified_gmt":"2024-01-31T19:04:49","slug":"paradas-2024","status":"publish","type":"post","link":"https:\/\/www.cgt-lkn.org\/bizkaia-gestamp\/2023\/12\/22\/paradas-2024\/","title":{"rendered":"Paradas 2024"},"content":{"rendered":"<p class=\"x_elementToProof\">Kaixo danori!<\/p>\n<p class=\"x_elementToProof\">Acabamos este a\u00f1o 2023 marcado internacionalmente por \u00a0guerras y por genocidios. Algo que nos entristece a toda la clase trabajadora y que desear\u00edamos que acabe ya.<\/p>\n<p>Mientras tanto en Gestamp Bizkaia la loter\u00eda de navidad ha ca\u00eddo este 2023, se llama 157.000 se apellida Mercedes Gasteiz. No sabemos de d\u00f3nde sale semejante dinero en el mundo para poder comprar tantas furgonetas pero despu\u00e9s de muchos a\u00f1os en venta el proyecto VS20 marca este 2023 un nuevo record de producci\u00f3n. Los propietarios de Gestamp Bizkaia se frotan las manos.<\/p>\n<p>Adivinar la evoluci\u00f3n de las producciones de Mercedes Gasteiz para el 2024 resulta dif\u00edcil. 140.000 veh\u00edculos es la previsi\u00f3n que se ha transmitido. Mercedes comenzar\u00e1 el 9 de enero a producir como todos sab\u00e9is y se le ha hecho saber al comit\u00e9 de empresa de Mercedes Gasteiz que en febrero puede haber de 2 a 5 d\u00edas de parada t\u00e9cnica.<\/p>\n<p><strong> Estas paradas se podr\u00edan centrar los vierne<\/strong>s en lugar de d\u00edas seguidos en una misma semana. Pr\u00f3ximamente se va a lanzar un \u201crestiling\u201d de la clase V de Mercedes y para poder adaptarse a ese nuevo producto se tienen que realizar unos trabajos, <strong>esto ser\u00edan las paradas t\u00e9cnicas<\/strong> que se ven obligados a realizar.<\/p>\n<p>Seg\u00fan la direcci\u00f3n de Mercedes Gasteiz si la acogida de los mercados del \u201crestiling\u201d es buena, <strong>las previsiones actuales de 140.000 veh\u00edculos podr\u00edan aumenta<\/strong>r.<\/p>\n<p>En Gestamp Bizkaia vamos a tener un 2024 muy complicado de abordar, los trabajos para montar las nuevas instalaciones se van a realizar conviviendo con la producci\u00f3n del d\u00eda a d\u00eda y mucho nos tememos que con las prisas habituales en estas circunstancias.<\/p>\n<p>Ser\u00e1 muy importante para las personas que trabajamos en esta empresa seguir teniendo presente que lo primero es la seguridad y que lo que no podemos tener es accidentes graves.<\/p>\n<p>La secci\u00f3n sindical de CGT-LKN hemos elaborado tablas interesantes con los muy buenos resultados econ\u00f3micos que la empresa ha declarado en a\u00f1os pasados, el pr\u00f3ximo a\u00f1o las actualizaremos.<\/p>\n<p>Nada hace indicar que estos resultados vayan a ser malos, al contrario. Pero nos tememos que<strong> las reivindicaciones del d\u00eda a d\u00eda<\/strong> que la empresa lleva rechazando sistem\u00e1ticamente como por ejemplo, tener unos ba\u00f1os decentes en el trabajo u otras muchas, <strong>sigan siendo rechazadas o retrasadas<\/strong> eternamente <strong>con la excusa de que<\/strong> ahora \u201ctod@s\u201d tenemos que pensar en la llegada <strong>de los nuevos proyectos<\/strong>. \u201cEs el futuro\u201d dicen pero las reivindicaciones que consideramos b\u00e1sicas se quedan olvidadas. Esperemos que esto cambie con el nuevo a\u00f1o.<\/p>\n<p>Osasuna.<\/p>\n<p class=\"x_elementToProof\">\u00a0 Urte barri on!<\/p>\n<p style=\"text-align: center;\"><strong>Para recibir las noticias \u00fanete a nuestro <\/strong><\/p>\n<p style=\"text-align: center;\"><strong>canal de <a href=\"https:\/\/t.me\/CGTGestampBizkaia\">Telegram\u00a0<\/a> <a href=\"https:\/\/t.me\/CGTGestampBizkaia\">Berriak CGT-LKN Gestamp Bizkaia\u00a0<\/a><\/strong><\/p>\n<p><a href=\"https:\/\/t.me\/CGTGestampBizkaia\"><img loading=\"lazy\" decoding=\"async\" class=\"aligncenter wp-image-7155 size-medium\" src=\"https:\/\/www.cgt-lkn.org\/wp-content\/uploads\/sites\/20\/2020\/08\/canal-telegram-300x169.jpg\" alt=\"\" width=\"300\" height=\"169\" srcset=\"https:\/\/www.cgt-lkn.org\/bizkaia-gestamp\/wp-content\/uploads\/sites\/20\/2020\/08\/canal-telegram-300x169.jpg 300w, https:\/\/www.cgt-lkn.org\/bizkaia-gestamp\/wp-content\/uploads\/sites\/20\/2020\/08\/canal-telegram-150x85.jpg 150w, https:\/\/www.cgt-lkn.org\/bizkaia-gestamp\/wp-content\/uploads\/sites\/20\/2020\/08\/canal-telegram-400x225.jpg 400w, https:\/\/www.cgt-lkn.org\/bizkaia-gestamp\/wp-content\/uploads\/sites\/20\/2020\/08\/canal-telegram.jpg 600w\" sizes=\"auto, (max-width: 300px) 100vw, 300px\" \/><\/a><\/p>\n<p><strong>Para recibir las noticias <\/strong><strong>\u00a0<a href=\"mailto:gestamp@cgt-lkn.eus\">gestamp@cgt-lkn.eus<\/a>\u00a0<\/strong>escribenos y te a\u00f1adimos a la lista oculta de correos<\/p>\n<div class=\"post-headline\">\n<p><a href=\"https:\/\/www.cgt-lkn.org\/bizkaia-gestamp\/contacto\/gestamp@cgt-lkn.eus\"><img loading=\"lazy\" decoding=\"async\" class=\"wp-image-9174 aligncenter\" src=\"https:\/\/www.cgt-lkn.org\/wp-content\/uploads\/sites\/20\/2023\/09\/correo-email.jpg\" alt=\"\" width=\"189\" height=\"170\" \/><\/a><\/p>\n<\/div>\n<p style=\"text-align: center;\"><strong><a href=\"https:\/\/www.cgt-lkn.org\/afiliar\/public\/#!\/\">AF\u00cdLIATE!!<\/a><\/strong><\/p>\n<p><a href=\"https:\/\/www.cgt-lkn.org\/afiliar\/public\/#!\/\"><img loading=\"lazy\" decoding=\"async\" class=\"aligncenter wp-image-20979 size-medium\" src=\"https:\/\/www.cgt-lkn.org\/wp-content\/uploads\/2021\/03\/La-llave-es-el-sindicato-Afiliate-CGT-300x169.jpg\" alt=\"\" width=\"300\" height=\"169\" \/><\/a><\/p>\n<div class=\"x__Entity x__EType_OWALinkPreview x__EId_OWALinkPreview x__EReadonly_1\">\n<div id=\"LPBorder_GTaHR0cHM6Ly93d3cuY2FyYW5kZHJpdmVyLmNvbS9lcy9jb2NoZXMvbm92ZWRhZGVzL2E0MzAwMzYxMS9tZXJjZWRlcy1jbGFzZS12LTIwMjQv\" class=\"x_LPBorder864123\"><\/div>\n<\/div>\n","protected":false},"excerpt":{"rendered":"<p>Nada hace indicar que estos resultados vayan a ser malos, al contrario. Pero nos tememos que las reivindicaciones del d\u00eda a d\u00eda que la empresa lleva rechazando sistem\u00e1ticamente como por ejemplo, tener unos ba\u00f1os decentes en el trabajo u otras muchas, sigan siendo rechazadas o retrasadas eternamente con la escusa de que ahora \u201ctod@s\u201d tenemos que pensar en la llegada de los nuevos proyectos. \u201cEs el futuro\u201d dicen pero las reivindicaciones que consideramos b\u00e1sicas se quedan olvidadas. Esperemos que esto cambie con el nuevo a\u00f1o.<\/p>\n","protected":false},"author":72,"featured_media":4774,"comment_status":"closed","ping_status":"open","sticky":false,"template":"","format":"standard","meta":{"footnotes":"","_links_to":"","_links_to_target":""},"categories":[7,79,16],"tags":[],"class_list":["post-9393","post","type-post","status-publish","format-standard","has-post-thumbnail","hentry","category-comunicados","category-gestamp-bizkaia","category-mercedes"],"publishpress_future_action":{"enabled":false,"date":"2026-05-07 04:42:27","action":"change-status","newStatus":"draft","terms":[],"taxonomy":"category","extraData":[]},"publishpress_future_workflow_manual_trigger":{"enabledWorkflows":[]},"_links":{"self":[{"href":"https:\/\/www.cgt-lkn.org\/bizkaia-gestamp\/wp-json\/wp\/v2\/posts\/9393","targetHints":{"allow":["GET"]}}],"collection":[{"href":"https:\/\/www.cgt-lkn.org\/bizkaia-gestamp\/wp-json\/wp\/v2\/posts"}],"about":[{"href":"https:\/\/www.cgt-lkn.org\/bizkaia-gestamp\/wp-json\/wp\/v2\/types\/post"}],"author":[{"embeddable":true,"href":"https:\/\/www.cgt-lkn.org\/bizkaia-gestamp\/wp-json\/wp\/v2\/users\/72"}],"replies":[{"embeddable":true,"href":"https:\/\/www.cgt-lkn.org\/bizkaia-gestamp\/wp-json\/wp\/v2\/comments?post=9393"}],"version-history":[{"count":1,"href":"https:\/\/www.cgt-lkn.org\/bizkaia-gestamp\/wp-json\/wp\/v2\/posts\/9393\/revisions"}],"predecessor-version":[{"id":9409,"href":"https:\/\/www.cgt-lkn.org\/bizkaia-gestamp\/wp-json\/wp\/v2\/posts\/9393\/revisions\/9409"}],"wp:featuredmedia":[{"embeddable":true,"href":"https:\/\/www.cgt-lkn.org\/bizkaia-gestamp\/wp-json\/wp\/v2\/media\/4774"}],"wp:attachment":[{"href":"https:\/\/www.cgt-lkn.org\/bizkaia-gestamp\/wp-json\/wp\/v2\/media?parent=9393"}],"wp:term":[{"taxonomy":"category","embeddable":true,"href":"https:\/\/www.cgt-lkn.org\/bizkaia-gestamp\/wp-json\/wp\/v2\/categories?post=9393"},{"taxonomy":"post_tag","embeddable":true,"href":"https:\/\/www.cgt-lkn.org\/bizkaia-gestamp\/wp-json\/wp\/v2\/tags?post=9393"}],"curies":[{"name":"wp","href":"https:\/\/api.w.org\/{rel}","templated":true}]}}