{"id":9338,"date":"2023-11-10T12:54:42","date_gmt":"2023-11-10T11:54:42","guid":{"rendered":"https:\/\/www.cgt-lkn.org\/bizkaia\/gestamp\/?p=9338"},"modified":"2023-12-14T20:49:22","modified_gmt":"2023-12-14T19:49:22","slug":"cgt-lkn-informa-adjudicaciones-inversiones","status":"publish","type":"post","link":"https:\/\/www.cgt-lkn.org\/bizkaia-gestamp\/2023\/11\/10\/cgt-lkn-informa-adjudicaciones-inversiones\/","title":{"rendered":"CGT-LKN informa  adjudicaciones inversiones"},"content":{"rendered":"<p>En la \u00faltima reuni\u00f3n entre el comit\u00e9 y la direcci\u00f3n del pasado martes 24 de octubre la direcci\u00f3n traslad\u00f3 las informaciones detalladas en la publicaci\u00f3n del comit\u00e9 informa tras esta reuni\u00f3n. Si bien es cierto que la secci\u00f3n sindical de <strong>CGT-LKN recibimos dichas informaciones con agrado tambi\u00e9n es cierto que NO SUPUSIERON NINGUNA SORPRESA<\/strong>.<\/p>\n<p>Ya en anteriores comunicados, CGT-LKN siempre dej\u00f3 clara la opini\u00f3n a este respecto: <strong>la negociaci\u00f3n del convenio colectivo de Gestamp Bizkaia NO EST\u00c1 RELACIONADA a las inversiones y adjudicaciones que acaban de ser confirmadas.<\/strong> Esto es as\u00ed tanto en lo econ\u00f3mico, como ya explicamos en el comunicado de CGT-LKN sobre los resultados econ\u00f3micos de Gestamp Bizkaia, como en la gran confianza que nuestra plantilla y su buen hacer genera en Mercedes Gazteiz, como en el cumplimiento de plazos exigidos por Mercedes que han provocado la precipitada firma del preacuerdo pasando de ser inasumibles las exigencias del comit\u00e9 e irrenunciables las de la direcci\u00f3n en la reuni\u00f3n del 26\/9 a un preacuerdo en la reuni\u00f3n del 2\/10 y sin ning\u00fan tipo de movilizaci\u00f3n por parte de la plantilla<strong>.<\/strong> Todo ello nos hace pensar a CGT-LKN que con un <strong>m\u00ednimo de lucha<\/strong> en este convenio se pudo <strong>eliminar la flexibilidad<\/strong> e incluir incrementos salariales que <strong>garanticen el IPC real<\/strong> de cada a\u00f1o y con ello el mantenimiento del poder adquisitivo. Lamentablemente no fue as\u00ed.<\/p>\n<p>Debido a la gran importancia para la plantilla de los pr\u00f3ximos cambios que vamos a vivir en nuestra planta en los siguientes a\u00f1os CGT-LKN solicitamos a la direcci\u00f3n que informe de ellos directamente a toda la plantilla a trav\u00e9s de la app de modo regular y usando las reuniones con el comit\u00e9 para ampliar informaci\u00f3n o aclarar dudas al respecto.<\/p>\n<p style=\"text-align: center;\"><strong>Para recibir las noticias \u00fanete a nuestro <\/strong><\/p>\n<p style=\"text-align: center;\"><strong>canal de <a href=\"https:\/\/t.me\/CGTGestampBizkaia\">Telegram\u00a0<\/a> <a href=\"https:\/\/t.me\/CGTGestampBizkaia\">Berriak CGT-LKN Gestamp Bizkaia\u00a0<\/a><\/strong><\/p>\n<p><a href=\"https:\/\/t.me\/CGTGestampBizkaia\"><img loading=\"lazy\" decoding=\"async\" class=\"aligncenter wp-image-7155 size-medium\" src=\"https:\/\/www.cgt-lkn.org\/wp-content\/uploads\/sites\/20\/2020\/08\/canal-telegram-300x169.jpg\" alt=\"\" width=\"300\" height=\"169\" srcset=\"https:\/\/www.cgt-lkn.org\/bizkaia-gestamp\/wp-content\/uploads\/sites\/20\/2020\/08\/canal-telegram-300x169.jpg 300w, https:\/\/www.cgt-lkn.org\/bizkaia-gestamp\/wp-content\/uploads\/sites\/20\/2020\/08\/canal-telegram-150x85.jpg 150w, https:\/\/www.cgt-lkn.org\/bizkaia-gestamp\/wp-content\/uploads\/sites\/20\/2020\/08\/canal-telegram-400x225.jpg 400w, https:\/\/www.cgt-lkn.org\/bizkaia-gestamp\/wp-content\/uploads\/sites\/20\/2020\/08\/canal-telegram.jpg 600w\" sizes=\"auto, (max-width: 300px) 100vw, 300px\" \/><\/a><\/p>\n<p>Respecto a las 15 conversiones de contratos eventuales a fijos, desde CGT-LKN como siempre, reiteramos a la direcci\u00f3n que aplique el criterio de mayor antig\u00fcedad para establecer el orden de conversi\u00f3n ya que de lo contrario los agravios comparativos que pueden darse entre diferentes casos acarrear\u00edan gran desmotivaci\u00f3n y malestar en las personas agraviadas. Esta secci\u00f3n sindical observa que, aunque en estas 15 insuficientes conversiones la antig\u00fcedad ha tenido m\u00e1s influencia que en anteriores ocasiones, tambi\u00e9n ha habido bastantes personas con contratos temporales desde hace muchos a\u00f1os que han sido\u00a0 injustamente relegadas.<\/p>\n<p>Pese a que en la reuni\u00f3n del martes 24 se repas\u00f3 fugazmente el texto del nuevo convenio CGT-LKN a fecha de hoy no disponemos del borrador para poder a\u00f1adir aclaraciones o aportaciones.<\/p>\n<p>CGT-LKN desea y conf\u00eda en que le sea adjudicada a Gestamp Bizkaia el resto de la carga de trabajo \u00a0el a\u00f1o pr\u00f3ximo por parte de Mercedes Gazteiz la cual convivir\u00e1 con el actual VS20 y el veh\u00edculo de aluminio en el futuro.<\/p>\n<p>En otro orden de cosas, el lunes 6 de noviembre se reuni\u00f3 el comit\u00e9 para elegir un nuevo delegado de prevenci\u00f3n en sustituci\u00f3n de otro que cesa en de la comisi\u00f3n de seguridad y salud. Lamentablemente, una vez m\u00e1s CGT-LKN nos vemos excluidos de la comisi\u00f3n de seguridad y salud al ser rechazada en votaci\u00f3n por la mayor\u00eda de los miembros del comit\u00e9 la propuesta de que cada secci\u00f3n sindical disponga de un delegado de prevenci\u00f3n al menos. CGT-LKN opina que dicha propuesta es la mejor para proporcionar el mayor y mejor servicio en seguridad y salud para toda la plantilla.<\/p>\n<p>Ayer jueves d\u00eda 9 la direcci\u00f3n comunic\u00f3 el cambio de calendario de 5 relevo a 4 relevo desde el d\u00eda 26\/11\/23 de la c\u00e9lula \u201cdobles traseras\u201d de ensamblado.<\/p>\n<p>Se ha confirmado que Mercedes Vitoria desactivar\u00e1 su producci\u00f3n el jueves 7\/12\/23 quedando pendiente cuando ser\u00e1 el \u00faltimo d\u00eda de producci\u00f3n del a\u00f1o.<\/p>\n<p>Para consultar la hemeroteca relacionada con el actual convenio <a href=\"https:\/\/www.cgt-lkn.org\/bizkaia-gestamp\/2023\/10\/03\/recopilacion-de-comunicados-a-vueltas-con-el-convenio-de-la-flexibilidad-y-sin-garantia-de-ipc\/\">pincha aqu\u00ed<\/a><\/p>\n<p><strong>OSASUNA.<\/strong><\/p>\n<p><strong>Para recibir las noticias <\/strong><strong>\u00a0<a href=\"mailto:gestamp@cgt-lkn.eus\">gestamp@cgt-lkn.eus<\/a>\u00a0<\/strong>escribenos y te a\u00f1adimos a la lista oculta de correos<\/p>\n<div class=\"post-headline\">\n<p><a href=\"https:\/\/www.cgt-lkn.org\/bizkaia-gestamp\/contacto\/gestamp@cgt-lkn.eus\"><img loading=\"lazy\" decoding=\"async\" class=\"wp-image-9174 aligncenter\" src=\"https:\/\/www.cgt-lkn.org\/wp-content\/uploads\/sites\/20\/2023\/09\/correo-email.jpg\" alt=\"\" width=\"189\" height=\"170\" \/><\/a><\/p>\n<\/div>\n<p><a href=\"https:\/\/www.cgt-lkn.org\/afiliar\/public\/#!\/\"><img loading=\"lazy\" decoding=\"async\" class=\"size-full wp-image-9027 aligncenter\" src=\"https:\/\/www.cgt-lkn.org\/wp-content\/uploads\/sites\/20\/3021\/01\/afiliate-cgt-gato.jpg\" alt=\"\" width=\"225\" height=\"225\" srcset=\"https:\/\/www.cgt-lkn.org\/bizkaia-gestamp\/wp-content\/uploads\/sites\/20\/3021\/01\/afiliate-cgt-gato.jpg 225w, https:\/\/www.cgt-lkn.org\/bizkaia-gestamp\/wp-content\/uploads\/sites\/20\/3021\/01\/afiliate-cgt-gato-150x150.jpg 150w\" sizes=\"auto, (max-width: 225px) 100vw, 225px\" \/><\/a><\/p>\n<p style=\"text-align: center;\"><strong><a href=\"https:\/\/www.cgt-lkn.org\/afiliar\/public\/#!\/\">AF\u00cdLIATE!!<\/a><\/strong><\/p>\n","protected":false},"excerpt":{"rendered":"<p>Ya en anteriores comunicados, CGT-LKN siempre dej\u00f3 clara la opini\u00f3n a este respecto: <strong>la negociaci\u00f3n del convenio colectivo de Gestamp Bizkaia NO EST\u00c1 RELACIONADA a las inversiones y adjudicaciones que acaban de ser confirmadas.<\/strong><\/p>\n","protected":false},"author":72,"featured_media":4774,"comment_status":"closed","ping_status":"open","sticky":false,"template":"","format":"standard","meta":{"footnotes":"","_links_to":"","_links_to_target":""},"categories":[7,13,79,189,43],"tags":[317,75,247,318,299,156],"class_list":["post-9338","post","type-post","status-publish","format-standard","has-post-thumbnail","hentry","category-comunicados","category-gestamp","category-gestamp-bizkaia","category-incremento-salarial","category-otras-publicaciones","tag-adjudicaciones","tag-calendarios","tag-eventuales","tag-ipc","tag-negociacion-convenio","tag-prevencion"],"publishpress_future_action":{"enabled":false,"date":"2026-05-05 12:51:22","action":"change-status","newStatus":"draft","terms":[],"taxonomy":"category","extraData":[]},"publishpress_future_workflow_manual_trigger":{"enabledWorkflows":[]},"_links":{"self":[{"href":"https:\/\/www.cgt-lkn.org\/bizkaia-gestamp\/wp-json\/wp\/v2\/posts\/9338","targetHints":{"allow":["GET"]}}],"collection":[{"href":"https:\/\/www.cgt-lkn.org\/bizkaia-gestamp\/wp-json\/wp\/v2\/posts"}],"about":[{"href":"https:\/\/www.cgt-lkn.org\/bizkaia-gestamp\/wp-json\/wp\/v2\/types\/post"}],"author":[{"embeddable":true,"href":"https:\/\/www.cgt-lkn.org\/bizkaia-gestamp\/wp-json\/wp\/v2\/users\/72"}],"replies":[{"embeddable":true,"href":"https:\/\/www.cgt-lkn.org\/bizkaia-gestamp\/wp-json\/wp\/v2\/comments?post=9338"}],"version-history":[{"count":2,"href":"https:\/\/www.cgt-lkn.org\/bizkaia-gestamp\/wp-json\/wp\/v2\/posts\/9338\/revisions"}],"predecessor-version":[{"id":9383,"href":"https:\/\/www.cgt-lkn.org\/bizkaia-gestamp\/wp-json\/wp\/v2\/posts\/9338\/revisions\/9383"}],"wp:featuredmedia":[{"embeddable":true,"href":"https:\/\/www.cgt-lkn.org\/bizkaia-gestamp\/wp-json\/wp\/v2\/media\/4774"}],"wp:attachment":[{"href":"https:\/\/www.cgt-lkn.org\/bizkaia-gestamp\/wp-json\/wp\/v2\/media?parent=9338"}],"wp:term":[{"taxonomy":"category","embeddable":true,"href":"https:\/\/www.cgt-lkn.org\/bizkaia-gestamp\/wp-json\/wp\/v2\/categories?post=9338"},{"taxonomy":"post_tag","embeddable":true,"href":"https:\/\/www.cgt-lkn.org\/bizkaia-gestamp\/wp-json\/wp\/v2\/tags?post=9338"}],"curies":[{"name":"wp","href":"https:\/\/api.w.org\/{rel}","templated":true}]}}