{"id":9335,"date":"2023-11-03T14:40:10","date_gmt":"2023-11-03T13:40:10","guid":{"rendered":"https:\/\/www.cgt-lkn.org\/bizkaia\/gestamp\/?p=9335"},"modified":"2023-11-03T14:40:10","modified_gmt":"2023-11-03T13:40:10","slug":"el-comite-informa-palestina","status":"publish","type":"post","link":"https:\/\/www.cgt-lkn.org\/bizkaia-gestamp\/2023\/11\/03\/el-comite-informa-palestina\/","title":{"rendered":"EL COMITE INFORMA PALESTINA"},"content":{"rendered":"<p>&nbsp;<\/p>\n<h2><u>STOP GENOCIDIO . SOLIDARIDAD CON EL PUEBLO PALESTINO<\/u><\/h2>\n<p><strong>\u00a0<\/strong>La plataforma ciudadana Gernika \u2013 Palestina ha convocado movilizaciones para el martes 7 de noviembre en solidaridad con el pueblo palestino exigiendo el cese de la masacre que se esta cometiendo por parte de Israel. Durante la ma\u00f1ana se har\u00e1n movilizaciones en centros de ense\u00f1anza y centros de trabajo, y por la tarde a las 19,00 horas concentraciones en frente de los ayuntamientos de cada localidad.<\/p>\n<p>El comit\u00e9 de empresa de Gestamp Bizkaia, por unanimidad de todos los sindicatos representados ha decidido adherirse a dicha convocatoria de movilizaciones. Por ello , el martes d\u00eda 7 haremos una concentraci\u00f3n en frente de la empresa de las 13,15- 13,45 horas. Os pedimos que todos y todas las que pod\u00e1is acud\u00e1is a dicha concentraci\u00f3n. De igual manera, se intentar\u00e1n recabar fotos grupales de trabajadores y trabajadoras para mostrar apoyo a dichas movilizaciones as\u00ed como para denunciar la barbarie que se esta cometiendo en Palestina.<\/p>\n<p style=\"text-align: center;\"><strong>Para recibir las noticias \u00fanete a nuestro <\/strong><strong style=\"font-size: 1.0625rem;\">canal de <\/strong><\/p>\n<p style=\"text-align: center;\"><strong style=\"font-size: 1.0625rem;\"><a href=\"https:\/\/t.me\/CGTGestampBizkaia\">Telegram\u00a0<\/a> <a href=\"https:\/\/t.me\/CGTGestampBizkaia\">Berriak CGT-LKN Gestamp Bizkaia\u00a0<\/a><\/strong><\/p>\n<p><a href=\"https:\/\/t.me\/CGTGestampBizkaia\"><img loading=\"lazy\" decoding=\"async\" class=\"aligncenter wp-image-7155 size-medium\" src=\"https:\/\/www.cgt-lkn.org\/wp-content\/uploads\/sites\/20\/2020\/08\/canal-telegram-300x169.jpg\" alt=\"\" width=\"300\" height=\"169\" srcset=\"https:\/\/www.cgt-lkn.org\/bizkaia-gestamp\/wp-content\/uploads\/sites\/20\/2020\/08\/canal-telegram-300x169.jpg 300w, https:\/\/www.cgt-lkn.org\/bizkaia-gestamp\/wp-content\/uploads\/sites\/20\/2020\/08\/canal-telegram-150x85.jpg 150w, https:\/\/www.cgt-lkn.org\/bizkaia-gestamp\/wp-content\/uploads\/sites\/20\/2020\/08\/canal-telegram-400x225.jpg 400w, https:\/\/www.cgt-lkn.org\/bizkaia-gestamp\/wp-content\/uploads\/sites\/20\/2020\/08\/canal-telegram.jpg 600w\" sizes=\"auto, (max-width: 300px) 100vw, 300px\" \/><\/a><\/p>\n<p><strong>Para recibir las noticias <\/strong><strong>\u00a0<a href=\"mailto:gestamp@cgt-lkn.eus\">gestamp@cgt-lkn.eus<\/a>\u00a0<\/strong>escribenos y te a\u00f1adimos a la lista oculta de correos<\/p>\n<div class=\"post-headline\">\n<p><a href=\"https:\/\/www.cgt-lkn.org\/bizkaia-gestamp\/contacto\/gestamp@cgt-lkn.eus\"><img loading=\"lazy\" decoding=\"async\" class=\"wp-image-9174 aligncenter\" src=\"https:\/\/www.cgt-lkn.org\/wp-content\/uploads\/sites\/20\/2023\/09\/correo-email.jpg\" alt=\"\" width=\"189\" height=\"170\" \/><\/a><\/p>\n<\/div>\n<p><a href=\"https:\/\/www.cgt-lkn.org\/afiliar\/public\/#!\/\"><img loading=\"lazy\" decoding=\"async\" class=\"size-full wp-image-9027 aligncenter\" src=\"https:\/\/www.cgt-lkn.org\/wp-content\/uploads\/sites\/20\/3021\/01\/afiliate-cgt-gato.jpg\" alt=\"\" width=\"225\" height=\"225\" srcset=\"https:\/\/www.cgt-lkn.org\/bizkaia-gestamp\/wp-content\/uploads\/sites\/20\/3021\/01\/afiliate-cgt-gato.jpg 225w, https:\/\/www.cgt-lkn.org\/bizkaia-gestamp\/wp-content\/uploads\/sites\/20\/3021\/01\/afiliate-cgt-gato-150x150.jpg 150w\" sizes=\"auto, (max-width: 225px) 100vw, 225px\" \/><\/a><\/p>\n<p style=\"text-align: center;\"><strong><a href=\"https:\/\/www.cgt-lkn.org\/afiliar\/public\/#!\/\">AF\u00cdLIATE!!<\/a><\/strong><\/p>\n<p><strong>\u00a0<\/strong><\/p>\n<h2><u>STOP GENOZIDIOA. PALESTINAR HERRIAREKIKO ELKARTASUNA<\/u><\/h2>\n<p><strong>\u00a0<\/strong>Gernika \u2013 Palestina herri plataformak mobilizazioak deitu ditu azaroaren 7rako, asteartea, Palestinako herriari elkartasuna adieraztek eta Israel egiten ari den sarraskia bertan behera uzteko eskatzeko. Goizean mobilizazioak egingo dira ikastetxeetan eta lantokietan, eta arratsaldean 19: 00etan kontzentrazioak egingo dira herri bakoitzeko udalen aurrean.<\/p>\n<p>Gestamp Bizkaia enpresako enpresa-batzordeak, ordezkatutako sindikatu guztiak bat etorrita, mobilizazioen deialdiarekin bat egitea erabaki du. Horregatik, hilaren 7an, asteartean, elkarretaratzea egingo dugu enpresaren aurrean, 13: 15etik 13: 45era. Ahal duzuen guztiok kontzentraziora joateko eskatzen dizuegu. Era berean, langileen talde- argazkiak biltzen saiatuko dira, mobilizazio horiei babesa emateko eta Palestinan ematen ari den basakeria salatzeko.<\/p>\n<p><strong>ELKARRETARATZEA \/ CONCENTRACI\u00d3N<\/strong><\/p>\n<p>AZAROAK 7 ASTEARTEA \/ MARTES 7 DE NOVIEMBRE<\/p>\n<p>&nbsp;<\/p>\n<h3>ENPRESA AURREAN \/ EN FRENTE DE LA EMPRESA<\/h3>\n<p><strong>13,15 \u2013 13 , 45<\/strong><\/p>\n<p><strong>\u00a0<\/strong><\/p>\n","protected":false},"excerpt":{"rendered":"<h3><u>STOP GENOZIDIOA. PALESTINAR HERRIAREKIKO ELKARTASUNA<\/u><\/h3>\n","protected":false},"author":72,"featured_media":9336,"comment_status":"closed","ping_status":"open","sticky":false,"template":"","format":"standard","meta":{"footnotes":"","_links_to":"","_links_to_target":""},"categories":[7,163,18],"tags":[117,261,316],"class_list":["post-9335","post","type-post","status-publish","format-standard","has-post-thumbnail","hentry","category-comunicados","category-movilizaciones-2","category-mundo","tag-comite","tag-no-a-la-guerra","tag-palestina"],"publishpress_future_action":{"enabled":false,"date":"2026-05-05 10:02:39","action":"change-status","newStatus":"draft","terms":[],"taxonomy":"category","extraData":[]},"publishpress_future_workflow_manual_trigger":{"enabledWorkflows":[]},"_links":{"self":[{"href":"https:\/\/www.cgt-lkn.org\/bizkaia-gestamp\/wp-json\/wp\/v2\/posts\/9335","targetHints":{"allow":["GET"]}}],"collection":[{"href":"https:\/\/www.cgt-lkn.org\/bizkaia-gestamp\/wp-json\/wp\/v2\/posts"}],"about":[{"href":"https:\/\/www.cgt-lkn.org\/bizkaia-gestamp\/wp-json\/wp\/v2\/types\/post"}],"author":[{"embeddable":true,"href":"https:\/\/www.cgt-lkn.org\/bizkaia-gestamp\/wp-json\/wp\/v2\/users\/72"}],"replies":[{"embeddable":true,"href":"https:\/\/www.cgt-lkn.org\/bizkaia-gestamp\/wp-json\/wp\/v2\/comments?post=9335"}],"version-history":[{"count":1,"href":"https:\/\/www.cgt-lkn.org\/bizkaia-gestamp\/wp-json\/wp\/v2\/posts\/9335\/revisions"}],"predecessor-version":[{"id":9337,"href":"https:\/\/www.cgt-lkn.org\/bizkaia-gestamp\/wp-json\/wp\/v2\/posts\/9335\/revisions\/9337"}],"wp:featuredmedia":[{"embeddable":true,"href":"https:\/\/www.cgt-lkn.org\/bizkaia-gestamp\/wp-json\/wp\/v2\/media\/9336"}],"wp:attachment":[{"href":"https:\/\/www.cgt-lkn.org\/bizkaia-gestamp\/wp-json\/wp\/v2\/media?parent=9335"}],"wp:term":[{"taxonomy":"category","embeddable":true,"href":"https:\/\/www.cgt-lkn.org\/bizkaia-gestamp\/wp-json\/wp\/v2\/categories?post=9335"},{"taxonomy":"post_tag","embeddable":true,"href":"https:\/\/www.cgt-lkn.org\/bizkaia-gestamp\/wp-json\/wp\/v2\/tags?post=9335"}],"curies":[{"name":"wp","href":"https:\/\/api.w.org\/{rel}","templated":true}]}}