{"id":93,"date":"2011-06-02T12:15:15","date_gmt":"2011-06-02T12:15:15","guid":{"rendered":"http:\/\/www.cgt-lkn.org\/bizkaia\/estampa\/?p=93"},"modified":"2013-11-14T14:04:44","modified_gmt":"2013-11-14T14:04:44","slug":"esta-sabado-dia-4-se-celebrara-la-v-edicion-del-bilbogune","status":"publish","type":"post","link":"https:\/\/www.cgt-lkn.org\/bizkaia-gestamp\/2011\/06\/02\/esta-sabado-dia-4-se-celebrara-la-v-edicion-del-bilbogune\/","title":{"rendered":"Esta s\u00e1bado d\u00eda 4 se celebrar\u00e1 la V Edici\u00f3n del Bilbogune"},"content":{"rendered":"<p style=\"text-align: justify\">Y como siempre, CGT-LKN tomar\u00e1 parte para exponer nuestros materiales, ideas, panfletos&#8230;<\/p>\n<p style=\"text-align: justify\">Esta edici\u00f3n estar\u00e1 decdicada a la memoria hist\u00f3rica y se celebrar\u00e1 en la Plaza de San Pedro en Deusto, junto a la gente de la Deustuko Gazte Asamblada, que cumple 20 a\u00f1os.<\/p>\n<p style=\"text-align: justify\">Como siempre, os animamos a que acud\u00e1is a participar en el encuentro con otros colectivos alternativos de Bizkaia y a estar en la jaima que pone CGT.<\/p>\n<p style=\"text-align: justify\">El programa es el siguiente:<\/p>\n<p style=\"text-align: justify\"><strong>11:00<\/strong> Bilboguneko pregoia + perkusio tailerra<\/p>\n<p style=\"text-align: justify\"><strong>12:00<\/strong> hitzaldia: Euskal memoria fundazioaren aurkezpena Txema Uriarte- Bizkaiko koordinatzailea<\/p>\n<p style=\"text-align: justify\"><strong>13:30<\/strong> Kalejira antifaxista Hegoaizerekin<\/p>\n<p style=\"text-align: justify\"><strong>15:00<\/strong> Bertso-hop Bazkaria (121soundsystem, Ibon Ajuria eta Izar Mendiguren<\/p>\n<p style=\"text-align: justify\"><strong>17:30<\/strong> Bizkaiko erraldoien eguna (iru\u00f1ea metro geltokitik)<\/p>\n<p style=\"text-align: justify\"><strong>18:00<\/strong> \u00abLa memoria hist\u00f3rica y su importancia para el movimiento feminista\u00bb<\/p>\n<p style=\"text-align: justify\">Miren Llona- Asamblea de Mujeres de Bizkaia; Presidenta del Centro de Documentaci\u00f3n de Mujeres Maite Albiz Emakumeen Dokumentazio Zentrua; Directora de AHOA, Ahozko Historiaren Artxiboa- Archivo de la Memoria; Profesora de Historia de la UPV\/EHU<\/p>\n<p style=\"text-align: justify\"><strong>21:00 <\/strong>kontzertuak frontoian: Akatz<\/p>\n<p style=\"text-align: justify\"><strong>23:00<\/strong> kontzertua gaztetxean: Bad Sound System<\/p>\n<p style=\"text-align: justify\">Bolet\u00edn que se ha publicado para esta ocasi\u00f3n. Y el blog donde pod\u00e9is ver toda la informaci\u00f3n:<\/p>\n<p style=\"text-align: justify\"><a href=\"http:\/\/bilbogune.blogspot.com\/\" target=\"_blank\">http:\/\/bilbogune.blogspot.com\/<\/a><\/p>\n<p style=\"text-align: justify\">Salud y movilizaci\u00f3n.<\/p>\n","protected":false},"excerpt":{"rendered":"<p style=\"text-align: justify\">Y como siempre, CGT-LKN tomar\u00e1 parte para exponer nuestros materiales, ideas, panfletos&#8230;<\/p>\n<p style=\"text-align: justify\">Esta edici\u00f3n estar\u00e1 decdicada a la memoria hist\u00f3rica y se celebrar\u00e1 en la Plaza de San Pedro en Deusto, junto a la gente de la Deustuko Gazte Asamblada, que cumple 20 a\u00f1os.<\/p>\n<p style=\"text-align: justify\">Como siempre, os animamos a que acud\u00e1is a participar en el encuentro con otros colectivos alternativos de Bizkaia y a estar en la jaima que pone CGT.<\/p>\n","protected":false},"author":72,"featured_media":0,"comment_status":"open","ping_status":"open","sticky":false,"template":"","format":"standard","meta":{"footnotes":"","_links_to":"","_links_to_target":""},"categories":[1],"tags":[46],"class_list":["post-93","post","type-post","status-publish","format-standard","hentry","category-general","tag-bilbogune"],"publishpress_future_action":{"enabled":false,"date":"2026-05-07 08:17:32","action":"change-status","newStatus":"draft","terms":[],"taxonomy":"category","extraData":[]},"publishpress_future_workflow_manual_trigger":{"enabledWorkflows":[]},"_links":{"self":[{"href":"https:\/\/www.cgt-lkn.org\/bizkaia-gestamp\/wp-json\/wp\/v2\/posts\/93","targetHints":{"allow":["GET"]}}],"collection":[{"href":"https:\/\/www.cgt-lkn.org\/bizkaia-gestamp\/wp-json\/wp\/v2\/posts"}],"about":[{"href":"https:\/\/www.cgt-lkn.org\/bizkaia-gestamp\/wp-json\/wp\/v2\/types\/post"}],"author":[{"embeddable":true,"href":"https:\/\/www.cgt-lkn.org\/bizkaia-gestamp\/wp-json\/wp\/v2\/users\/72"}],"replies":[{"embeddable":true,"href":"https:\/\/www.cgt-lkn.org\/bizkaia-gestamp\/wp-json\/wp\/v2\/comments?post=93"}],"version-history":[{"count":1,"href":"https:\/\/www.cgt-lkn.org\/bizkaia-gestamp\/wp-json\/wp\/v2\/posts\/93\/revisions"}],"predecessor-version":[{"id":2426,"href":"https:\/\/www.cgt-lkn.org\/bizkaia-gestamp\/wp-json\/wp\/v2\/posts\/93\/revisions\/2426"}],"wp:attachment":[{"href":"https:\/\/www.cgt-lkn.org\/bizkaia-gestamp\/wp-json\/wp\/v2\/media?parent=93"}],"wp:term":[{"taxonomy":"category","embeddable":true,"href":"https:\/\/www.cgt-lkn.org\/bizkaia-gestamp\/wp-json\/wp\/v2\/categories?post=93"},{"taxonomy":"post_tag","embeddable":true,"href":"https:\/\/www.cgt-lkn.org\/bizkaia-gestamp\/wp-json\/wp\/v2\/tags?post=93"}],"curies":[{"name":"wp","href":"https:\/\/api.w.org\/{rel}","templated":true}]}}