{"id":9248,"date":"2023-09-16T21:05:13","date_gmt":"2023-09-16T19:05:13","guid":{"rendered":"https:\/\/www.cgt-lkn.org\/bizkaia\/gestamp\/?p=9248"},"modified":"2023-09-16T21:05:13","modified_gmt":"2023-09-16T19:05:13","slug":"el-comite-informa-negociacion-convenio-15-de-septiembre","status":"publish","type":"post","link":"https:\/\/www.cgt-lkn.org\/bizkaia-gestamp\/2023\/09\/16\/el-comite-informa-negociacion-convenio-15-de-septiembre\/","title":{"rendered":"EL COMIT\u00c9 INFORMA NEGOCIACI\u00d3N CONVENIO 15 DE SEPTIEMBRE"},"content":{"rendered":"<h1>NEGOCIACI\u00d3N CONVENIO -15 DE SEPTIEMBRE<\/h1>\n<p>Hoy viernes 15 de septiembre nos hemos vuelto a reunir con la direcci\u00f3n para la negociaci\u00f3n del convenio. En aras a desbloquear la negociaci\u00f3n, a sabiendas de que este es un elemento central de la negociaci\u00f3n y con el objetivo de atar el proyecto de Mercedes y en consecuencia el futuro de la plantilla para los siguientes 10-15 a\u00f1os, desde la mayor\u00eda del comit\u00e9 ( LAB 14 delegados, UGT-4 delegados )hemos hecho una propuesta de flexibilidad que detallamos abajo, esperando una respuesta positiva por parte de la empresa para que desbloquee la negociaci\u00f3n y avancemos en este ,como en el resto de los contenidos del convenio.<\/p>\n<p>Por desgracia, la respuesta de la direcci\u00f3n no ha sido nada positiva. Aunque reconocen que el comit\u00e9 se ha movido en los contenidos de su plataforma , consideran que este movimiento es insuficiente, por una parte porque no hay rebaja en nuestras peticiones salariales, y por lo tanto no hay la contenci\u00f3n salarial que solicitan , y por otra parte porque la flexibilidad que proponemos esta lejos de la que tienen nuestros clientes principales y seg\u00fan la empresa nos exigen, y adem\u00e1s de que solo la planteamos en negativo.<\/p>\n<p>Reiteran la necesidad de llegar a un acuerdo cuanto antes para seguir optando al proyecto de Mercedes , y se reafirman en su propuesta econ\u00f3mica del 3 %, 2%,2%, 2%, para cada a\u00f1o sin garantizar el IPC, y recalcan la necesidad de pactar una flexibilidad en los t\u00e9rminos de nuestros clientes principales, concretamente 18 d\u00edas anuales que se puedan activar o desactivar. En ese orden nos recuerda la empresa que los \u00faltimos 20 a\u00f1os hemos estado 20 puntos por encima del IPC, y ,m\u00e1s de 3 puntos por encima de las subidas pactadas en Mercedes.<\/p>\n<p style=\"text-align: center;\"><strong>Para recibir las noticias \u00fanete a nuestro <\/strong><\/p>\n<p style=\"text-align: center;\"><strong>canal de <a href=\"https:\/\/t.me\/CGTGestampBizkaia\">Telegram\u00a0<\/a> <a href=\"https:\/\/t.me\/CGTGestampBizkaia\">Berriak CGT-LKN Gestamp Bizkaia\u00a0<\/a><\/strong><\/p>\n<p><a href=\"https:\/\/t.me\/CGTGestampBizkaia\"><img loading=\"lazy\" decoding=\"async\" class=\"aligncenter wp-image-7155 size-medium\" src=\"https:\/\/www.cgt-lkn.org\/wp-content\/uploads\/sites\/20\/2020\/08\/canal-telegram-300x169.jpg\" alt=\"\" width=\"300\" height=\"169\" srcset=\"https:\/\/www.cgt-lkn.org\/bizkaia-gestamp\/wp-content\/uploads\/sites\/20\/2020\/08\/canal-telegram-300x169.jpg 300w, https:\/\/www.cgt-lkn.org\/bizkaia-gestamp\/wp-content\/uploads\/sites\/20\/2020\/08\/canal-telegram-150x85.jpg 150w, https:\/\/www.cgt-lkn.org\/bizkaia-gestamp\/wp-content\/uploads\/sites\/20\/2020\/08\/canal-telegram-400x225.jpg 400w, https:\/\/www.cgt-lkn.org\/bizkaia-gestamp\/wp-content\/uploads\/sites\/20\/2020\/08\/canal-telegram.jpg 600w\" sizes=\"auto, (max-width: 300px) 100vw, 300px\" \/><\/a><\/p>\n<p>&nbsp;<\/p>\n<p>&nbsp;<\/p>\n<h1>AN\u00c1LISIS Y PROPUESTA DE ACUERDO DE FLEXIBILIDAD<\/h1>\n<p>Los d\u00edas de flexibilidad est\u00e1n siendo unos de los mayores obst\u00e1culos para conseguir un acuerdo en el convenio de Gestamp Bizkaia. La direcci\u00f3n de la empresa sigue insistiendo que es una exigencia de cliente, y que es absolutamente necesario pactar los mismos d\u00edas que nuestros clientes para poder optar a la reposici\u00f3n del trabajo de Mercedes.<\/p>\n<p>Antes de dar nuestra opini\u00f3n al respecto es importante constatar que aunque nosotros no tengamos ninguna flexibilidad regulada en nuestro convenio, las empresas sujetas directamente al convenio del Metal de Bizkaia tienen 100 horas que pueden aplicar en positivo ( con ciertos l\u00edmites ) y en negativo, es decir, 12,5 d\u00edas de flexibilidad, y todas las empresas grandes del sector y de la zona tienen regulados d\u00edas de flexibilidad , y en algunos casos reduciendo solo un poquito las 100 horas citadas. De igual manera es un hecho cierto que nuestros clientes principales Mercedes y VWn tienen cerca de 18-21 d\u00edas de flexibilidad a aplicar al a\u00f1o, en positivo o negativo y que nuestra dependencia de ellos es total, m\u00e1s a\u00fan cuando trabajamos con un n\u00famero de contenedores limitados y definidos para cada pieza y eso no nos permite auto-regularnos o trabajar \u201ccontra almac\u00e9n .<\/p>\n<p>Es un hecho cierto tambi\u00e9n, que a\u00fan no teniendo regulada tal cual la flexibilidad en el convenio , estos \u00faltimos a\u00f1os la venimos padeciendo ( por las continuas paradas de nuestros clientes ) en positivo con los continuos cambios de calendario y en negativo con la aplicaci\u00f3n de ERTEs repetitivos , as\u00ed como con acuerdos de final de a\u00f1o, donde hemos solido pactar compartir a medias con la empresa el coste de dichos d\u00edas, tirando de un acuerdo no escrito pero aplicado varias veces.<\/p>\n<p>Desde la mayor\u00eda del comit\u00e9 , tenemos claro que esa situaci\u00f3n no va a cambiar en el futuro, Quiz\u00e1 incluso todo lo contrario. Nuestros clientes principales seguir\u00e1n parando cuando quieran o cuando las circunstancias se lo requieran aplicando sus acuerdos de flexibilidad, arrastrando as\u00ed a todos sus proveedores , y a nostrxs en Gestamp Bizkaia solo nos queda por decidir si queremos acordar una herramienta o no para hacer frente a esas situaciones. Cada vez es m\u00e1s habitual que Mercedes seg\u00fan vaya el a\u00f1o, cantidad de stock etc decida trabajar los \u00faltimos d\u00edas del a\u00f1o o no ( el a\u00f1o pasado de insinuar horas extras a final de a\u00f1o, al final paro varios d\u00edas antes ) . Pensar que la administraci\u00f3n nos aprobrar\u00e1 ERTEs perpetuos, o que cada vez que se de el caso conseguiremos acuerdos ventajosos es enga\u00f1arnos a nosotrxs mismxs. Los cambios continuos de calendario y jugar con contratos cortos de la eventualidad no son medidas adecuadas, suficientes ni v\u00e1lidas para hacer frente a dichas situaciones. Un acuerdo en este sentido deber\u00eda de valer para reducir los cambios de calendario. En esa l\u00ednea, otro de los puntos importantes de la plataforma es que la empresa tenga que abonar 100 euros por cada cambio de calendario desde el primero ( no desde le tercero como hasta ahora ), punto que consideramos importante.<\/p>\n<p>Desde la mayor\u00eda del comit\u00e9 tenemos claro que la empresa no necesita flexibilidad en positivo por mucho que se empe\u00f1e en ello . Ya la tiene de sobra con los continuos cambios de calendario, y no estamos dispuestos a darle m\u00e1s. Por ejemplo ,los trabajadores y trabajadoras del cuarto relevo ya tienen muy pocos fines de semana libres al a\u00f1o, como para que la empresa les active m\u00e1s fines de semana todav\u00eda. Los calendarios no pueden sufrir cambios al alza.<\/p>\n<p>Otra cosa es la flexibilidad negativa. Nuestros clientes principales ( fundamentalmente Mercedes ) en el pasado han parado por diferentes motivos, y en el futuro lo seguir\u00e1n haciendo, dado que tienen herramientas de flexibilidad para ello. Como dec\u00edamos arriba la administraci\u00f3n no aprobrar\u00e1 ERTEs perpetuos con lo que no nos queda m\u00e1s que acordar alguna herramienta o improvisar cada vez que se de una situaci\u00f3n de parada de cliente ( y no podamos trabajar porque por ejemplo porque no tenemos contenedores ). por ello , y con el \u00e1nimo de buscar el acuerdo ,hemos lanzado la siguiente propuesta de flexibilidad a la empresa:<\/p>\n<p style=\"text-align: center;\"><strong>Para recibir las noticias \u00fanete a nuestro <\/strong><\/p>\n<p>Email<strong>:\u00a0<a href=\"mailto:gestamp@cgt-lkn.eus\">gestamp@cgt-lkn.eus<\/a>\u00a0<\/strong>escribenos y te a\u00f1adimos a la lista oculta de correos<\/p>\n<div class=\"post-headline\">\n<p><a href=\"https:\/\/www.cgt-lkn.org\/bizkaia-gestamp\/contacto\/gestamp@cgt-lkn.eus\"><img loading=\"lazy\" decoding=\"async\" class=\"wp-image-9174 aligncenter\" src=\"https:\/\/www.cgt-lkn.org\/wp-content\/uploads\/sites\/20\/2023\/09\/correo-email.jpg\" alt=\"\" width=\"189\" height=\"170\" \/><\/a><\/p>\n<\/div>\n<p>&nbsp;<\/p>\n<h1>CAUSAS PARA LA APLICACI\u00d3N DE LA FLEXIBILIDAD<\/h1>\n<p><strong>\u00a0<\/strong><span style=\"font-size: 1.0625rem;\">PARADAS NO PROGRAMADAS POR NUESTROS CLIENTES ( B\u00e1sicamente Mercedes ) .Las paradas tendr\u00e1n que ser colectivas, no se podr\u00e1n aplicar de manera<\/span><\/p>\n<ul>\n<li>TODAS LAS DEM\u00c1S CAUSAS SE TRATARAN EN UNA COMISI\u00d3N ( Falta de abastecimiento, aver\u00edas importantes que no permitan recolocar al personal, inundaciones,..)<\/li>\n<\/ul>\n<p>&nbsp;<\/p>\n<h1>D\u00cdAS DE FLEXIBILIDAD<\/h1>\n<p><strong>\u00a0<\/strong><span style=\"font-size: 1.0625rem;\">Como m\u00e1ximo la empresa podr\u00e1 aplicar la flexibilidad durante 5 d\u00edas al a\u00f1o, solo en<\/span><\/p>\n<ul>\n<li>El ajuste de dichos d\u00edas dejados de trabajar se har\u00e1 a cargo de los d\u00edas de libre disposici\u00f3n del a\u00f1o<\/li>\n<li>Los calendarios que se elaboren tendr\u00e1n como m\u00ednimo 8 d\u00edas de libre disposici\u00f3n para poder hacer el ajuste negativo del a\u00f1o anterior si fuese necesario. El personal siempre tendr\u00e1 como m\u00ednimo 3 d\u00edas reales de libre disposici\u00f3n en todo<\/li>\n<li>No habr\u00e1 l\u00edmite para pasar horas de libre disposici\u00f3n al a\u00f1o siguiente. 5- En el 5\u00aa relevo no podr\u00e1 aplicarse la<\/li>\n<li>A los equipos que pasen del 5\u00ba relevo a otro relevo ,solo se les podr\u00e1 aplicar la parte proporcional de los 5d\u00edas. Ejemplo: 6 meses al 5\u00aa relevo y otros a cualquier otro relevo, solo se le podr\u00e1n aplicar 2,5 d\u00edas de<\/li>\n<li>Los calendarios comenzar\u00e1n el 2 de enero , todo lo que sea m\u00e1s tarde se considera flexibilidad. Solo as\u00ed se posibilita la generaci\u00f3n de calendarios con los suficientes d\u00edas de libre disposici\u00f3n.<\/li>\n<\/ul>\n<p>8 \u2013 Al personal de jornada partida la empresa solo le podr\u00e1 aplicar 3 d\u00edas de flexibilidad anuales , dejando como m\u00ednimo 2 d\u00edas reales de libre disposici\u00f3n ) dado que sus calendarios no generan tantos d\u00edas de libre disposici\u00f3n ).<\/p>\n<p>LA EMPRESA NO HA PUESTO FECHA PARA OTRA POSIBLE REUNI\u00d3N.<\/p>\n<p>En Abadi\u00f1o a 15 de septiembre de 2023<\/p>\n<p style=\"text-align: center;\"><strong>Para recibir las noticias \u00fanete a nuestro <\/strong><\/p>\n<p style=\"text-align: center;\"><strong>canal de <a href=\"https:\/\/t.me\/CGTGestampBizkaia\">Telegram\u00a0<\/a> <a href=\"https:\/\/t.me\/CGTGestampBizkaia\">Berriak CGT-LKN Gestamp Bizkaia\u00a0<\/a><\/strong><\/p>\n<p><a href=\"https:\/\/t.me\/CGTGestampBizkaia\"><img loading=\"lazy\" decoding=\"async\" class=\"aligncenter wp-image-7155 size-medium\" src=\"https:\/\/www.cgt-lkn.org\/wp-content\/uploads\/sites\/20\/2020\/08\/canal-telegram-300x169.jpg\" alt=\"\" width=\"300\" height=\"169\" srcset=\"https:\/\/www.cgt-lkn.org\/bizkaia-gestamp\/wp-content\/uploads\/sites\/20\/2020\/08\/canal-telegram-300x169.jpg 300w, https:\/\/www.cgt-lkn.org\/bizkaia-gestamp\/wp-content\/uploads\/sites\/20\/2020\/08\/canal-telegram-150x85.jpg 150w, https:\/\/www.cgt-lkn.org\/bizkaia-gestamp\/wp-content\/uploads\/sites\/20\/2020\/08\/canal-telegram-400x225.jpg 400w, https:\/\/www.cgt-lkn.org\/bizkaia-gestamp\/wp-content\/uploads\/sites\/20\/2020\/08\/canal-telegram.jpg 600w\" sizes=\"auto, (max-width: 300px) 100vw, 300px\" \/><\/a><\/p>\n<p>Email<strong>:\u00a0<a href=\"mailto:gestamp@cgt-lkn.eus\">gestamp@cgt-lkn.eus<\/a>\u00a0<\/strong>escribenos y te a\u00f1adimos a la lista oculta de correos<\/p>\n<div class=\"post-headline\">\n<p><a href=\"https:\/\/www.cgt-lkn.org\/bizkaia-gestamp\/contacto\/gestamp@cgt-lkn.eus\"><img loading=\"lazy\" decoding=\"async\" class=\"wp-image-9174 aligncenter\" src=\"https:\/\/www.cgt-lkn.org\/wp-content\/uploads\/sites\/20\/2023\/09\/correo-email.jpg\" alt=\"\" width=\"189\" height=\"170\" \/><\/a><\/p>\n<\/div>\n<p><a href=\"https:\/\/www.cgt-lkn.org\/afiliar\/public\/#!\/\" target=\"_blank\" rel=\"noopener\"><img loading=\"lazy\" decoding=\"async\" class=\"aligncenter wp-image-21117 size-medium\" src=\"https:\/\/www.cgt-lkn.org\/wp-content\/uploads\/2021\/04\/herramienta-navaja-CGT-afiliate-212x300.jpg\" alt=\"\" width=\"212\" height=\"300\" \/><br \/>\n<\/a><\/p>\n<p><strong>\u00a0<\/strong><\/p>\n<p><strong>\u00a0<\/strong><strong><u>KOMITEAK JAKINARAZTEN DU<\/u><\/strong><\/p>\n<h4>LAN HITZARMENAREN NEGOZIAZIOA- IRAILAK 15<\/h4>\n<p>Gaur ostirala, irailak 15, berriro bildu gara zuzendaritzarekin hitzarmena negoziatzeko. Negoziazioa desblokeatze aldera, malgutasuna negoziazioaren elementu nagusi bat dela jakinda, Mercedesen proiektua , eta ondorioz, hurrengo 10-15 urteetarako plantillaren etorkizuna lotzeko helburuarekin, komitearen gehiengotik (LABeko 14 ordezkari, UGTeko 4 ordezkari) malgutasun-proposamen bat egin dugu, behean zehazten duguna, enpresaren aldetik erantzun positiboa bat espero genuelarik, negoziazioa desblokeatu eta gai horretan , zein hitzarmeneko beste batzuetan aurrera egiteko asmoarekin.<\/p>\n<p>Zoritxarrez, zuzendaritzaren erantzuna ez da batere positiboa izan. Nahiz eta aitortu duten komitea bere plataformaren edukietan mugitu dela, uste dute mugimendu hori ez dela nahikoa. Batetik, gure soldata-eskaerak ez direlako jaisten, eta, beraz, ez dagoelako eskatzen duten soldata eustea, eta, bestetik, proposatzen dugun malgutasuna gure bezero nagusiek eskatzen digutenetik ( enpresak dioenez )urrun dagoelako, eta, gainera, negatiboan bakarrik planteatzen dugulako.<\/p>\n<p>Mercedesen proiektua jasotzeko aukera izaten jarraitzeko lehenbailehen akordio batera iristeko beharra nabarmendu dute, eta urte bakoitzerako % 3, % 2, % 2 eta % 2ko proposamen ekonomikoa berretsi dute, KPIa bermatu gabe, eta gure bezero nagusien baldintzetan malgutasuna hitzartzeko beharra azpimarratu dute, zehazki, aktibatu edo desaktibatu daitezkeen urteko 18 egun. Ildo horretan, enpresak gogorarazi digu azken 20 urteko epean KPIa baino 20 puntu gorago igo dituela soldatak, eta Mercedesen hitzartutako igoerak baino 3 puntu gorago.<\/p>\n<p>&nbsp;<\/p>\n<h1>MALGUTASUN AKORDIOAREN ANALISIA ETA PROPOSAMENA<\/h1>\n<p>Malgutasun egunak oztopo handienetako bat izaten ari dira Gestamp Bizkaiako hitzarmenean akordioa lortzeko. Enpresako zuzendaritzak behin eta berriz esaten du bezeroaren eskakizuna dela, eta behar-beharrezkoa dela gure bezeroen egun berberak hitzartzea Mercedesen lana lortu ahal ahal izateko.<\/p>\n<p>Gure iritzia eman baino lehen, garrantzitsua da nabarmentzea, gure hitzarmenean malgutasunik araututa ez dugun arren, Bizkaiko metaleko hitzarmenari zuzenean lotuta dauden enpresek 100 ordu dituztela modu positiboan (muga batzuekin) eta negatiboan aplika ditzaketenak, hau da, 12,5 eguneko malgutasuna, eta sektoreko eta inguruko enpresa handi guztiek malgutasun egunak dituztela araututa, eta kasu batzuetan aipatutako 100 orduak apur bat murriztuta soilik. Era berean, egia da gure bezero nagusiek, Mercedesek eta VWnek, urtean aplikatu ahal izateko 18-21 eguneko malgutasuna dutela, positiboan edo negatiboan, eta haiekiko gure mendekotasuna erabatekoa dela, are gehiago pieza bakoitzerako zehaztutako edukiontzi kopuru mugatu batekin lan egiten dugunean, eta horrek ez digularik uzten \u00abbiltegiaren kontra\u00bb lan egiten.<\/p>\n<p>Egia da, baita ere, hitzarmenean malgutasuna bere horretan araututa ez dugun arren, azken urte hauetan (gure bezeroen etenaldi etengabeengatik) modu positiboan pairatzen ari garela lan egutegien etengabeko aldaketekin, eta negatiboan ERTE errepikakorren aplikazioarekin, baita urte amaierako akordioekin ere, non egun horien kostua enpresarekin erdibana partekatzea hitzartu izan dugun, idatzi gabeko baina hainbat aldiz aplikatutako akordio batetik tiraka.<\/p>\n<p>Batzordearen gehiengoarengandik, argi daukagu egoera hori ez dela aldatuko etorkizunean, agian guztiz kontrakoa ere bai. Gure bezero nagusiek nahi dutenean edo egoerak hala eskatzen dienean gelditzen jarraituko dute, malgutasun-akordioak aplikatuz. Horrela, hornitzaile guztiak arrastaka eramango ditugu, eta Gestamp Bizkaia enpresan egoera horiei aurre egiteko tresna bat adostu nahi dugun ala ez erabakitzea baino ez zaigu geratzen. Gero eta ohikoagoa da Mercedesek urtearen, stock kopuruaren ,eta abarren arabera urteko azken egunetan lan egitea erabakitzea edo ez (iaz, urte amaieran ordu estrak egingo zituztela ematen zuen eta azkenean, zenbait egun lehenago produkzioa gelditzea erabaki zuten). Pentsatzea administrazioak \u201c betirako \u201c ERTEak onartuko dituela edo kasu bakoitzean akordio onuragarriak lortuko ditugula geure burua engainatzea da. Egutegi- aldaketa jarraituak eta behin-behinekotasunaren kontratu laburrekin jokatzea ez dira neurri egokiak, nahikoak eta baliozkoak egoera horiei aurre egiteko. Ildo horretako akordio batek egutegi-aldaketak murrizteko balio beharko luke. Ildo horretan, plataformaren beste puntu garrantzitsu bat da enpresak 100 euro ordaindu behar izatea egutegi-aldaketa bakoitzagatik , lehenengotik hasita (ez hirugarrenetik, orain arte bezala).<\/p>\n<p style=\"text-align: center;\"><strong>Para recibir las noticias \u00fanete a nuestro <\/strong><\/p>\n<p style=\"text-align: center;\"><strong>canal de <a href=\"https:\/\/t.me\/CGTGestampBizkaia\">Telegram\u00a0<\/a> <a href=\"https:\/\/t.me\/CGTGestampBizkaia\">Berriak CGT-LKN Gestamp Bizkaia\u00a0<\/a><\/strong><\/p>\n<p><a href=\"https:\/\/t.me\/CGTGestampBizkaia\"><img loading=\"lazy\" decoding=\"async\" class=\"aligncenter wp-image-7155 size-medium\" src=\"https:\/\/www.cgt-lkn.org\/wp-content\/uploads\/sites\/20\/2020\/08\/canal-telegram-300x169.jpg\" alt=\"\" width=\"300\" height=\"169\" srcset=\"https:\/\/www.cgt-lkn.org\/bizkaia-gestamp\/wp-content\/uploads\/sites\/20\/2020\/08\/canal-telegram-300x169.jpg 300w, https:\/\/www.cgt-lkn.org\/bizkaia-gestamp\/wp-content\/uploads\/sites\/20\/2020\/08\/canal-telegram-150x85.jpg 150w, https:\/\/www.cgt-lkn.org\/bizkaia-gestamp\/wp-content\/uploads\/sites\/20\/2020\/08\/canal-telegram-400x225.jpg 400w, https:\/\/www.cgt-lkn.org\/bizkaia-gestamp\/wp-content\/uploads\/sites\/20\/2020\/08\/canal-telegram.jpg 600w\" sizes=\"auto, (max-width: 300px) 100vw, 300px\" \/><\/a><\/p>\n<p>&nbsp;<\/p>\n<p>Komitearen gehiengotik argi daukagu enpresak ez duela malgutasun positiborik behar, nahiz eta horretan tematuta egon. Egutegi-aldaketa etengabeekin soberan dago, eta ez gaude gehiago emateko prest. Adibidez, laugarren<\/p>\n<p>txandako langileek oso asteburu gutxi dituzte libre urtean, enpresak oraindik asteburu gehiago aktibatzeko. Egutegiek ezin dute lan egun gehiagorako aldaketarik izan.<\/p>\n<p>Beste kontu bat da malgutasun negatiboa . Gure bezero nagusiak (batez ere Mercedes) iraganean gelditu egin dira hainbat arrazoirengatik, eta etorkizunean ere hala egiten jarraituko dute, horretarako malgutasun-tresnak baitituzte. Lehen esan dugun bezala, administrazioak ez du onartuko \u201c betirako \u201c ERTErik , eta, beraz, tresnaren bat adostea edo inprobisatzea besterik ez zaigu geratzen bezeroa gelditzen den bakoitzean ( ezin badugu lanik egin, adibidez, edukiontzirik ez dugulako). Horregatik, eta akordioa bilatzeko asmoz, malgutasun-proposamen hau egin diogu enpresari:<\/p>\n<p>&nbsp;<\/p>\n<h1>MALGUTASUNA APLIKATZEKO ARRAZOIAK<\/h1>\n<p><strong>\u00a0<\/strong><span style=\"font-size: 1.0625rem;\">GURE BEZEROEK PROGRAMATU GABEKO GELDIALDIAK (Mercedes funtsean). Geldialdiak kolektiboak izan beharko dira, eta ezingo dira banaka<\/span><\/p>\n<ul>\n<li>GAINERAKO ARRAZOI GUZTIAK BATZORDE BATEAN AZTERTUKO DIRA (hornidurarik eza,langileak birkokatzea eragozten duten matxura garrantzitsuak, uholdeak&#8230;)<\/li>\n<\/ul>\n<p style=\"text-align: center;\"><strong>Para recibir las noticias \u00fanete a nuestro <\/strong><\/p>\n<p>Email<strong>:\u00a0<a href=\"mailto:gestamp@cgt-lkn.eus\">gestamp@cgt-lkn.eus<\/a>\u00a0<\/strong>escribenos y te a\u00f1adimos a la lista oculta de correos<\/p>\n<div class=\"post-headline\">\n<p><a href=\"https:\/\/www.cgt-lkn.org\/bizkaia-gestamp\/contacto\/gestamp@cgt-lkn.eus\"><img loading=\"lazy\" decoding=\"async\" class=\"wp-image-9174 aligncenter\" src=\"https:\/\/www.cgt-lkn.org\/wp-content\/uploads\/sites\/20\/2023\/09\/correo-email.jpg\" alt=\"\" width=\"189\" height=\"170\" \/><\/a><\/p>\n<\/div>\n<p>&nbsp;<\/p>\n<h1>MALGUTASUN-EGUNAK<\/h1>\n<p><strong>\u00a0<\/strong>1.- Gehienez ere, enpresak urtean 5 egunez aplikatu ahal izango du malgutasuna, negatiboan soilik. 2- Lan egin gabeko egun horiek hurrengo urteko norberaren aukerako egunen kontura doituko dira.<\/p>\n<ul>\n<li>Egiten diren egutegiek norberaren aukerako 8 egun izango dituzte gutxienez, aurreko urteko doikuntza negatiboa egin ahal izateko, beharrezkoa izanez gero. Langileek beti izango dituzte norberaren aukerako 3 egun erreal,<\/li>\n<li>Ez da mugarik egongo hurrengo urtera norberaren aukerako orduak pasatzeko. 5.- 5. txandan ezingo da malgutasunik<\/li>\n<\/ul>\n<p>6- 5. txandatik beste txanda batera igarotzen diren taldeei 5 egunen zati proportzionala soilik aplikatu ahal izango zaie. Adibidea: 6 hilabete 5. txandan egonda eta beste batzuk beste edozein txandatan 2,5 eguneko malgutasuna soilik aplikatu ahal izango zaio.<\/p>\n<p>7.- Egutegiak urtarrilaren 2an hasiko dira, eta beranduago egiten den guztia malgutasuntzat hartuko da. Horrela bakarrik sor daitezke egutegiak norberaren aukerako egun nahikoekin.<\/p>\n<p>8 \u2013 Lanaldi zatituko langileei enpresak urtean 3 eguneko malgutasuna soilik aplikatu ahal izango die, eta norberaren aukerako 2 egun erreal utziko dizkie gutxienez ( egutegiek ez baitituzte norberaren aukerako hainbeste egun sortzen).<\/p>\n<p>ENPRESAK EZ DU BESTE BILERA BATERAKO DATARIK JARRI.<\/p>\n<p>Abadi\u00f1on, 2023ko<\/p>\n<p style=\"text-align: center;\"><strong>Para recibir las noticias \u00fanete a nuestro <\/strong><\/p>\n<p style=\"text-align: center;\"><strong>canal de <a href=\"https:\/\/t.me\/CGTGestampBizkaia\">Telegram\u00a0<\/a> <a href=\"https:\/\/t.me\/CGTGestampBizkaia\">Berriak CGT-LKN Gestamp Bizkaia\u00a0<\/a><\/strong><\/p>\n<p><a href=\"https:\/\/t.me\/CGTGestampBizkaia\"><img loading=\"lazy\" decoding=\"async\" class=\"aligncenter wp-image-7155 size-medium\" src=\"https:\/\/www.cgt-lkn.org\/wp-content\/uploads\/sites\/20\/2020\/08\/canal-telegram-300x169.jpg\" alt=\"\" width=\"300\" height=\"169\" srcset=\"https:\/\/www.cgt-lkn.org\/bizkaia-gestamp\/wp-content\/uploads\/sites\/20\/2020\/08\/canal-telegram-300x169.jpg 300w, https:\/\/www.cgt-lkn.org\/bizkaia-gestamp\/wp-content\/uploads\/sites\/20\/2020\/08\/canal-telegram-150x85.jpg 150w, https:\/\/www.cgt-lkn.org\/bizkaia-gestamp\/wp-content\/uploads\/sites\/20\/2020\/08\/canal-telegram-400x225.jpg 400w, https:\/\/www.cgt-lkn.org\/bizkaia-gestamp\/wp-content\/uploads\/sites\/20\/2020\/08\/canal-telegram.jpg 600w\" sizes=\"auto, (max-width: 300px) 100vw, 300px\" \/><\/a><\/p>\n<p>Email<strong>:\u00a0<a href=\"mailto:gestamp@cgt-lkn.eus\">gestamp@cgt-lkn.eus<\/a>\u00a0<\/strong>escribenos y te a\u00f1adimos a la lista oculta de correos<\/p>\n<div class=\"post-headline\">\n<p>&nbsp;<\/p>\n<\/div>\n<p><a href=\"https:\/\/www.cgt-lkn.org\/afiliar\/public\/#!\/\" target=\"_blank\" rel=\"noopener\"><img loading=\"lazy\" decoding=\"async\" class=\"aligncenter wp-image-21117 size-medium\" src=\"https:\/\/www.cgt-lkn.org\/wp-content\/uploads\/2021\/04\/herramienta-navaja-CGT-afiliate-212x300.jpg\" alt=\"\" width=\"212\" height=\"300\" \/><br \/>\n<\/a><\/p>\n","protected":false},"excerpt":{"rendered":"<p>NEGOCIACI\u00d3N CONVENIO -15 DE SEPTIEMBRE Hoy viernes 15 de septiembre nos hemos vuelto a reunir con la direcci\u00f3n para la<\/p>\n","protected":false},"author":6,"featured_media":6948,"comment_status":"closed","ping_status":"open","sticky":false,"template":"","format":"standard","meta":{"footnotes":"","_links_to":"","_links_to_target":""},"categories":[7,79],"tags":[307,117,198,268,161],"class_list":["post-9248","post","type-post","status-publish","format-standard","has-post-thumbnail","hentry","category-comunicados","category-gestamp-bizkaia","tag-bolsa-de-horas","tag-comite","tag-convenio","tag-flexibilidad","tag-mercedes"],"publishpress_future_action":{"enabled":false,"date":"2026-05-02 09:42:04","action":"change-status","newStatus":"draft","terms":[],"taxonomy":"category","extraData":[]},"publishpress_future_workflow_manual_trigger":{"enabledWorkflows":[]},"_links":{"self":[{"href":"https:\/\/www.cgt-lkn.org\/bizkaia-gestamp\/wp-json\/wp\/v2\/posts\/9248","targetHints":{"allow":["GET"]}}],"collection":[{"href":"https:\/\/www.cgt-lkn.org\/bizkaia-gestamp\/wp-json\/wp\/v2\/posts"}],"about":[{"href":"https:\/\/www.cgt-lkn.org\/bizkaia-gestamp\/wp-json\/wp\/v2\/types\/post"}],"author":[{"embeddable":true,"href":"https:\/\/www.cgt-lkn.org\/bizkaia-gestamp\/wp-json\/wp\/v2\/users\/6"}],"replies":[{"embeddable":true,"href":"https:\/\/www.cgt-lkn.org\/bizkaia-gestamp\/wp-json\/wp\/v2\/comments?post=9248"}],"version-history":[{"count":1,"href":"https:\/\/www.cgt-lkn.org\/bizkaia-gestamp\/wp-json\/wp\/v2\/posts\/9248\/revisions"}],"predecessor-version":[{"id":9249,"href":"https:\/\/www.cgt-lkn.org\/bizkaia-gestamp\/wp-json\/wp\/v2\/posts\/9248\/revisions\/9249"}],"wp:featuredmedia":[{"embeddable":true,"href":"https:\/\/www.cgt-lkn.org\/bizkaia-gestamp\/wp-json\/wp\/v2\/media\/6948"}],"wp:attachment":[{"href":"https:\/\/www.cgt-lkn.org\/bizkaia-gestamp\/wp-json\/wp\/v2\/media?parent=9248"}],"wp:term":[{"taxonomy":"category","embeddable":true,"href":"https:\/\/www.cgt-lkn.org\/bizkaia-gestamp\/wp-json\/wp\/v2\/categories?post=9248"},{"taxonomy":"post_tag","embeddable":true,"href":"https:\/\/www.cgt-lkn.org\/bizkaia-gestamp\/wp-json\/wp\/v2\/tags?post=9248"}],"curies":[{"name":"wp","href":"https:\/\/api.w.org\/{rel}","templated":true}]}}