{"id":9055,"date":"2023-07-10T21:46:25","date_gmt":"2023-07-10T19:46:25","guid":{"rendered":"https:\/\/www.cgt-lkn.org\/bizkaia\/gestamp\/?p=9055"},"modified":"2023-09-11T15:34:17","modified_gmt":"2023-09-11T13:34:17","slug":"el-comite-informa-negociacion-convenio-2","status":"publish","type":"post","link":"https:\/\/www.cgt-lkn.org\/bizkaia-gestamp\/2023\/07\/10\/el-comite-informa-negociacion-convenio-2\/","title":{"rendered":"EL COMIT\u00c9 INFORMA: Negociaci\u00f3n convenio"},"content":{"rendered":"<p><strong><u>NEGOCIACI\u00d3N CONVENIO 2023<\/u><\/strong><\/p>\n<p>Hoy martes 10 de julio nos hemos vuelto a reunir con la empresa para la negociaci\u00f3n del convenio. Como informamos en la nota anterior ,quedamos que a finales de la semana anterior le pasar\u00edamos la plataforma de negociaci\u00f3n acordada por unanimidad por todos los sindicatos representados en el Comite de Empresa ( LAB, UGT, CGT ).<\/p>\n<p>La plataforma en sus puntos principales es la siguiente ( ya la explicaremos m\u00e1s extensamente en notas posteriores ):<\/p>\n<p><strong>OBJETIVO<\/strong> <strong>PRINCIPAL- <\/strong>Atar el nuevo proyecto de Mercedes y que todo se haga en las instalaciones de Gestamp Bizkaia en Abadi\u00f1o con las inversiones y ampliaciones necesarias. Sin ese compromiso no firmaremos ning\u00fan convenio.<\/p>\n<p><strong>VIGENCIA- <\/strong>3 a\u00f1os.<\/p>\n<p><strong>SUBIDA SALARIAL- <\/strong>6%, 4%, y 3% para los a\u00f1os 2023,2024,2024, con la garant\u00eda del IPC del a\u00f1o anterior. Introducir media de pluses en las pagas extras.<\/p>\n<p>Incremento de 50 euros anuales en la paga o prima por objetivos.<\/p>\n<p>Equiparaci\u00f3n del plus noche de todo el personal que este por debajo hasta el nivel 4A.<\/p>\n<p><strong>JORNADA LABORAL- <\/strong>Reducci\u00f3n de 4 horas anuales para jornada partida y 3 relevos, y 8 para el 4 y 5 relevo.<\/p>\n<p>A\u00f1adir como reducci\u00f3n el permiso retribuido recogido en el convenio del metal de Bizkaia. <strong>CALENDARIO- <\/strong>Se abonar\u00e1n 100 euros a partir del primer cambio de calendario. Si con el cambio de calendario se genera saldo negativo, en funci\u00f3n del trimestre del a\u00f1o, que la empresa asuma una parte. Posibilidad de que el trabajador o trabajadora pueda ajustar sus horas negativas con descuento de n\u00f3mina.<\/p>\n<p><strong>CONTRATOS FIJOS<\/strong>&#8211; 20 contratos fijos sin contar los contratos de relevo.<\/p>\n<p><strong>MOVILIDAD FUNCIONAL- <\/strong>Que se abone desde el primer d\u00eda cuando se hacen labores de categor\u00eda superior. Si se hace por horas pago proporcional.<\/p>\n<p><strong>CATEGORIAS- <\/strong>Crear una comisi\u00f3n para analizar el sistema HAY de categor\u00edas para si cabe actualizar el mismo y posibilitar el acceso a nivel de 4 , a departamentos como mantenimiento, troqueleria y utillajes desde la perspectiva de que es un oficio con desarrollo superior al nivel 3.<\/p>\n<p><strong>PERMISOS RETRIBUIDOS- <\/strong>Actualizar a cambios legales ( ley de familia ), sumar horas de m\u00e9dico de cabecera, posibilitar salir antes cuando se esta de noche y se tiene consulta o acompa\u00f1amiento la ma\u00f1ana siguiente, equipar a padres, madres, hijos, e hijas, con tutores y tutelados, \u2026 y m\u00e1s cuestiones.<\/p>\n<p><strong>OTROS- <\/strong>Mejorar excedencias especiales, a\u00f1adir m\u00e1s limpiezas de ropa a ciertas unidades, posibilidad de compra de calzado individual, regular mejor desplazamientos por trabajo, incrementar cantidad de seguros de vida y accidente \/enfermedad y ampliar coberturas , posibilidad de que subcontratas habituales usen el comedor a mismo coste , abono del 50 % del coste del transporte p\u00fablico para los y las que lo utilicen para ir a trabajar, creaci\u00f3n de comisi\u00f3n de medio ambiente\u2026<\/p>\n<p><strong>La primera parte de la reuni\u00f3n la hemos utilizado para explicar o aclarar a la empresa el contenido de nuestra plataforma. A\u00fan as\u00ed, la empresa sigue insistiendo que si queremos captar el nuevo proyecto de Mercedes que sustituir\u00e1 el actual y toda la inversi\u00f3n millonaria que conlleva el mismo tenemos que hacer un esfuerzo. Sigue planteando un convenio a 4 a\u00f1os, pone como condici\u00f3n innegociable acordar flexibilidad ( 18 d\u00edas ) , y contenci\u00f3n salarial, no reducir jornada, no hacer mas fijos y fijas, \u2026 La oferta econ\u00f3mica que hace para los a\u00f1os 2023-2026 es de un 1 %, 1%, 0,75 %, y 0,75 % respectivamente sin garant\u00eda de IPC, congelando la paga por objetivos. Al resto de conceptos salariales tambi\u00e9n responde que no. Estar\u00eda dispuesta a hablar de mejorar otras peque\u00f1as cuestiones siempre que lleguemos a acuerdos en los temas arriba mencionados.<\/strong><\/p>\n<p>Nos hemos vuelto a emplazar a una reuni\u00f3n para la siguiente semana. Seguiremos informando.<\/p>\n<p style=\"text-align: center;\"><strong>Para recibir las noticias unte a nuestro canal de\u00a0<a href=\"https:\/\/t.me\/CGTGestampBizkaia\">Telegram<\/a><\/strong><\/p>\n<p><a href=\"https:\/\/t.me\/CGTGestampBizkaia\"><img loading=\"lazy\" decoding=\"async\" class=\"aligncenter wp-image-7155 size-medium\" src=\"https:\/\/www.cgt-lkn.org\/wp-content\/uploads\/sites\/20\/2020\/08\/canal-telegram-300x169.jpg\" alt=\"\" width=\"300\" height=\"169\" srcset=\"https:\/\/www.cgt-lkn.org\/bizkaia-gestamp\/wp-content\/uploads\/sites\/20\/2020\/08\/canal-telegram-300x169.jpg 300w, https:\/\/www.cgt-lkn.org\/bizkaia-gestamp\/wp-content\/uploads\/sites\/20\/2020\/08\/canal-telegram-150x85.jpg 150w, https:\/\/www.cgt-lkn.org\/bizkaia-gestamp\/wp-content\/uploads\/sites\/20\/2020\/08\/canal-telegram-400x225.jpg 400w, https:\/\/www.cgt-lkn.org\/bizkaia-gestamp\/wp-content\/uploads\/sites\/20\/2020\/08\/canal-telegram.jpg 600w\" sizes=\"auto, (max-width: 300px) 100vw, 300px\" \/><\/a><\/p>\n<p>&nbsp;<\/p>\n<p style=\"text-align: center;\"><strong><a href=\"https:\/\/www.cgt-lkn.org\/afiliar\/public\/#!\/\">AF\u00cdLIATE!!<\/a><\/strong><\/p>\n<p style=\"text-align: center;\"><a href=\"https:\/\/www.cgt-lkn.org\/afiliar\/public\/#!\/\"><img loading=\"lazy\" decoding=\"async\" class=\"alignnone size-full wp-image-9026\" src=\"https:\/\/www.cgt-lkn.org\/wp-content\/uploads\/sites\/20\/3021\/01\/ni-te-vende-ni-se-vende-cgt.jpg\" alt=\"\" width=\"142\" height=\"155\" \/><\/a><\/p>\n<p>En Abadi\u00f1o a 10 de julio de 2023<\/p>\n<p><strong><u>KOMITEAK JAKINARAZTEN DU<\/u><\/strong><\/p>\n<p><strong>\u00a0<\/strong><\/p>\n<p><strong><u>2023ko HITZARMENAREN NEGOZIAZIOA<\/u><\/strong><\/p>\n<p><strong>\u00a0<\/strong><\/p>\n<p>Gaur asteartea, uztailak 10, berriro bildu gara enpresarekin hitzarmena negoziatzeko. Aurreko oharrean adierazi genuenez, aurreko astearen amaieran enpresako Komitean ordezkatuta dauden sindikatu guztiek (LAB, UGT, CGT) aho batez adostutako negoziazio-plataforma pasatuko geniela hitzeman genien.<\/p>\n<p>Hona hemen plataformaren puntu nagusiak (aurrerago azalduko dugu zabalago):<\/p>\n<p><strong>HELBURU NAGUSIA- <\/strong>Mercedesen proiektu berria lotzea eta dena Gestamp Bizkaiak Abadi\u00f1on dituen instalazioetan egitea, beharrezko inbertsio eta ampliazioekin. Konpromiso hori gabe ez dugu hitzarmenik sinatuko.<\/p>\n<p><strong>INDARRALDIA<\/strong>&#8211; 3 urte.<\/p>\n<p><strong>SOLDATA IGOERA<\/strong>&#8211; % 6, % 4 eta % 3 2023,2024,2024 urteetarako, aurreko urteko KPIaren bermearekin. Aparteko ordainsarietan plusen batez bestekoa sartu.<\/p>\n<p>Urteko 50 euroko igoera helburuen araberako ordainsarian edo priman. 4A mailaraino, azpitik dauden langile guztien gaueko plusa parekatzea.<\/p>\n<p><strong>LANALDIA.- <\/strong>Urtean 4 orduko murrizketa lanaldi zatituan eta 3 txandatan, eta 8 ordukoa 4. eta 5. txandetan.<\/p>\n<p>Murrizketa gisa, Bizkaiko metalaren hitzarmenean jasotako baimen ordaindua gehitzea.<\/p>\n<p><strong>EGUTEGIA- <\/strong>100 euro ordainduko dira lehenengo egutegi-aldaketatik aurrera. Egutegi-aldaketarekin saldo negatiboa sortzen bada, urteko hiruhilekoaren arabera, enpresak zati bat bere gain hartzea. Langileak bere ordu negatiboak nomina-deskontuarekin doitzeko aukera.<\/p>\n<p><strong>KONTRATU FINKOAK<\/strong>&#8211; 20 kontratu finko, errelebo kontratuak kontuan hartu gabe. <strong>MUGIKORTASUN FUNTZIONALA.- <\/strong>Lehen egunetik ordaintzea, goragoko kategoriako lanak egiten direnean. Orduka egiten bada, proportzioan ordainduko da.<\/p>\n<p><strong>KATEGORIAK- <\/strong>Kategorien HAY sistema aztertzeko batzorde bat sortzea, sistema hori eguneratu ahal izateko eta 4. mailan zenbait sailetarako sarbidea ahalbidetzea, hala nola mantentze-lanetarako, trokeletarako eta tresneriarako, 3. mailatik gorako garapena duen ofizioa den ikuspegitik.<\/p>\n<p><strong>ORDAINDUTAKO BAIMENAK- <\/strong>Lege-aldaketetara eguneratzea (familia-legea), familia-medikuaren orduak gehitzea, gauez gaudenean eta hurrengo goizean kontsulta edo senideak laguntzeko denean lehenago irteteko aukera ematea, gurasoak, seme-alabak eta tutoreak ekipatzea&#8230; eta beste gai batzuk.<\/p>\n<p><strong>BESTE BATZUK.- <\/strong>Eszedentzia bereziak hobetzea, zenbait unitateri arropa gehiago garbitzea, banakako oinetakoak erosteko aukera ematea, laneko joan-etorriak hobeto arautzea, bizitza-, istripu- eta gaixotasun-aseguruen kopurua handitzea eta estaldurak handitzea, ohiko azpikontratek jantokia kostu berean erabiltzeko aukera izatea, garraio publikoaren kostuaren % 50 ordaintzea lanera joateko erabiltzen dutenentzat, ingurumen-batzordea sortzea&#8230;<\/p>\n<p><strong>Bileraren lehen zatia gure plataformaren edukia enpresari azaltzeko edo argitzeko erabili dugu. Hala ere, enpresak behin eta berriz esan du Mercedesen proiektu berria gureganatu nahi badugu, egungo proiektua ordezkatuko duena, eta horrek dakarren milioi askoko inbertsio guztia lortzeko esfortzu bat egin behar dugula. 4 urterako hitzarmen bat proposatzen jarraitzen du, eta baldintza negoziaezintzat jartzen du malgutasuna (18 egun) eta soldatari eustea, lanaldia ez murriztea, kontratu finko gehiago ez egitea&#8230; 2023-2026 urteetarako egiten duen eskaintza ekonomikoa % 1, % 1, % 0,75 eta % 0,75 da, hurrenez hurren, KPIren bermerik gabe, helburuen araberako ordainsaria izoztuz. Gainerako soldata-kontzeptuei ere ezetz erantzun die. Prest leudeke beste gai txiki batzuk hobetzeaz hitz egiteko, goian aipatutako gaietan akordioak lortzen baditugu.<\/strong><\/p>\n<p><strong>\u00a0<\/strong><\/p>\n<p>Hurrengo astean berriro bilduko gara. Informatzen jarraituko dugu.<\/p>\n<p style=\"text-align: center;\"><strong>Para recibir las noticias unte a nuestro canal de\u00a0<a href=\"https:\/\/t.me\/CGTGestampBizkaia\">Telegram<\/a><\/strong><\/p>\n<p><a href=\"https:\/\/t.me\/CGTGestampBizkaia\"><img loading=\"lazy\" decoding=\"async\" class=\"aligncenter wp-image-7155 size-medium\" src=\"https:\/\/www.cgt-lkn.org\/wp-content\/uploads\/sites\/20\/2020\/08\/canal-telegram-300x169.jpg\" alt=\"\" width=\"300\" height=\"169\" srcset=\"https:\/\/www.cgt-lkn.org\/bizkaia-gestamp\/wp-content\/uploads\/sites\/20\/2020\/08\/canal-telegram-300x169.jpg 300w, https:\/\/www.cgt-lkn.org\/bizkaia-gestamp\/wp-content\/uploads\/sites\/20\/2020\/08\/canal-telegram-150x85.jpg 150w, https:\/\/www.cgt-lkn.org\/bizkaia-gestamp\/wp-content\/uploads\/sites\/20\/2020\/08\/canal-telegram-400x225.jpg 400w, https:\/\/www.cgt-lkn.org\/bizkaia-gestamp\/wp-content\/uploads\/sites\/20\/2020\/08\/canal-telegram.jpg 600w\" sizes=\"auto, (max-width: 300px) 100vw, 300px\" \/><\/a><\/p>\n<p>&nbsp;<\/p>\n<p style=\"text-align: center;\"><strong><a href=\"https:\/\/www.cgt-lkn.org\/afiliar\/public\/#!\/\">AF\u00cdLIATE!!<\/a><\/strong><\/p>\n<p style=\"text-align: center;\"><a href=\"https:\/\/www.cgt-lkn.org\/afiliar\/public\/#!\/\"><img loading=\"lazy\" decoding=\"async\" class=\"alignnone size-full wp-image-9026\" src=\"https:\/\/www.cgt-lkn.org\/wp-content\/uploads\/sites\/20\/3021\/01\/ni-te-vende-ni-se-vende-cgt.jpg\" alt=\"\" width=\"142\" height=\"155\" \/><\/a><\/p>\n<p>Abadi\u00f1on, 2023ko uztailaren 10ean<\/p>\n<p>&nbsp;<\/p>\n","protected":false},"excerpt":{"rendered":"<p>NEGOCIACI\u00d3N CONVENIO 2023 Hoy martes 10 de julio nos hemos vuelto a reunir con la empresa para la negociaci\u00f3n del<\/p>\n","protected":false},"author":6,"featured_media":6948,"comment_status":"closed","ping_status":"open","sticky":false,"template":"","format":"standard","meta":{"footnotes":"","_links_to":"","_links_to_target":""},"categories":[7,13,79],"tags":[117,87,198],"class_list":["post-9055","post","type-post","status-publish","format-standard","has-post-thumbnail","hentry","category-comunicados","category-gestamp","category-gestamp-bizkaia","tag-comite","tag-comunicado","tag-convenio"],"publishpress_future_action":{"enabled":false,"date":"2026-05-05 17:24:14","action":"change-status","newStatus":"draft","terms":[],"taxonomy":"category","extraData":[]},"publishpress_future_workflow_manual_trigger":{"enabledWorkflows":[]},"_links":{"self":[{"href":"https:\/\/www.cgt-lkn.org\/bizkaia-gestamp\/wp-json\/wp\/v2\/posts\/9055","targetHints":{"allow":["GET"]}}],"collection":[{"href":"https:\/\/www.cgt-lkn.org\/bizkaia-gestamp\/wp-json\/wp\/v2\/posts"}],"about":[{"href":"https:\/\/www.cgt-lkn.org\/bizkaia-gestamp\/wp-json\/wp\/v2\/types\/post"}],"author":[{"embeddable":true,"href":"https:\/\/www.cgt-lkn.org\/bizkaia-gestamp\/wp-json\/wp\/v2\/users\/6"}],"replies":[{"embeddable":true,"href":"https:\/\/www.cgt-lkn.org\/bizkaia-gestamp\/wp-json\/wp\/v2\/comments?post=9055"}],"version-history":[{"count":2,"href":"https:\/\/www.cgt-lkn.org\/bizkaia-gestamp\/wp-json\/wp\/v2\/posts\/9055\/revisions"}],"predecessor-version":[{"id":9199,"href":"https:\/\/www.cgt-lkn.org\/bizkaia-gestamp\/wp-json\/wp\/v2\/posts\/9055\/revisions\/9199"}],"wp:featuredmedia":[{"embeddable":true,"href":"https:\/\/www.cgt-lkn.org\/bizkaia-gestamp\/wp-json\/wp\/v2\/media\/6948"}],"wp:attachment":[{"href":"https:\/\/www.cgt-lkn.org\/bizkaia-gestamp\/wp-json\/wp\/v2\/media?parent=9055"}],"wp:term":[{"taxonomy":"category","embeddable":true,"href":"https:\/\/www.cgt-lkn.org\/bizkaia-gestamp\/wp-json\/wp\/v2\/categories?post=9055"},{"taxonomy":"post_tag","embeddable":true,"href":"https:\/\/www.cgt-lkn.org\/bizkaia-gestamp\/wp-json\/wp\/v2\/tags?post=9055"}],"curies":[{"name":"wp","href":"https:\/\/api.w.org\/{rel}","templated":true}]}}