{"id":9050,"date":"2023-07-06T09:14:58","date_gmt":"2023-07-06T07:14:58","guid":{"rendered":"https:\/\/www.cgt-lkn.org\/bizkaia\/gestamp\/?p=9050"},"modified":"2023-09-11T15:34:27","modified_gmt":"2023-09-11T13:34:27","slug":"reunion-convenio-4-7-2023","status":"publish","type":"post","link":"https:\/\/www.cgt-lkn.org\/bizkaia-gestamp\/2023\/07\/06\/reunion-convenio-4-7-2023\/","title":{"rendered":"REUNI\u00d3N  CONVENIO 4-7-2023"},"content":{"rendered":"<p><strong>\u00a0\u00a0 1\u00ba-<\/strong> Para CGT-LKN la <strong>propuesta<\/strong> inicial de la <strong>direcci\u00f3n<\/strong> resumida en el \u00faltimo \u201ccomit\u00e9 informa\u201d <strong>es<\/strong> la del <strong>MIEDO<\/strong>: \u201den aras a atar la adjudicaci\u00f3n de la nueva furgoneta de Mercedes en sus diferentes versiones, la empresa pone como condici\u00f3n necesaria un convenio a 4 a\u00f1os, con <strong>contenci\u00f3n salarial<\/strong> ( incluso congelaci\u00f3n ) , <strong>no<\/strong> hacer <strong>m\u00e1s<\/strong> contratos<strong> fijos<\/strong>, y con un acuerdo de<strong> flexibilidad<\/strong> parejo al que tiene nuestro cliente principal Mercedes ( <strong>18 d\u00edas )<\/strong>.<\/p>\n<p>Nos hablan de que para que entre el nuevo proyecto, se necesitar\u00e1 adem\u00e1s de las nuevas instalaciones,\u00a0 ampliar los metros cuadrados existentes en la empresa requiriendo todo ello una<strong> inversi\u00f3n de<\/strong> cerca de<strong> 150 millones<\/strong> de euros. Remarcan que de no llegar a un acuerdo en los t\u00e9rminos arriba mencionados, har\u00e1 imposible la llegada del nuevo proyecto, y por extensi\u00f3n la inversi\u00f3n millonaria que tiene que hacer el grupo Gestamp en la planta de Bizkaia para asegurar el futuro de la plantilla para los siguientes a\u00f1os.\u201d<\/p>\n<p><strong>\u00a0\u00a0 2\u00ba<\/strong>&#8211; En el \u00faltimo comunicado de <strong>CGT-LKN ya adelant\u00e1bamos que<\/strong> seg\u00fan la direcci\u00f3n de Gestamp Bizkaia debido a la competencia existente, la carest\u00eda de las ofertas de Gestamp Bizkaia y la \u201cincertidumbre\u201d \u00a0en <strong>Gestamp Bizkaia se estaban \u201crevisando los costes de fabricaci\u00f3n<\/strong>\u201d. Ahora, dicha revisi\u00f3n ha dado como medida la <span style=\"font-size: 14pt;\"><strong>PROPUESTA DEL MIEDO Y DE \u201cCONGELACI\u00d3N\u201d DE LAS CONDICIONES LABORALES A TODA LA PLANTILLA LOS PR\u00d3XIMOS A\u00d1OS<\/strong><\/span>, formula ya anticipada por CGT-LKN tras la anterior reuni\u00f3n en abril.<\/p>\n<p>Las circunstancias mencionadas, que <strong>hace 3 meses<\/strong> que a la direcci\u00f3n aconsejaban <strong>retrasar la firma de nuestro convenio<\/strong>, <strong>ahora<\/strong> parece que no existen y <strong>urge firmar<\/strong> el pr\u00f3ximo convenio pero vinculando la \u201ccongelaci\u00f3n de condiciones\u201d \u00fanicamente a la captaci\u00f3n de m\u00e1s carga de trabajo como recompensa. <strong>CGT-LKN opina que<\/strong> este sorprendente cambio sustancial de postura es fruto de que <strong>ahora<\/strong> <strong>los plazos se convierten en esenciales. <\/strong><\/p>\n<p><span style=\"font-size: 16pt;\"><b style=\"font-size: 16pt;\">No hay que tener prisa en firmar. Lo <\/b><span style=\"font-size: 21.3333px;\"><b>importante<\/b><\/span><b style=\"font-size: 16pt;\"> es un buen <\/b><span style=\"font-size: 21.3333px;\"><b>convenio<\/b><\/span><b style=\"font-size: 16pt;\">, no cuando se firma.<\/b><\/span><\/p>\n<p><strong>3\u00ba<\/strong>&#8211; CGT-LKN record\u00f3 en la reuni\u00f3n que Mercedes tiene un programa vigente de 156.800 veh\u00edculos para 2023, que <strong>muchas instalaciones<\/strong> de Gestamp Bizkaia t<strong>rabajan a m\u00e1xima capacidad y que con VS20 esta carga continuar\u00e1 varios a\u00f1os.<\/strong><\/p>\n<p><strong>La direcci\u00f3n<\/strong> solamente <strong>ha trasladado MIEDO a perder<\/strong> las futuras <strong>nuevas cargas<\/strong> de trabajo si no se consiguen reducir costes fabricaci\u00f3n. <strong>CGT-LKN opina que esta oferta de \u201cCONGELACI\u00d3N\u201d = NUEVA CARGA DE TRABAJO<\/strong> tiene una parte positiva <span style=\"color: #3366ff;\"><strong>y es que la direcci\u00f3n de Gestamp Bizkaia ya tiene cuantificada con su oferta la reducci\u00f3n de costes necesaria para lograr la adjudicaci\u00f3n de los nuevos proyectos<\/strong><\/span> cuesti\u00f3n que desde CGT-LKN nos genera grades dudas por los datos expuestos.<\/p>\n<p><strong>\u00a0\u00a0 4\u00ba- Los beneficios<\/strong> o \u201cresultados de explotaci\u00f3n\u201d de Gestamp Bizkaia publicados y sus \u201cgastos de personal\u201d (cargas sociales, sueldos y salarios) de los \u00faltimos a\u00f1os son:<\/p>\n<table style=\"height: 526px;\" width=\"679\">\n<tbody>\n<tr>\n<td width=\"177\">A\u00d1O\/CONCEPTOS<\/td>\n<td width=\"255\">RESULTADO DE EXPLOTACI\u00d3N<\/td>\n<td width=\"275\">GASTOS DE PERSONAL O CARGAS Y SUELDOS<\/td>\n<\/tr>\n<tr>\n<td width=\"177\">2018<\/td>\n<td width=\"255\">+ 15.877.936,35<\/td>\n<td width=\"275\">&#8211;\u00a0\u00a0\u00a0\u00a0\u00a0\u00a0\u00a0\u00a0\u00a0 41.454.203,73<\/td>\n<\/tr>\n<tr>\n<td width=\"177\">2019<\/td>\n<td width=\"255\">+ 18.648.484,41<\/td>\n<td width=\"275\">&#8211;\u00a0\u00a0\u00a0\u00a0\u00a0\u00a0\u00a0\u00a0\u00a0 39.557.227,28<\/td>\n<\/tr>\n<tr>\n<td width=\"177\">2020<\/td>\n<td width=\"255\">+ 12.826.846,44<\/td>\n<td width=\"275\">&#8211;\u00a0\u00a0\u00a0\u00a0\u00a0\u00a0\u00a0\u00a0\u00a0 39.291.057,30<\/td>\n<\/tr>\n<tr>\n<td width=\"177\">2021<\/td>\n<td width=\"255\">+ 15.051.856,92<\/td>\n<td width=\"275\">&#8211;\u00a0\u00a0\u00a0\u00a0\u00a0\u00a0\u00a0\u00a0\u00a0 39.303.030,36<\/td>\n<\/tr>\n<tr>\n<td width=\"177\">2022<\/td>\n<td width=\"255\">SIN PUBLICAR<\/td>\n<td width=\"275\">SIN PUBLICAR<\/td>\n<\/tr>\n<\/tbody>\n<\/table>\n<p><strong>\u00a0\u00a0 5\u00ba<\/strong>&#8211; A la luz de estas cifras, CGT-LKN opina que <strong>los beneficios tras descontar los gastos de personal est\u00e1n ya estabilizados y son equiparables a los a\u00f1os pre-pandemia,<\/strong> que en los incrementos salariales aplicados por convenio ya existe una \u201ccontenci\u00f3n\u201d salarial, que<strong> la direcci\u00f3n de Gestamp Bizkaia en su voracidad tiene como OBJETIVO LA REDUCCI\u00d3N DE LOS GASTOS DE PERSONAL<\/strong> y no solo su \u201ccontenci\u00f3n\u201d, que <span style=\"text-decoration: underline;\"><span style=\"color: #3366ff; text-decoration: underline;\">cualquier incremento en gastos de personal lo puede absorber sin ning\u00fan problema<\/span><\/span> el resultado de explotaci\u00f3n o beneficios de Gestamp Bizkaia puesto que a nivel contable cualquier incremento del gasto de personal que se acuerde por convenio similar al de a\u00f1os anteriores es perfectamente asumible por los beneficios de ese a\u00f1o, que <strong>el no convertir m\u00e1s contratos temporales en fijos en faltar a la palabra<\/strong> dada y, por \u00faltimo y m\u00e1s importante, que con los m\u00e1rgenes expuestos<\/p>\n<p><strong><em><u>EL RIESGO DE NO ADJUDICACI\u00d3N DE LOS NUEVOS PROYECTOS NO RESIDE EN LAS CONDICIONES DEL PR\u00d3XIMO CONVENIO COLECTIVO QUE SE FIRME EN GESTAMP BIZKAIA<\/u><\/em>, <\/strong>AL CONTRARIO,<strong> ESTE CONVENIO DEBERIA SER UN CONVENIO DE VERDADEROS AVANCES SOCIALES A TODOS LOS NIVELES <\/strong>YA QUE VERDADERAMENTE<strong> SE PUEDEN ASUMIR SIN NINGUN MIEDO.<\/strong><\/p>\n<p style=\"text-align: center;\"><strong>Para recibir las noticias unte a nuestro canal de\u00a0<a href=\"https:\/\/t.me\/CGTGestampBizkaia\">Telegram<\/a><\/strong><\/p>\n<p><a href=\"https:\/\/t.me\/CGTGestampBizkaia\"><img loading=\"lazy\" decoding=\"async\" class=\"aligncenter wp-image-7155 size-medium\" src=\"https:\/\/www.cgt-lkn.org\/wp-content\/uploads\/sites\/20\/2020\/08\/canal-telegram-300x169.jpg\" alt=\"\" width=\"300\" height=\"169\" srcset=\"https:\/\/www.cgt-lkn.org\/bizkaia-gestamp\/wp-content\/uploads\/sites\/20\/2020\/08\/canal-telegram-300x169.jpg 300w, https:\/\/www.cgt-lkn.org\/bizkaia-gestamp\/wp-content\/uploads\/sites\/20\/2020\/08\/canal-telegram-150x85.jpg 150w, https:\/\/www.cgt-lkn.org\/bizkaia-gestamp\/wp-content\/uploads\/sites\/20\/2020\/08\/canal-telegram-400x225.jpg 400w, https:\/\/www.cgt-lkn.org\/bizkaia-gestamp\/wp-content\/uploads\/sites\/20\/2020\/08\/canal-telegram.jpg 600w\" sizes=\"auto, (max-width: 300px) 100vw, 300px\" \/><\/a><\/p>\n<p>&nbsp;<\/p>\n<p style=\"text-align: center;\"><strong><a href=\"https:\/\/www.cgt-lkn.org\/afiliar\/public\/#!\/\">AF\u00cdLIATE!!<\/a><\/strong><\/p>\n<p style=\"text-align: center;\"><a href=\"https:\/\/www.cgt-lkn.org\/afiliar\/public\/#!\/\"><img loading=\"lazy\" decoding=\"async\" class=\"alignnone wp-image-9026\" src=\"https:\/\/www.cgt-lkn.org\/wp-content\/uploads\/sites\/20\/3021\/01\/ni-te-vende-ni-se-vende-cgt.jpg\" alt=\"\" width=\"274\" height=\"299\" \/><\/a><\/p>\n<p><a href=\"https:\/\/www.cgt-lkn.org\/afiliar\/public\/#!\/\"><img loading=\"lazy\" decoding=\"async\" class=\"size-full wp-image-9027 aligncenter\" src=\"https:\/\/www.cgt-lkn.org\/wp-content\/uploads\/sites\/20\/3021\/01\/afiliate-cgt-gato.jpg\" alt=\"\" width=\"225\" height=\"225\" srcset=\"https:\/\/www.cgt-lkn.org\/bizkaia-gestamp\/wp-content\/uploads\/sites\/20\/3021\/01\/afiliate-cgt-gato.jpg 225w, https:\/\/www.cgt-lkn.org\/bizkaia-gestamp\/wp-content\/uploads\/sites\/20\/3021\/01\/afiliate-cgt-gato-150x150.jpg 150w\" sizes=\"auto, (max-width: 225px) 100vw, 225px\" \/><\/a><\/p>\n<p>&nbsp;<\/p>\n","protected":false},"excerpt":{"rendered":"<p><span style=\"font-size: 14pt;\"><b>No hay que tener prisa en firmar. Lo <\/b><b>importante<\/b><b> es un buen <\/b><b>convenio<\/b><b>, no cunado se firma. <span style=\"color: #3366ff;\"><strong>y es que la direcci\u00f3n de Gestamp Bizkaia ya tiene cuantificada con su oferta la reducci\u00f3n de costes necesaria para lograr la adjudicaci\u00f3n de los nuevos proyectos.<\/strong><\/span><\/b><\/span><\/p>\n<p><span style=\"color: #000000;\"><strong><span style=\"text-decoration: underline;\">Cualquier incremento en gastos de personal lo puede absorber sin ning\u00fan problema<\/span>\u00a0<\/strong><\/span><\/p>\n<p><strong><em><u>EL RIESGO DE NO ADJUDICACI\u00d3N DE LOS NUEVOS PROYECTOS NO RESIDE EN LAS CONDICIONES DEL PR\u00d3XIMO CONVENIO COLECTIVO QUE SE FIRME EN GESTAMP BIZKAIA<\/u><\/em>, <\/strong>AL CONTRARIO,<strong> ESTE CONVENIO DEBERIA SER UN CONVENIO DE VERDADEROS AVANCES SOCIALES A TODOS LOS NIVELES <\/strong>YA QUE VERDADERAMENTE<strong> SE PUEDEN ASUMIR SIN NINGUN MIEDO.<\/strong><\/p>\n","protected":false},"author":72,"featured_media":4774,"comment_status":"closed","ping_status":"open","sticky":false,"template":"","format":"standard","meta":{"footnotes":"","_links_to":"","_links_to_target":""},"categories":[7,13,79,189],"tags":[90,198],"class_list":["post-9050","post","type-post","status-publish","format-standard","has-post-thumbnail","hentry","category-comunicados","category-gestamp","category-gestamp-bizkaia","category-incremento-salarial","tag-cgt-lkn-informa","tag-convenio"],"publishpress_future_action":{"enabled":false,"date":"2026-05-05 18:51:16","action":"change-status","newStatus":"draft","terms":[],"taxonomy":"category","extraData":[]},"publishpress_future_workflow_manual_trigger":{"enabledWorkflows":[]},"_links":{"self":[{"href":"https:\/\/www.cgt-lkn.org\/bizkaia-gestamp\/wp-json\/wp\/v2\/posts\/9050","targetHints":{"allow":["GET"]}}],"collection":[{"href":"https:\/\/www.cgt-lkn.org\/bizkaia-gestamp\/wp-json\/wp\/v2\/posts"}],"about":[{"href":"https:\/\/www.cgt-lkn.org\/bizkaia-gestamp\/wp-json\/wp\/v2\/types\/post"}],"author":[{"embeddable":true,"href":"https:\/\/www.cgt-lkn.org\/bizkaia-gestamp\/wp-json\/wp\/v2\/users\/72"}],"replies":[{"embeddable":true,"href":"https:\/\/www.cgt-lkn.org\/bizkaia-gestamp\/wp-json\/wp\/v2\/comments?post=9050"}],"version-history":[{"count":3,"href":"https:\/\/www.cgt-lkn.org\/bizkaia-gestamp\/wp-json\/wp\/v2\/posts\/9050\/revisions"}],"predecessor-version":[{"id":9053,"href":"https:\/\/www.cgt-lkn.org\/bizkaia-gestamp\/wp-json\/wp\/v2\/posts\/9050\/revisions\/9053"}],"wp:featuredmedia":[{"embeddable":true,"href":"https:\/\/www.cgt-lkn.org\/bizkaia-gestamp\/wp-json\/wp\/v2\/media\/4774"}],"wp:attachment":[{"href":"https:\/\/www.cgt-lkn.org\/bizkaia-gestamp\/wp-json\/wp\/v2\/media?parent=9050"}],"wp:term":[{"taxonomy":"category","embeddable":true,"href":"https:\/\/www.cgt-lkn.org\/bizkaia-gestamp\/wp-json\/wp\/v2\/categories?post=9050"},{"taxonomy":"post_tag","embeddable":true,"href":"https:\/\/www.cgt-lkn.org\/bizkaia-gestamp\/wp-json\/wp\/v2\/tags?post=9050"}],"curies":[{"name":"wp","href":"https:\/\/api.w.org\/{rel}","templated":true}]}}