{"id":8956,"date":"2023-03-02T09:19:44","date_gmt":"2023-03-02T08:19:44","guid":{"rendered":"https:\/\/www.cgt-lkn.org\/bizkaia\/gestamp\/?p=8956"},"modified":"2023-03-05T09:30:21","modified_gmt":"2023-03-05T08:30:21","slug":"el-comite-informa-plan-de-gestion-2023-y-situacion-clientes","status":"publish","type":"post","link":"https:\/\/www.cgt-lkn.org\/bizkaia-gestamp\/2023\/03\/02\/el-comite-informa-plan-de-gestion-2023-y-situacion-clientes\/","title":{"rendered":"EL COMIT\u00c9 INFORMA:  PLAN DE GESTI\u00d3N 2023 Y SITUACI\u00d3N CLIENTES"},"content":{"rendered":"<p>En la reuni\u00f3n de hoy jueves 2 de marzo la empresa nos ha comentado cual es el nivel de absentismo actual, n\u00famero de trabajadores y trabajadoras, y situaci\u00f3n de clientes. En cuanto al absentismo ( solo por bajas de enfermedad y accidente) la empresa sigue diciendo que esta muy alto ( 9,30% en 2022 y 8 % en enero de 2023), muy por encima de la del grupo, y m\u00e1s de 2 puntos por encima de nuestro cliente principal, Mercedes. El dato del 2022 es el m\u00e1s alto de los 10 \u00faltimos a\u00f1os.<\/p>\n<p>En cuanto a la evoluci\u00f3n de la plantilla, actualmente hay 628 fijos y fijas y 93 eventuales, de los cuales dice la empresa que atendiendo a la carga actual deber\u00eda de prescindir de m\u00e1s de 10 de ellos y ellas, pero que no lo puede hacer porque no hay finalizaciones de contratos.<\/p>\n<p>Sobre la carga de trabajo actual y en el futuro inmediato, nos recuerda que todos nuestros clientes est\u00e1n parando ( algunos m\u00e1s ,otros menos ) fundamentalmente por la falta de semiconductores. Nos hablan de bajadas de turnos en Opel, paros en Seat ( 24,27,28 febrero, y 1 de marzo) , paros en Volkswagen Navarra ( arranco tarde el a\u00f1o y a\u00fan as\u00ed ha parado por ejemplo desde el 20-28 de febrero y lo har\u00e1 tambi\u00e9n el 6 y 7 de marzo ). A todo esto se une, el anuncio de Mercedes de no trabajar los s\u00e1bados de marzo, y el rumor no confirmado de que puede dejar de trabajar varios d\u00edas en marzo. De ser as\u00ed la empresa apunta que posiblemente tenga que afectarnos con el ERTE. Este panorama, seg\u00fan la empresa hace sigamos con una incertidumbre general en cuanto a la carga de trabajo de las siguientes semanas y meses.<\/p>\n<div class=\"a2a_kit a2a_kit_size_16 addtoany_list\" data-a2a-url=\"https:\/\/www.cgt-lkn.org\/bizkaia-gestamp\/2021\/01\/07\/comunicado-cobro-loteria\/\" data-a2a-title=\"COMUNICADO COBRO LOTERIA\">\n<p style=\"text-align: center;\"><a href=\"https:\/\/t.me\/CGTGestampBizkaia\"><strong>Para recibir las noticias unte a nuestro canal de\u00a0<\/strong><\/a><strong><a href=\"https:\/\/t.me\/CGTGestampBizkaia\">Telegram<\/a><\/strong><img loading=\"lazy\" decoding=\"async\" class=\"wp-image-7155 size-medium aligncenter\" src=\"https:\/\/www.cgt-lkn.org\/wp-content\/uploads\/sites\/20\/2020\/08\/canal-telegram-300x169.jpg\" alt=\"\" width=\"300\" height=\"169\" srcset=\"https:\/\/www.cgt-lkn.org\/bizkaia-gestamp\/wp-content\/uploads\/sites\/20\/2020\/08\/canal-telegram-300x169.jpg 300w, https:\/\/www.cgt-lkn.org\/bizkaia-gestamp\/wp-content\/uploads\/sites\/20\/2020\/08\/canal-telegram-150x85.jpg 150w, https:\/\/www.cgt-lkn.org\/bizkaia-gestamp\/wp-content\/uploads\/sites\/20\/2020\/08\/canal-telegram-400x225.jpg 400w, https:\/\/www.cgt-lkn.org\/bizkaia-gestamp\/wp-content\/uploads\/sites\/20\/2020\/08\/canal-telegram.jpg 600w\" sizes=\"auto, (max-width: 300px) 100vw, 300px\" \/><\/p>\n<\/div>\n<div class=\"a2a_kit a2a_kit_size_16 addtoany_list\" data-a2a-url=\"https:\/\/www.cgt-lkn.org\/bizkaia-gestamp\/2021\/01\/07\/comunicado-cobro-loteria\/\" data-a2a-title=\"COMUNICADO COBRO LOTERIA\"><\/div>\n<h3><u>A\u00d1O 2024 Y FUTURO<\/u> MERCEDES<\/h3>\n<p>Nos informan que siguen trabajando en la oferta de piezas del nuevo veh\u00edculo de Mercedes, pero en que estos primeros paquetes solo se oferta la furgoneta de pasajeros que se fabricar\u00e1 en aluminio. El resto de versiones de la furgoneta que van en acero se ofertar\u00e1n un a\u00f1o despu\u00e9s. De momento y por el contacto que han tenido con Mercedes, parece ser que estos dicen que: Tienen ofertas m\u00e1s baratas de otros competidores que se ubicar\u00edan en Gasteiz, que nuestros costes laborales y nivel de absentismo est\u00e1n fuera del mercado, y que los est\u00e1ndares de los equipos est\u00e1n sobredimensionados.<\/p>\n<p>Hablan de que adem\u00e1s del precio tenemos un grave problema de espacio, en el cual actualmente\u201c solo\u201d cabr\u00edan las instalaciones y troqueles para fabricar la versi\u00f3n de la furgoneta en aluminio, que supone del orden un 40% de la carga total prevista de Mercedesen el futuro. Nos dicen que est\u00e1n barajando diferentes opciones, que contemplan reordenaci\u00f3n de la empresa, salidas de almacenes, quitar instalaciones,..dicen que barajan diferentes hip\u00f3tesis, pero remarcan la necesidad de crecer por alg\u00fan lado ( con el coste que ello supone ) si queremos fabricar los diferentes modelos que se har\u00e1n en Gasteiz que poco a poco ir\u00edan sustituyendo a las versiones de combusti\u00f3n actuales.<\/p>\n<h3>CALIENTES<\/h3>\n<p>En esta \u00e1rea las previsiones son bastante peores. Parece ser que lo que puede venir de caliente de Mercedes no ser\u00e1 suficiente para sustituir la perdida de carga de trabajo que habr\u00e1 en el futuro en estas instalaciones. Se perder\u00e1 m\u00e1s de la mitad de carga debido a varias razones: Opel va internalizar trabajo de caliente, eso libera mucha capacidad incluso en Gestamp, hay competidores fuertes en este segmento, las piezas m\u00e1s grandes que \u201cviajen mal\u201d se har\u00e1n cerca del cliente, es decir , las de Seat en Catalu\u00f1a, las de Vwn en navarra ,..<\/p>\n<p>En resumen , esto es lo que ha dado la reuni\u00f3n de hoy. Seguiremos informando.<\/p>\n<p><strong>Si le\u00e9is tranquilamente el comit\u00e9 informa y el <a href=\"https:\/\/www.cgt-lkn.org\/bizkaia-gestamp\/2023\/03\/03\/comunicado-cgtlkn-reunion-dia-2\/\">\u00a0de CGT-LKN<\/a> podr\u00e9is encontrar bastantes diferencias<\/strong>.No se trata de jugar al juego de las 7 diferencias.<\/p>\n<p>Lo que est\u00e1 claro, es que al igual que con la llegada de VS20 con Munio de Gerente, la llegada de nuevos proyectos a Bizkaia se querr\u00e1 vincular a un convenio ajustado por el bien de \u00abtodos\u00bb.<\/p>\n<p>Es el mismo guion de negociaci\u00f3n en el que UGT y CCOO suelen entrar en Mercedes, VW, SEAT&#8230;..<\/p>\n<blockquote class=\"wp-embedded-content\" data-secret=\"G6sLrP35Oo\"><p><a href=\"https:\/\/www.cgt-lkn.org\/bizkaia-gestamp\/2023\/03\/03\/comunicado-cgtlkn-reunion-dia-2\/\">Comunicado CGTLKN Reuni\u00f3n d\u00eda 2<\/a><\/p><\/blockquote>\n<p><iframe loading=\"lazy\" class=\"wp-embedded-content\" sandbox=\"allow-scripts\" security=\"restricted\" style=\"position: absolute; visibility: hidden;\" title=\"\u00abComunicado CGTLKN Reuni\u00f3n d\u00eda 2\u00bb \u2014 CGT-LKN Gestamp Bizkaia\" src=\"https:\/\/www.cgt-lkn.org\/bizkaia-gestamp\/2023\/03\/03\/comunicado-cgtlkn-reunion-dia-2\/embed\/#?secret=Ut5FROFMu5#?secret=G6sLrP35Oo\" data-secret=\"G6sLrP35Oo\" width=\"600\" height=\"338\" frameborder=\"0\" marginwidth=\"0\" marginheight=\"0\" scrolling=\"no\"><\/iframe><\/p>\n<p>&nbsp;<\/p>\n<div class=\"a2a_kit a2a_kit_size_16 addtoany_list\" data-a2a-url=\"https:\/\/www.cgt-lkn.org\/bizkaia-gestamp\/2021\/01\/07\/comunicado-cobro-loteria\/\" data-a2a-title=\"COMUNICADO COBRO LOTERIA\">\n<p style=\"text-align: center;\">\n<\/div>\n<div class=\"a2a_kit a2a_kit_size_16 addtoany_list\" data-a2a-url=\"https:\/\/www.cgt-lkn.org\/bizkaia-gestamp\/2021\/01\/07\/comunicado-cobro-loteria\/\" data-a2a-title=\"COMUNICADO COBRO LOTERIA\"><a href=\"https:\/\/www.cgt-lkn.org\/afiliar\/public\/#!\/\"><img loading=\"lazy\" decoding=\"async\" class=\"aligncenter wp-image-3574 size-medium\" src=\"https:\/\/www.cgt-lkn.org\/wp-content\/uploads\/sites\/20\/2014\/12\/no-ledes-mas-vueltas-afiliate-217x300.jpg\" alt=\"\" width=\"217\" height=\"300\" srcset=\"https:\/\/www.cgt-lkn.org\/bizkaia-gestamp\/wp-content\/uploads\/sites\/20\/2014\/12\/no-ledes-mas-vueltas-afiliate-217x300.jpg 217w, https:\/\/www.cgt-lkn.org\/bizkaia-gestamp\/wp-content\/uploads\/sites\/20\/2014\/12\/no-ledes-mas-vueltas-afiliate-742x1024.jpg 742w, https:\/\/www.cgt-lkn.org\/bizkaia-gestamp\/wp-content\/uploads\/sites\/20\/2014\/12\/no-ledes-mas-vueltas-afiliate-109x150.jpg 109w, https:\/\/www.cgt-lkn.org\/bizkaia-gestamp\/wp-content\/uploads\/sites\/20\/2014\/12\/no-ledes-mas-vueltas-afiliate-400x552.jpg 400w, https:\/\/www.cgt-lkn.org\/bizkaia-gestamp\/wp-content\/uploads\/sites\/20\/2014\/12\/no-ledes-mas-vueltas-afiliate.jpg 580w\" sizes=\"auto, (max-width: 217px) 100vw, 217px\" \/><\/a><\/div>\n<p><u>2023ko KUDEAKETA PLANA ETA BEZEROEN EGOERA<\/u><\/p>\n<p><strong>\u00a0<\/strong>Gaurko bileran, martxoaren 2an, enpresak gaur egungo absentismo-maila, langileen kopurua eta bezeroen egoera azaldu dizkigu. Absentismoari dagokionez (gaixotasun- eta istripu- bajengatik soilik), enpresak dio oso altua dela ( % 9,30 2022an eta % 8 2023ko urtarrilean), taldearena baino askoz handiagoa, eta 2 puntu baino gehiago gure bezero nagusia den Mercedesena baino. 2022ko datua azken 10 urteetako altuena da.<\/p>\n<p>Plantillaren bilakaerari dagokionez, gaur egun 628 finko eta behin-behineko 93 langile daude, eta horietatik enpresak dio, egungo lan zamaren arabera, 10 langile baino gehiago kendu beharko lituzkeela , baina ezin duela egin, ez baitago kontratu amaierarik begi bistan.<\/p>\n<p>Gaur egungo eta etorkizun hurbileko lan-kargari dagokionez, gogorarazten digu gure bezero guztiak gelditzen ari direla (batzuk gehiago, beste batzuk gutxiago), batez ere erdieroalerik ez dagoelako. Opelen lan txandak jeisten, Seaten lanuzteak (otsailaren 24,27,28, eta martxoaren 1), Nafarroako Volkswagenen lanuzteak (urtea berandu hasi da eta, hala ere, otsailaren 20- 28tik gelditu egin da, eta martxoaren 6an eta 7an ere bai). Horrez gain, Mercedesek martxoko larunbatetan ex duela lan egingo iragarri du, eta martxoan hainbat egunetan lan egiteari utz diezaiokeela ere esan du. Hala bada, enpresak adierazi du agian ERTEa aplikatu beharko duela. Enpresaren arabera, egoera horrek ziurgabetasun orokorra eragiten du hurrengo aste eta hilabeteetako lan-kargari dagokionez.<\/p>\n<p>&nbsp;<\/p>\n<p><strong><u>2024. urtea ETA ETORKIZUNA<\/u><\/strong><\/p>\n<p><strong>\u00a0MERCEDES<\/strong><\/p>\n<p>Mercedesen ibilgailu berriko piezen eskaintzan lanean jarraitzen dutela jakinarazi digute, baina lehen pakete horiek aluminioz egingo den bidaiarien furgoneta baino ez dela ofertatzen nabarmenduz. Altzairuzko furgonetaren gainerako bertsioak urtebete geroago ofertatuko dira. Oraingoz, eta Mercedesekin izan duten harremanagatik, badirudi hauek esaten dutela: Gasteizen kokatuko liratekeen beste lehiakide batzuen eskaintza merkeagoak dituztela, gure lan-kostuak eta absentismo-maila merkatutik kanpo daudela, eta ekipoen estandarrak gaindimentsionatuta daudela.<\/p>\n<p>Prezioaz gain, espazio-arazo larri bat dugula diote. Arazo honi dagokionez, gaur egun, furgonetaren aluminiozko bertsioa egiteko instalazioak eta trokelak baino ez lirateke sartuko, hau da, Mercedesen enpresaren etorkizuneko karga osoaren % 40. Esan digutenez, hainbat aukera aztertzen ari dira, enpresaren berrantolaketa, biltegietako ataratzea, instalazioak kentzea&#8230; kontuan hartzen dituztenak, eta hipotesi desberdinak aztertzen ari dira, baina Gasteizen egingo diren eredu desberdinak fabrikatu nahi baditugu, nonbaitetik hazteko beharra azpimarratu dute (horrek dakarren kostuarekin), pixkanaka egungo konbustioko furgonetak ordezkatuz.<\/p>\n<p><strong>BEROETAKO LINEAK<\/strong><\/p>\n<p>Arlo honetan aurreikuspenak askoz okerragoak dira. Badirudi Mercedesen berotik etor daitekeena ez dela nahikoa izango etorkizunean instalazio horietan egongo den lan-kargaren galera ordezkatzeko. Karga erdia baino gehiago galduko da hainbat arrazoirengatik: Opelek beroko lana internalizatuko du, horrek produkzio ahalmen handia askatzen du Gestampen ere, lehiakide indartsuak daude segmentu honetan, gaizki bidaiatzen duten pieza handienak bezeroarengandik gertu egingo dira, hau da, Kataluniako Seat, Nafarroako Vwn&#8230;<\/p>\n<p>Laburbilduz, hau da gaurko bilerak eman duena. Informatzen jarraituko dugu.<\/p>\n<p>Abadi\u00f1on, 2023ko martxoaren 2an<\/p>\n","protected":false},"excerpt":{"rendered":"<p>Si le\u00e9is tranquilamente el comit\u00e9 informa y el <a href=\"https:\/\/www.cgt-lkn.org\/bizkaia-gestamp\/2023\/03\/03\/comunicado-cgtlkn-reunion-dia-2\/\">de CGT-LKN<\/a> podr\u00e9is encontrar bastantes diferencias.No se trata de jugar al juego de las 7 diferencias.<\/p>\n<p>Lo que est\u00e1 claro, es que al igual que con la llegada de VS20 con Munio de Gerente, la llegada de nuevos proyectos a Bizkaia se querr\u00e1 vincular a un convenio ajustado por el bien de \u00abtodos\u00bb.<\/p>\n<p>Es el mismo guion de negociaci\u00f3n en el que UGT y CCOO suelen entrar en Mercedes, VW, SEAT&#8230;..<\/p>\n","protected":false},"author":6,"featured_media":6948,"comment_status":"closed","ping_status":"open","sticky":false,"template":"","format":"standard","meta":{"footnotes":"","_links_to":"","_links_to_target":""},"categories":[7,13,16],"tags":[292,286,117],"class_list":["post-8956","post","type-post","status-publish","format-standard","has-post-thumbnail","hentry","category-comunicados","category-gestamp","category-mercedes","tag-calientes","tag-carga-de-trabajo","tag-comite"],"publishpress_future_action":{"enabled":false,"date":"2026-05-09 15:06:16","action":"change-status","newStatus":"draft","terms":[],"taxonomy":"category","extraData":[]},"publishpress_future_workflow_manual_trigger":{"enabledWorkflows":[]},"_links":{"self":[{"href":"https:\/\/www.cgt-lkn.org\/bizkaia-gestamp\/wp-json\/wp\/v2\/posts\/8956","targetHints":{"allow":["GET"]}}],"collection":[{"href":"https:\/\/www.cgt-lkn.org\/bizkaia-gestamp\/wp-json\/wp\/v2\/posts"}],"about":[{"href":"https:\/\/www.cgt-lkn.org\/bizkaia-gestamp\/wp-json\/wp\/v2\/types\/post"}],"author":[{"embeddable":true,"href":"https:\/\/www.cgt-lkn.org\/bizkaia-gestamp\/wp-json\/wp\/v2\/users\/6"}],"replies":[{"embeddable":true,"href":"https:\/\/www.cgt-lkn.org\/bizkaia-gestamp\/wp-json\/wp\/v2\/comments?post=8956"}],"version-history":[{"count":1,"href":"https:\/\/www.cgt-lkn.org\/bizkaia-gestamp\/wp-json\/wp\/v2\/posts\/8956\/revisions"}],"predecessor-version":[{"id":8957,"href":"https:\/\/www.cgt-lkn.org\/bizkaia-gestamp\/wp-json\/wp\/v2\/posts\/8956\/revisions\/8957"}],"wp:featuredmedia":[{"embeddable":true,"href":"https:\/\/www.cgt-lkn.org\/bizkaia-gestamp\/wp-json\/wp\/v2\/media\/6948"}],"wp:attachment":[{"href":"https:\/\/www.cgt-lkn.org\/bizkaia-gestamp\/wp-json\/wp\/v2\/media?parent=8956"}],"wp:term":[{"taxonomy":"category","embeddable":true,"href":"https:\/\/www.cgt-lkn.org\/bizkaia-gestamp\/wp-json\/wp\/v2\/categories?post=8956"},{"taxonomy":"post_tag","embeddable":true,"href":"https:\/\/www.cgt-lkn.org\/bizkaia-gestamp\/wp-json\/wp\/v2\/tags?post=8956"}],"curies":[{"name":"wp","href":"https:\/\/api.w.org\/{rel}","templated":true}]}}