{"id":8864,"date":"2022-12-15T18:57:11","date_gmt":"2022-12-15T17:57:11","guid":{"rendered":"https:\/\/www.cgt-lkn.org\/bizkaia\/gestamp\/?p=8864"},"modified":"2022-12-15T18:57:11","modified_gmt":"2022-12-15T17:57:11","slug":"calendarios-oficiales-2023-en-pdf","status":"publish","type":"post","link":"https:\/\/www.cgt-lkn.org\/bizkaia-gestamp\/2022\/12\/15\/calendarios-oficiales-2023-en-pdf\/","title":{"rendered":"Calendarios OFICIALES 2023 en pdf"},"content":{"rendered":"","protected":false},"excerpt":{"rendered":"<p>Una vez establecidos los calendarios definitivos acordados o no, entre empresa y representaci\u00f3n social, la modificaci\u00f3n de los mismos, respetando los plazos de preaviso e informaci\u00f3n, as\u00ed como de necesidad de su realizaci\u00f3n conllevar\u00e1 el abono de\u00a0<strong>100\u20ac brutos<\/strong>, para el personal afectado a\u00a0 partir del\u00a0<strong>cuarto cambio de calendario (5 calendarios<\/strong>), y en sucesivos dentro de un a\u00f1o natural, contando el mismo desde la producci\u00f3n del primer cambio.<\/p>\n","protected":false},"author":72,"featured_media":1575,"comment_status":"closed","ping_status":"open","sticky":false,"template":"","format":"standard","meta":{"footnotes":"","_links_to":"","_links_to_target":""},"categories":[1],"tags":[181],"class_list":["post-8864","post","type-post","status-publish","format-standard","has-post-thumbnail","hentry","category-general","tag-egutegiak-calendarios"],"publishpress_future_action":{"enabled":false,"date":"2026-05-07 06:03:41","action":"change-status","newStatus":"draft","terms":[],"taxonomy":"category","extraData":[]},"publishpress_future_workflow_manual_trigger":{"enabledWorkflows":[]},"_links":{"self":[{"href":"https:\/\/www.cgt-lkn.org\/bizkaia-gestamp\/wp-json\/wp\/v2\/posts\/8864","targetHints":{"allow":["GET"]}}],"collection":[{"href":"https:\/\/www.cgt-lkn.org\/bizkaia-gestamp\/wp-json\/wp\/v2\/posts"}],"about":[{"href":"https:\/\/www.cgt-lkn.org\/bizkaia-gestamp\/wp-json\/wp\/v2\/types\/post"}],"author":[{"embeddable":true,"href":"https:\/\/www.cgt-lkn.org\/bizkaia-gestamp\/wp-json\/wp\/v2\/users\/72"}],"replies":[{"embeddable":true,"href":"https:\/\/www.cgt-lkn.org\/bizkaia-gestamp\/wp-json\/wp\/v2\/comments?post=8864"}],"version-history":[{"count":0,"href":"https:\/\/www.cgt-lkn.org\/bizkaia-gestamp\/wp-json\/wp\/v2\/posts\/8864\/revisions"}],"wp:featuredmedia":[{"embeddable":true,"href":"https:\/\/www.cgt-lkn.org\/bizkaia-gestamp\/wp-json\/wp\/v2\/media\/1575"}],"wp:attachment":[{"href":"https:\/\/www.cgt-lkn.org\/bizkaia-gestamp\/wp-json\/wp\/v2\/media?parent=8864"}],"wp:term":[{"taxonomy":"category","embeddable":true,"href":"https:\/\/www.cgt-lkn.org\/bizkaia-gestamp\/wp-json\/wp\/v2\/categories?post=8864"},{"taxonomy":"post_tag","embeddable":true,"href":"https:\/\/www.cgt-lkn.org\/bizkaia-gestamp\/wp-json\/wp\/v2\/tags?post=8864"}],"curies":[{"name":"wp","href":"https:\/\/api.w.org\/{rel}","templated":true}]}}