{"id":8737,"date":"2022-11-09T13:52:06","date_gmt":"2022-11-09T12:52:06","guid":{"rendered":"https:\/\/www.cgt-lkn.org\/bizkaia\/gestamp\/?p=8737"},"modified":"2022-11-09T13:52:06","modified_gmt":"2022-11-09T12:52:06","slug":"nuevos-paros-en-el-metal-de-bizkaia-ante-el-inmovilismo-de-la-patronal","status":"publish","type":"post","link":"https:\/\/www.cgt-lkn.org\/bizkaia-gestamp\/2022\/11\/09\/nuevos-paros-en-el-metal-de-bizkaia-ante-el-inmovilismo-de-la-patronal\/","title":{"rendered":"Nuevos paros en el Metal de Bizkaia ANTE EL INMOVILISMO DE LA PATRONAL"},"content":{"rendered":"<p><strong>PATRONALAREN MUGIMENDU EZAREN AURREAN, BIZKAIKO METALA BERRIZ ERE GELDITUKO DUGU.<\/strong><\/p>\n<p><strong>\u00a0<\/strong><\/p>\n<p>CCOO, LAB, UGT, ESK, CGT eta CNT sindikatuek osatzen dugun gehiengo sindikalak grebara deitu dugu azaroaren 28tik abenduaren 2ra.<\/p>\n<p>Azaroaren 2an amaitu zen Bizkaiko metalgintzako greben azken fasea. Greben jarraipena oso altua izan da. Metaleko langileek sektoreko enpresen ekoizpena 6 egunez etetea lortu dute. Horrela, FVEMen azken eskaintzaren aurkako jarrera irmoa erakutsi dutelarik. Eskaintza horrek sektoreko lan-baldintzak pobretu eta prekarizatzen ditu, akordioa blokeatzen ari diren enpresek etekinak metatzen dituzten bitartean, hala nola Tecunik 3 milioi euro baino gehiagoko irabaziak ditu, Artechek ia 9 milioi euro, Sidenor taldeak 25 milioi euro baino gehiago, Ormazabal taldeak 11 milioi inguruko irabaziak eta Elduk 6 milioi eta erdiko irabaziak.<\/p>\n<p>Sei greba egun hauetan, FVEMek konplize bat izan du, Eusko Jaurlaritza, EAJ &#8211; PSOE, patronalaren asmoen aurrean isilik egoteaz gain, Ertzaintza langileak atxilotzera, kriminalizatzera eta jipoitzera bidaltzen duena. Orain arte egindako 6 greba-egunen balantzea honako hau da: 2 langile atxilotu, identifikazio eta atxikipen ugariak, atzamar bat hautsita duen langile bat, tendoi bat hautsita duen beste langile bat, eta kolpatutako eta ubelduak dituzten langile ugari, eta mozal legearen ondorio diren\u00a0 isun handiak, jadanik iristen hasiak direnak. Hemendik Eusko Jaurlaritzari galdetzen diogu, hau al da Bizkaiko metalgintzako langileentzako duen eskaintza?<\/p>\n<p>Grebek izan duten jarraipena eta sektoreko langileek izan duten jarrera ikusita, intersindikalak azken greba egin zuenetik 2 egun igaro ondoren, hurrengo greben datak argitaratu genituen eta mezu argia bidali genion FVEMi: hurrengo bileran sektoreari entzun gabe jarraituz gero eta akordio batera iristeko eduki nahikorik aurkeztu ezean, gatazka gogortu egingo dela\u00a0 eta astebeteko greba-deialdia eramango dugula aurrera.<\/p>\n<p>&nbsp;<\/p>\n<p>Atzo egindako bileran, FVEMek berriro ere akordiorako aukera bat alferrik galdu du.<\/p>\n<p>Azken hiru greba egunen ondoren, milaka grebalari ikusi ditugularik kalera irteten, aurrerapenak dituen hitzarmen bat defendatzera Patronala gutxieneko hobekuntza batekin etorri da bilerara, ehuneko puntu bateko soldata-igoerarekin, tauletan erosteko ahalmena bermatu gabe eta malgutasunean, gutxieneko bermean eta aldi baterako ezintasun-osagarrietan zituen atzerapenak mantenduz.<\/p>\n<p><img loading=\"lazy\" decoding=\"async\" class=\" wp-image-22849 aligncenter\" src=\"https:\/\/www.cgt-lkn.org\/wp-content\/uploads\/2022\/11\/represion-policial-en-metal-bizkaia-CGT-216x300.jpg\" alt=\"\" width=\"396\" height=\"550\" \/><\/p>\n<p>Hori dela eta, atzo, negoziazio-mahaiaren bileraren ondoren, beste 5 greba-egun erregistratu genituen, azaroaren 28tik abenduaren 2ra. Patronalak bere asmoetan tematuta jarraitzen badu, egun horietan berriro ere ekoizpena geldituko dugu, eta berriz\u00a0 antolatuko gara piketeetan goizeko 5: 00etan, eta ez Eusko Jaurlaritzak eta EAJk bidalitako Ertzaintzaren errepresioak, ezta patronalaren gezurrek eta manipulazioek, ez dute geldiaraziko\u00a0 bere lan eta bizi baldintzak amaiera arte defendatzeko prest dagoen sektore ba.<\/p>\n<p>Greba-egunak baino lehen eta egun horietan, erosteko ahalmena bermatzen duten soldata-igoerak eta beste esparru batzuetan (subrogazioa, lanaldia, lizentziak&#8230;) hobekuntzak ukatzen dituzten enpresak aipatuko eta blokeatuko ditugu berriro. Hera berean, langileen alde jarri beharrean, patronalarekin lerrokatzen direnak enpresa eta eragileak seinalatuko eta interpelatuko ditugu.<\/p>\n<p><img loading=\"lazy\" decoding=\"async\" class=\"size-medium wp-image-22582 aligncenter\" src=\"https:\/\/www.cgt-lkn.org\/wp-content\/uploads\/2022\/06\/Metala-Borrokan-logotipo-web-300x200.jpg\" alt=\"\" width=\"300\" height=\"200\" \/><\/p>\n<p>&nbsp;<\/p>\n<p><strong>ANTE EL INMOVILISMO DE LA PATRONAL VOLVEREMOS A PARAR EL METAL DE BIZKAIA.<\/strong><\/p>\n<p><strong>\u00a0<\/strong>La mayoria sindical conformada por CCOO, LAB, UGT, ESK, CGT y CNT llama a la huelga la semana del 28 de noviembre al 2 de diciembre<\/p>\n<p>&nbsp;<\/p>\n<p>El 2 de noviembre finaliz\u00f3 la \u00faltima fase de huelgas en el Metal de Bizkaia.\u00a0 El seguimiento de las huelgas ha sido muy alto. Durante 6 d\u00edas las personas trabajadoras del metal han parado la producci\u00f3n de las empresas del sector. De esta manera han mostrado su m\u00e1s que contundente rechazo a la \u00faltima oferta de FVEM. Oferta que empobrece y precariza las condiciones laborales en el sector, mientras las empresas que est\u00e1n bloqueando el acuerdo acumulan beneficios como es el caso de Tecuni con m\u00e1s de 3 millones de \u20ac de beneficios, Arteche\u00a0 con casi 9 millones de \u20ac , el grupo Sidenor que supera los 25 millones de \u20ac , el grupo Ormazabal con un beneficio cercano a las 11 millones y Eldu\u00a0 con 6 millones y medio de beneficio.<\/p>\n<p>En estos 6 d\u00edas de huelga FVEM ha contado con un c\u00f3mplice que es el Gobierno Vasco, PNV &#8211; PSOE que adem\u00e1s de\u00a0 permanecer en silencio ante las pretensiones de la patronal, manda a la ertzaintza a detener, criminalizar y apalear a trabajadores y trabajadoras. El balance de las 6 jornadas de huelga realizadas hasta ahora,\u00a0 son 2 trabajadores detenidos, numerosas identificaciones y retenciones, un trabajdor con un dedo roto, otro trabajador con un tend\u00f3n roto, numerosas trabajadoras y trabajadores contusionados, adem\u00e1s de las cuantiosas multas amparadas por la ley mordaza que han comenzado a llegar. Desde aqu\u00ed preguntamos al Gobierno Vasco, \u00bf es esta la oferta que tiene para las personas trabajadoras del metal de Bizkaia?<\/p>\n<p>Viendo el seguimiento que han tenido las huelgas y lo claro que lo tienen las personas trabajadoras del sector, 2 d\u00edas desp\u00faes de la \u00faltima huelga desde la intersindical hicimos p\u00fablicas las fechas des las pr\u00f3ximas huelgas y le mandamos un mensaje claro a FVEM: si en la siguiente reuni\u00f3n segu\u00eda sin escuchar al sector y no pon\u00eda contenidos suficientes para llegar a un acuerdo el conflicto se iba a recrudecer e \u00edbamos a convocar una semana de huelgas.<\/p>\n<p>En la reuni\u00f3n celebrada ayer, una vez m\u00e1s FVEM ha vuelto a desperdiciar una oportunidad.<\/p>\n<p><img loading=\"lazy\" decoding=\"async\" class=\" wp-image-22849 aligncenter\" src=\"https:\/\/www.cgt-lkn.org\/wp-content\/uploads\/2022\/11\/represion-policial-en-metal-bizkaia-CGT-216x300.jpg\" alt=\"\" width=\"359\" height=\"499\" \/><\/p>\n<p>Despu\u00e9s de los \u00faltimos tres d\u00edas de huelga, donde hemos visto a miles de huelguistas salir a la calle a defender un convenio con avances , la patronal ha aparecido con una mejora m\u00ednima, de apenas un punto porcentual de incremento salarial, sin garantizar del poder adquisitivo en las tablas y manteniendo retrocesos en flexibilidad, garant\u00eda m\u00ednimas y complementos de IT.<\/p>\n<p>Por este motivo,\u00a0 ayer tras la reuni\u00f3n de la mesa negociadora registramos 5 nuevas jornadas de huelgas, del 28 de noviembre al 2 de diciembre. Si la patronal sigue empe\u00f1ada en sus pretensiones, esos d\u00edas volveremos a parar la produccion, volveremos a organizarnos en piketes a las 5:00 de la ma\u00f1ana y ni la represion de la ertzaintza, enviada por el Gobierno Vasco y el PNV, ni las mentiras y manipulaciones de la patronal van a parar a un sector que est\u00e1 decidido a ir hasta el final para defender sus condiciones de trabajo y de vida.<\/p>\n<p>Antes y durante las jornadas de huelga volveremos a se\u00f1alar y bloquear a las empresas que niegan al sector subidas salariales que garantizen el poder adquisitivo y avances en otros aspectos como subrogacion, jornada, licencias&#8230; Y tambi\u00e9n se\u00f1alaremos e interpelaremos a quienes en vez de situarse del lado de los y las trabajadoras se alinean con la patronal.<\/p>\n<p>&nbsp;<\/p>\n<h3 style=\"text-align: center;\"><a href=\"https:\/\/www.cgt-lkn.org\/afiliar\/public\/#!\/\">AFILIATE<\/a><\/h3>\n<p><a href=\"https:\/\/www.cgt-lkn.org\/afiliar\/public\/#!\/\"><img loading=\"lazy\" decoding=\"async\" class=\"aligncenter wp-image-18246\" src=\"https:\/\/www.cgt-lkn.org\/wp-content\/uploads\/2019\/04\/cgt_bbva_GRAF_SIGLAS_CON_SLOGAN_10102013-morado.jpg\" alt=\"\" width=\"484\" height=\"158\" \/><\/a><\/p>\n<p>&nbsp;<\/p>\n<p style=\"text-align: center;\"><span style=\"font-size: 14pt;\"><strong>Para recibir las noticias \u00fanete a nuestro canal de <a href=\"https:\/\/t.me\/cgtlknbizkaia\" target=\"_blank\" rel=\"noopener\">Telegram<\/a><\/strong><\/span><\/p>\n<p><a href=\"https:\/\/t.me\/cgtlknbizkaia\"><img loading=\"lazy\" decoding=\"async\" class=\"aligncenter wp-image-19213 size-medium\" src=\"https:\/\/www.cgt-lkn.org\/wp-content\/uploads\/2020\/04\/Telegram-CGT-LKN-Bizkaia-300x166.jpg\" alt=\"\" width=\"300\" height=\"166\" \/><\/a><\/p>\n<p><a href=\"https:\/\/www.youtube.com\/user\/cgtbizkaia\" target=\"_blank\" rel=\"noopener\"><img loading=\"lazy\" decoding=\"async\" class=\"aligncenter size-full wp-image-21708\" src=\"https:\/\/www.cgt-lkn.org\/wp-content\/uploads\/3021\/01\/Youtube-CGT-Bizkaia.jpg\" alt=\"\" width=\"180\" height=\"180\" \/><\/a><\/p>\n","protected":false},"excerpt":{"rendered":"<p>La mayor\u00eda sindical conformada por LAB, CCOO, UGT, ESK, CGT y CNT llamamos a la huelga la semana del 28 de noviembre al 2 de diciembre. Antes y durante las jornadas de huelga, volveremos a bloquear las empresas que niegan al sector subidas salariales que garantizen el poder adquisitivo y avances en otros aspectos.<\/p>\n","protected":false},"author":6,"featured_media":8738,"comment_status":"closed","ping_status":"open","sticky":false,"template":"","format":"standard","meta":{"footnotes":"","_links_to":"","_links_to_target":""},"categories":[30,5,163],"tags":[275,284,116],"class_list":["post-8737","post","type-post","status-publish","format-standard","has-post-thumbnail","hentry","category-accion-directa","category-automocion","category-movilizaciones-2","tag-metalaborrokan","tag-grebak","tag-movilizaciones"],"publishpress_future_action":{"enabled":false,"date":"2026-05-02 08:31:58","action":"change-status","newStatus":"draft","terms":[],"taxonomy":"category","extraData":[]},"publishpress_future_workflow_manual_trigger":{"enabledWorkflows":[]},"_links":{"self":[{"href":"https:\/\/www.cgt-lkn.org\/bizkaia-gestamp\/wp-json\/wp\/v2\/posts\/8737","targetHints":{"allow":["GET"]}}],"collection":[{"href":"https:\/\/www.cgt-lkn.org\/bizkaia-gestamp\/wp-json\/wp\/v2\/posts"}],"about":[{"href":"https:\/\/www.cgt-lkn.org\/bizkaia-gestamp\/wp-json\/wp\/v2\/types\/post"}],"author":[{"embeddable":true,"href":"https:\/\/www.cgt-lkn.org\/bizkaia-gestamp\/wp-json\/wp\/v2\/users\/6"}],"replies":[{"embeddable":true,"href":"https:\/\/www.cgt-lkn.org\/bizkaia-gestamp\/wp-json\/wp\/v2\/comments?post=8737"}],"version-history":[{"count":0,"href":"https:\/\/www.cgt-lkn.org\/bizkaia-gestamp\/wp-json\/wp\/v2\/posts\/8737\/revisions"}],"wp:featuredmedia":[{"embeddable":true,"href":"https:\/\/www.cgt-lkn.org\/bizkaia-gestamp\/wp-json\/wp\/v2\/media\/8738"}],"wp:attachment":[{"href":"https:\/\/www.cgt-lkn.org\/bizkaia-gestamp\/wp-json\/wp\/v2\/media?parent=8737"}],"wp:term":[{"taxonomy":"category","embeddable":true,"href":"https:\/\/www.cgt-lkn.org\/bizkaia-gestamp\/wp-json\/wp\/v2\/categories?post=8737"},{"taxonomy":"post_tag","embeddable":true,"href":"https:\/\/www.cgt-lkn.org\/bizkaia-gestamp\/wp-json\/wp\/v2\/tags?post=8737"}],"curies":[{"name":"wp","href":"https:\/\/api.w.org\/{rel}","templated":true}]}}