{"id":8660,"date":"2022-08-01T09:53:07","date_gmt":"2022-08-01T07:53:07","guid":{"rendered":"https:\/\/www.cgt-lkn.org\/bizkaia\/gestamp\/?p=8660"},"modified":"2022-11-21T20:38:28","modified_gmt":"2022-11-21T19:38:28","slug":"solicitudes-a-la-empresa-banos-tf","status":"publish","type":"post","link":"https:\/\/www.cgt-lkn.org\/bizkaia-gestamp\/2022\/08\/01\/solicitudes-a-la-empresa-banos-tf\/","title":{"rendered":"Solicitudes a la empresa: Ba\u00f1os TF"},"content":{"rendered":"<p>Kaixo!<\/p>\n<p>Visto que a corto plazo no se puede instalar <strong>ba\u00f1os definitivos y \u00e1rea de descanso en la zona de las Transferes<\/strong>, desde CGT-LKN solicitamos que como apa\u00f1o temporal, se valore instalar un modulo en el exterior con ba\u00f1os para hombres y mujeres. Seria cambiar el modulo viejo (antiguos guardas) por uno que tuviera varios ba\u00f1os. Si se pudiera instalar dentro de la empresa mejor, pero si no hay alternativa posible en el interior creemos que puedo ser una alternativa temporal valida.<\/p>\n<p>Si el posible descontrol de esos ba\u00f1os puede suponer un problema, podr\u00edan tener llave y que hubiera una copia en TF-1, TF-2 y otra bajo el control de las personas que descargan materia prima en esa zona, que abrir\u00edan la puerta a los y las transportistas para que pudieran usarlo de manera controlada.<\/p>\n<p>Evidentemente estos ba\u00f1os tendr\u00edan que ser limpiados peri\u00f3dicamente al igual que se hac\u00edan los que ahora se han clausurado.<\/p>\n<p>Hoy mismo nos comenta una persona de log\u00edstica que recientemente una trasportista quer\u00eda hacer uso del ba\u00f1o por tener el periodo y que no sabia a donde mandarle.<\/p>\n<p>La falta de ba\u00f1os en la empresa es grande y el malestar de la plantilla por sus condiciones es tambi\u00e9n elevada por lo que esperamos que se tenga en cuenta la propuesta y se de pronta soluci\u00f3n al problema.<\/p>\n<p>Un Saludo.<\/p>\n","protected":false},"excerpt":{"rendered":"<p>La falta de ba\u00f1os en la empresa es grande y el malestar de la plantilla por sus condiciones es tambi\u00e9n elevada por lo que esperamos que se tenga en cuenta la propuesta y se de pronta soluci\u00f3n al problema.<\/p>\n","protected":false},"author":72,"featured_media":4774,"comment_status":"closed","ping_status":"open","sticky":false,"template":"","format":"standard","meta":{"footnotes":"","_links_to":"","_links_to_target":""},"categories":[7,13,79,191,25],"tags":[278,87,84],"class_list":["post-8660","post","type-post","status-publish","format-standard","has-post-thumbnail","hentry","category-comunicados","category-gestamp","category-gestamp-bizkaia","category-propuestas-e-ideas-2","category-salud-laboral","tag-banos","tag-comunicado","tag-salud-laboral"],"publishpress_future_action":{"enabled":false,"date":"2026-05-07 06:02:59","action":"change-status","newStatus":"draft","terms":[],"taxonomy":"category","extraData":[]},"publishpress_future_workflow_manual_trigger":{"enabledWorkflows":[]},"_links":{"self":[{"href":"https:\/\/www.cgt-lkn.org\/bizkaia-gestamp\/wp-json\/wp\/v2\/posts\/8660","targetHints":{"allow":["GET"]}}],"collection":[{"href":"https:\/\/www.cgt-lkn.org\/bizkaia-gestamp\/wp-json\/wp\/v2\/posts"}],"about":[{"href":"https:\/\/www.cgt-lkn.org\/bizkaia-gestamp\/wp-json\/wp\/v2\/types\/post"}],"author":[{"embeddable":true,"href":"https:\/\/www.cgt-lkn.org\/bizkaia-gestamp\/wp-json\/wp\/v2\/users\/72"}],"replies":[{"embeddable":true,"href":"https:\/\/www.cgt-lkn.org\/bizkaia-gestamp\/wp-json\/wp\/v2\/comments?post=8660"}],"version-history":[{"count":1,"href":"https:\/\/www.cgt-lkn.org\/bizkaia-gestamp\/wp-json\/wp\/v2\/posts\/8660\/revisions"}],"predecessor-version":[{"id":8769,"href":"https:\/\/www.cgt-lkn.org\/bizkaia-gestamp\/wp-json\/wp\/v2\/posts\/8660\/revisions\/8769"}],"wp:featuredmedia":[{"embeddable":true,"href":"https:\/\/www.cgt-lkn.org\/bizkaia-gestamp\/wp-json\/wp\/v2\/media\/4774"}],"wp:attachment":[{"href":"https:\/\/www.cgt-lkn.org\/bizkaia-gestamp\/wp-json\/wp\/v2\/media?parent=8660"}],"wp:term":[{"taxonomy":"category","embeddable":true,"href":"https:\/\/www.cgt-lkn.org\/bizkaia-gestamp\/wp-json\/wp\/v2\/categories?post=8660"},{"taxonomy":"post_tag","embeddable":true,"href":"https:\/\/www.cgt-lkn.org\/bizkaia-gestamp\/wp-json\/wp\/v2\/tags?post=8660"}],"curies":[{"name":"wp","href":"https:\/\/api.w.org\/{rel}","templated":true}]}}