{"id":864,"date":"2012-03-07T15:23:30","date_gmt":"2012-03-07T15:23:30","guid":{"rendered":"http:\/\/www.cgt-lkn.org\/bizkaia\/estampa\/?p=864"},"modified":"2013-11-14T14:04:43","modified_gmt":"2013-11-14T14:04:43","slug":"la-marca-volkswagen-bate-un-record-de-ventas-de-818-800-autos","status":"publish","type":"post","link":"https:\/\/www.cgt-lkn.org\/bizkaia-gestamp\/2012\/03\/07\/la-marca-volkswagen-bate-un-record-de-ventas-de-818-800-autos\/","title":{"rendered":"La marca Volkswagen bate un r\u00e9cord de ventas de 818.800 autos"},"content":{"rendered":"<p>La marca <strong>Volkswagen <\/strong>del mayor productor automovil\u00edstico de Europa <strong>vendi\u00f3 en enero y febrero 818.800 veh\u00edculos<\/strong>, una cifra <strong>r\u00e9cord <\/strong>para estos meses que supone un <strong>incremento del 8%<\/strong> respecto a igual periodo de 2011. <\/p>\n<p> El grupo Volkswagen inform\u00f3 este martes de que su marca VW subi\u00f3 en enero y febrero las ventas en China un 9,5% (300.300 autom\u00f3viles) y en EEUU un 45% (57.800 unidades), mientras en la regi\u00f3n de Sudam\u00e9rica se mantuvieron (121.100 veh\u00edculos). <\/p>\n<p> El director de Ventas de Volkswagen, Christian Klingler, consider\u00f3 que \u00abpese a las dif\u00edciles condiciones en algunos mercados del mundo, la marca VW mantuvo un excelente comportamiento los dos primeros meses de este a\u00f1o\u00bb. <\/p>\n<p> Las ventas en Europa occidental, excluida Alemania, bajaron por el impacto de la situaci\u00f3n en los mercados del sur de Europa, mientras que en Rusia subieron un 112,5%, hasta 20.700 unidades. <\/p>\n<p> Las entregas en Europa occidental bajaron un 4,7% (131.000 veh\u00edculos) y en Alemania cayeron un 1,1% (85.000 unidades).<\/p>\n<p>diariodenavarra.es<\/p>\n","protected":false},"excerpt":{"rendered":"<p>La marca <strong>Volkswagen <\/strong>del mayor productor automovil\u00edstico de Europa <strong>vendi\u00f3 en enero y febrero 818.800 veh\u00edculos<\/strong>, una cifra <strong>r\u00e9cord <\/strong>para estos meses que supone un <strong>incremento del 8%<\/strong> respecto a igual periodo de 2011.<\/p>\n","protected":false},"author":72,"featured_media":0,"comment_status":"open","ping_status":"open","sticky":false,"template":"","format":"standard","meta":{"footnotes":"","_links_to":"","_links_to_target":""},"categories":[5,1,22,29],"tags":[],"class_list":["post-864","post","type-post","status-publish","format-standard","hentry","category-automocion","category-general","category-en-la-prensa","category-volkswagen"],"publishpress_future_action":{"enabled":false,"date":"2026-05-07 11:18:31","action":"change-status","newStatus":"draft","terms":[],"taxonomy":"category","extraData":[]},"publishpress_future_workflow_manual_trigger":{"enabledWorkflows":[]},"_links":{"self":[{"href":"https:\/\/www.cgt-lkn.org\/bizkaia-gestamp\/wp-json\/wp\/v2\/posts\/864","targetHints":{"allow":["GET"]}}],"collection":[{"href":"https:\/\/www.cgt-lkn.org\/bizkaia-gestamp\/wp-json\/wp\/v2\/posts"}],"about":[{"href":"https:\/\/www.cgt-lkn.org\/bizkaia-gestamp\/wp-json\/wp\/v2\/types\/post"}],"author":[{"embeddable":true,"href":"https:\/\/www.cgt-lkn.org\/bizkaia-gestamp\/wp-json\/wp\/v2\/users\/72"}],"replies":[{"embeddable":true,"href":"https:\/\/www.cgt-lkn.org\/bizkaia-gestamp\/wp-json\/wp\/v2\/comments?post=864"}],"version-history":[{"count":1,"href":"https:\/\/www.cgt-lkn.org\/bizkaia-gestamp\/wp-json\/wp\/v2\/posts\/864\/revisions"}],"predecessor-version":[{"id":2345,"href":"https:\/\/www.cgt-lkn.org\/bizkaia-gestamp\/wp-json\/wp\/v2\/posts\/864\/revisions\/2345"}],"wp:attachment":[{"href":"https:\/\/www.cgt-lkn.org\/bizkaia-gestamp\/wp-json\/wp\/v2\/media?parent=864"}],"wp:term":[{"taxonomy":"category","embeddable":true,"href":"https:\/\/www.cgt-lkn.org\/bizkaia-gestamp\/wp-json\/wp\/v2\/categories?post=864"},{"taxonomy":"post_tag","embeddable":true,"href":"https:\/\/www.cgt-lkn.org\/bizkaia-gestamp\/wp-json\/wp\/v2\/tags?post=864"}],"curies":[{"name":"wp","href":"https:\/\/api.w.org\/{rel}","templated":true}]}}