{"id":8613,"date":"2022-06-08T18:38:27","date_gmt":"2022-06-08T16:38:27","guid":{"rendered":"https:\/\/www.cgt-lkn.org\/bizkaia\/gestamp\/?p=8613"},"modified":"2022-06-20T13:46:30","modified_gmt":"2022-06-20T11:46:30","slug":"convocados-3-dias-de-huelga-por-el-convenio-del-metal-de-bizkaia","status":"publish","type":"post","link":"https:\/\/www.cgt-lkn.org\/bizkaia-gestamp\/2022\/06\/08\/convocados-3-dias-de-huelga-por-el-convenio-del-metal-de-bizkaia\/","title":{"rendered":"Convocados 3 d\u00edas de huelga por el convenio del metal de Bizkaia"},"content":{"rendered":"<p><a href=\"https:\/\/www.cgt-lkn.org\/wp-content\/uploads\/sites\/20\/2022\/06\/rueda-de-presna-metal-bizkaia-CGT.jpeg\"><img loading=\"lazy\" decoding=\"async\" class=\" wp-image-8614 aligncenter\" src=\"https:\/\/www.cgt-lkn.org\/wp-content\/uploads\/sites\/20\/2022\/06\/rueda-de-presna-metal-bizkaia-CGT-300x226.jpeg\" alt=\"\" width=\"539\" height=\"406\" srcset=\"https:\/\/www.cgt-lkn.org\/bizkaia-gestamp\/wp-content\/uploads\/sites\/20\/2022\/06\/rueda-de-presna-metal-bizkaia-CGT-300x226.jpeg 300w, https:\/\/www.cgt-lkn.org\/bizkaia-gestamp\/wp-content\/uploads\/sites\/20\/2022\/06\/rueda-de-presna-metal-bizkaia-CGT.jpeg 600w\" sizes=\"auto, (max-width: 539px) 100vw, 539px\" \/><\/a><\/p>\n<p><strong>Esta es la lectura que hemos realizado los sindicatos:<\/strong><\/p>\n<p>Hoy mi\u00e9rcoles 8 de junio, los 4 sindicatos (ELA, CCOO, LAB y UGT) mayoritarios que conformamos la mesa de negociaci\u00f3n del convenio del metal de Bizkaia, junto con el resto de sindicatos del sector (ESK, USO, CGT y CNT) os hemos convocado a los medios delante de la sede de la patronal del metal de Bizkaia.<\/p>\n<p>De hecho, que os hayamos convocado delante de la sede de FVEM no es casual. El pasado 26 de mayo tuvimos la \u00faltima reuni\u00f3n de negociaci\u00f3n. En ella, la patronal respondi\u00f3 negativamente a cada uno de los 17 puntos planteados conjuntamente por los sindicatos. FVEM despreci\u00f3 aquella vez a la clase trabajadora del metal de Bizkaia. En dicha reuni\u00f3n, los sindicatos se\u00f1alamos a FVEM que si ten\u00eda alguna otra propuesta que plantear nos citase a una reuni\u00f3n. No hemos sabido nada de ellos.<\/p>\n<p>Pues bien, y debido a este bloqueo por parte de la patronal, los sindicatos ELA, CCOO, LAB, UGT junto a ESK, USO, CGT y CNT queremos se\u00f1alar p\u00fablicamente que:<\/p>\n<ul>\n<li>Hemos convocado 3 d\u00edas huelga en el sector del metal de Bizkaia.<\/li>\n<li><strong>Los d\u00edas de huelga ser\u00e1n los pr\u00f3ximos d\u00edas 23 y 30 de junio, y el 1 de julio.<\/strong><\/li>\n<\/ul>\n<p>Las huelgas ya han sido comunicadas al Departamento de Trabajo del Gobierno Vasco, y cuando finalice esta rueda de prensa procederemos a registrar las convocatorias en la patronal.<\/p>\n<p>La din\u00e1mica de movilizaciones y socializaci\u00f3n en el sector ya comenz\u00f3 hace unas semanas. Se est\u00e1n recogiendo mociones en los centros de trabajo y registrando escritos dirigidos a las empresas del metal de Bizkaia, interpel\u00e1ndolas para que se pongan en contacto con FVEM de cara a que se desbloquee la negociaci\u00f3n.<\/p>\n<p><iframe loading=\"lazy\" title=\"BIZKAIKO METALA BORROK\u24b6N\" width=\"700\" height=\"394\" src=\"https:\/\/www.youtube.com\/embed\/JB1MUmkVel0?feature=oembed\" frameborder=\"0\" allow=\"accelerometer; autoplay; clipboard-write; encrypted-media; gyroscope; picture-in-picture\" allowfullscreen><\/iframe><\/p>\n<p style=\"text-align: center\"><img loading=\"lazy\" decoding=\"async\" class=\" wp-image-22457 aligncenter\" src=\"https:\/\/www.cgt-lkn.org\/wp-content\/uploads\/3021\/01\/cgt-sigue-creciendo-afiliate-217x300.jpeg\" alt=\"\" width=\"262\" height=\"362\" \/><span style=\"font-size: 14pt\"><strong>Para recibir las noticias \u00fanete a nuestro canal de <a href=\"https:\/\/t.me\/cgtlknbizkaia\" target=\"_blank\" rel=\"noopener\">Telegram<\/a><\/strong><\/span><br \/>\n<a href=\"https:\/\/t.me\/cgtlknbizkaia\"><img loading=\"lazy\" decoding=\"async\" class=\"aligncenter wp-image-19213 size-medium\" src=\"https:\/\/www.cgt-lkn.org\/wp-content\/uploads\/2020\/04\/Telegram-CGT-LKN-Bizkaia-300x166.jpg\" alt=\"\" width=\"300\" height=\"166\" \/><\/a><\/p>\n<p>&nbsp;<\/p>\n<p><strong>Hauxe da sindikatuok egin dugun irakurketa:<\/strong><\/p>\n<p>Gaur, ekainak 8, asteazkena, Bizkaiko metalgintzako hitzarmena negoziatzeko mahaia osatzen dugun 4 sindikatu nagusiek (ELA, CCOO, LAB, UGT) eta sektoreko gainerako sindikatuek (ESK, USO, CGT, CNT) Bizkaiko metalgintzako patronalaren egoitzaren aurrera deitu dizuegu.<\/p>\n<p>Izan ere, FVEMen egoitzaren aurrean deitu izana ez da kasualitatea. Joan den maiatzaren 26an izan genuen azken negoziazio bilera. Bertan, patronalak ezetz erantzun zien sindikatuek batera planteatutako 17 puntuei. FVEMek mespretxatu egin zuen Bizkaiko metalgintzako langile klasea. Bilera horretan, sindikatuek FVEMi adierazi genion beste proposamenik izanez gero bilera batera deitu behar gintuela. Ez dugu haien berririk izan.<\/p>\n<p>Bada, patronalaren blokeo horren ondorioz, ELA, CCOO, LAB, UGT eta ESK, USO, CGT eta CNT sindikatuek publikoki adierazi nahi dugu:<\/p>\n<p>-3 greba egun deitu ditugu Bizkaiko metalgintzan.<br \/>\n-Greba egunak ekainaren 23an eta 30ean eta uztailaren 1ean izango dira.<\/p>\n<p>Grebak Eusko Jaurlaritzako Lan Sailari jakinarazi zaizkio jada, eta prentsaurreko hau amaitzen denean deialdiak patronalean, FVEMen, erregistratuko ditugu.<\/p>\n<p>Sektorean mobilizazio eta sozializazio dinamika duela aste batzuk hasi zen. Lantokietan mozioak jasotzen ari dira, eta Bizkaiko metalgintzako enpresei zuzendutako idazkiak erregistratzen, enpresak interpelatuz, FVEMekin harremanetan jar daitezen negoziazioa desblokeatu dadin.<\/p>\n<figure class=\"wp-block-image size-large\"><\/figure>\n<p>Joan den ostiralean, ekainaren 3an, sindikatuetako militanteek hainbat elkarretaratzetan parte hartu genuen patronalaren batzorde exekutiboko kide diren enpresa batzuen aurrean (Tecuni, ITP Aero, Arteche, Astilleros Murueta, Sidenor, Eldu edo Ormazabal). Enpresa horiek FVEMen parte hartzen dute eta blokeoaren erantzule direla salatu genuen. Egun horretan, Patronalak eta Eusko Jaurlaritzako Segurtasun Sailak mobilizazio horiei (baketsuak eta aldez aurretik jakinaraziak) emandako erantzuna pertsona ugari identifikatzea eta isunak eta salaketak jartzeko mehatxua izan zen. Badirudi hori dela gure eskubideen alde mobilizatzea erabaki dugun langileontzat nahi duten errezeta.<\/p>\n<p>Hemendik aurrera, Bizkaiko metalgintzan ordezkaritza duten sindikatuok badakigu oso egun intentsoak geratzen direla greba lantzeko. Ehunka batzar izango dira lantokietan. Sozializazio dinamika desberdinak eskualdeetan. Eta datorren ekainaren 13an, Barakaldoko BECen egingo den Makina Erremintaren Bienala dela eta, manifestazio bat egingo dugu Bizkaiko Metalgintzaren Hitzarmen bat eskatzeko, hobekuntza nabarmenekin.<\/p>\n<p>Bizkaiko metalgintzako enpresek oso urte ona izan zuten 2021ean emaitzei dagokienez. 2022 hau ere oparoa izango da. Sektorean lan karga handia dago. Hala ere, patronalak negoziazio mahaian eskaintzen diguna eros ahalmena galtzea da, eta ez du jakin nahi sindikatuek proposatutako beste hobekuntza batzuen berri. FVEMen jarrera arduragabe horren aurrean, gurena denaren alde borrokatzeko garaia dela uste dugu. Bada garaia sortzen den aberastasunaren banaketa justua eskatzeko. Bizkaiko metalgintza grebara joateko ordua da.<\/p>\n<p style=\"text-align: center\"><img loading=\"lazy\" decoding=\"async\" class=\" wp-image-22457 aligncenter\" src=\"https:\/\/www.cgt-lkn.org\/wp-content\/uploads\/3021\/01\/cgt-sigue-creciendo-afiliate-217x300.jpeg\" alt=\"\" width=\"262\" height=\"362\" \/><span style=\"font-size: 14pt\"><strong>Para recibir las noticias \u00fanete a nuestro canal de <a href=\"https:\/\/t.me\/cgtlknbizkaia\" target=\"_blank\" rel=\"noopener\">Telegram<\/a><\/strong><\/span><br \/>\n<a href=\"https:\/\/t.me\/cgtlknbizkaia\"><img loading=\"lazy\" decoding=\"async\" class=\"aligncenter wp-image-19213 size-medium\" src=\"https:\/\/www.cgt-lkn.org\/wp-content\/uploads\/2020\/04\/Telegram-CGT-LKN-Bizkaia-300x166.jpg\" alt=\"\" width=\"300\" height=\"166\" \/><\/a><\/p>\n<p>&nbsp;<\/p>\n","protected":false},"excerpt":{"rendered":"<p><strong>Los d\u00edas<\/strong>\u00a0de huelga ser\u00e1n los pr\u00f3ximos d\u00edas<strong> 23 y 30 de junio, y el 1 de julio.<\/strong><\/p>\n","protected":false},"author":72,"featured_media":8616,"comment_status":"closed","ping_status":"open","sticky":false,"template":"","format":"standard","meta":{"footnotes":"","_links_to":"","_links_to_target":""},"categories":[30,5,7,163,27],"tags":[164,243,270,124],"class_list":["post-8613","post","type-post","status-publish","format-standard","has-post-thumbnail","hentry","category-accion-directa","category-automocion","category-comunicados","category-movilizaciones-2","category-sindical","tag-accion-sindical","tag-bizkaia","tag-hulega","tag-metal"],"publishpress_future_action":{"enabled":false,"date":"2026-05-07 06:55:14","action":"change-status","newStatus":"draft","terms":[],"taxonomy":"category","extraData":[]},"publishpress_future_workflow_manual_trigger":{"enabledWorkflows":[]},"_links":{"self":[{"href":"https:\/\/www.cgt-lkn.org\/bizkaia-gestamp\/wp-json\/wp\/v2\/posts\/8613","targetHints":{"allow":["GET"]}}],"collection":[{"href":"https:\/\/www.cgt-lkn.org\/bizkaia-gestamp\/wp-json\/wp\/v2\/posts"}],"about":[{"href":"https:\/\/www.cgt-lkn.org\/bizkaia-gestamp\/wp-json\/wp\/v2\/types\/post"}],"author":[{"embeddable":true,"href":"https:\/\/www.cgt-lkn.org\/bizkaia-gestamp\/wp-json\/wp\/v2\/users\/72"}],"replies":[{"embeddable":true,"href":"https:\/\/www.cgt-lkn.org\/bizkaia-gestamp\/wp-json\/wp\/v2\/comments?post=8613"}],"version-history":[{"count":2,"href":"https:\/\/www.cgt-lkn.org\/bizkaia-gestamp\/wp-json\/wp\/v2\/posts\/8613\/revisions"}],"predecessor-version":[{"id":8618,"href":"https:\/\/www.cgt-lkn.org\/bizkaia-gestamp\/wp-json\/wp\/v2\/posts\/8613\/revisions\/8618"}],"wp:featuredmedia":[{"embeddable":true,"href":"https:\/\/www.cgt-lkn.org\/bizkaia-gestamp\/wp-json\/wp\/v2\/media\/8616"}],"wp:attachment":[{"href":"https:\/\/www.cgt-lkn.org\/bizkaia-gestamp\/wp-json\/wp\/v2\/media?parent=8613"}],"wp:term":[{"taxonomy":"category","embeddable":true,"href":"https:\/\/www.cgt-lkn.org\/bizkaia-gestamp\/wp-json\/wp\/v2\/categories?post=8613"},{"taxonomy":"post_tag","embeddable":true,"href":"https:\/\/www.cgt-lkn.org\/bizkaia-gestamp\/wp-json\/wp\/v2\/tags?post=8613"}],"curies":[{"name":"wp","href":"https:\/\/api.w.org\/{rel}","templated":true}]}}