{"id":8608,"date":"2022-06-05T17:36:46","date_gmt":"2022-06-05T15:36:46","guid":{"rendered":"https:\/\/www.cgt-lkn.org\/bizkaia\/gestamp\/?p=8608"},"modified":"2022-06-20T13:46:44","modified_gmt":"2022-06-20T11:46:44","slug":"chechu-readmision","status":"publish","type":"post","link":"https:\/\/www.cgt-lkn.org\/bizkaia-gestamp\/2022\/06\/05\/chechu-readmision\/","title":{"rendered":"CHECHU READMISION"},"content":{"rendered":"<p>SI QUIERES SOLIDARIDARTE CON CHECHU PUEDES HACERNOS LLEGAR TUS APORTACIONES A LOS DELEGADOS DE CGT-LKN O EN LA CUENTA.<\/p>\n<p>ES36 2103 4714 7900 2010 2139<\/p>\n<p style=\"text-align: center\">HOY LE A TOCADO CHECHU, MA\u00d1ANA A TI.<\/p>\n<p><a href=\"https:\/\/www.cgt-lkn.org\/wp-content\/uploads\/sites\/20\/2022\/06\/caja-resistencia-solidaridad-con-CHECHU.jpg\"><img loading=\"lazy\" decoding=\"async\" class=\" wp-image-8609 aligncenter\" src=\"https:\/\/www.cgt-lkn.org\/wp-content\/uploads\/sites\/20\/2022\/06\/caja-resistencia-solidaridad-con-CHECHU-240x300.jpg\" alt=\"\" width=\"396\" height=\"495\" srcset=\"https:\/\/www.cgt-lkn.org\/bizkaia-gestamp\/wp-content\/uploads\/sites\/20\/2022\/06\/caja-resistencia-solidaridad-con-CHECHU-240x300.jpg 240w, https:\/\/www.cgt-lkn.org\/bizkaia-gestamp\/wp-content\/uploads\/sites\/20\/2022\/06\/caja-resistencia-solidaridad-con-CHECHU.jpg 600w\" sizes=\"auto, (max-width: 396px) 100vw, 396px\" \/><\/a><\/p>\n<p><iframe loading=\"lazy\" title=\"#RNtvLucha Iveco\" width=\"700\" height=\"394\" src=\"https:\/\/www.youtube.com\/embed\/2YX4FPtiCsM?feature=oembed\" frameborder=\"0\" allow=\"accelerometer; autoplay; clipboard-write; encrypted-media; gyroscope; picture-in-picture\" allowfullscreen><\/iframe><\/p>\n<p>&nbsp;<\/p>\n","protected":false},"excerpt":{"rendered":"<p>Jos\u00e9 Mar\u00eda M\u00e9ndez \u00abChechu\u00bb trabajador de Iveco afiliado a CGT, ha sido despedido despu\u00e9s de una larga baja motivada por lesiones producidas por las malas condiciones ergon\u00f3micas en su trabajo. El compromiso de Chechu con la lucha por los derechos de sus compa\u00f1eras es el motivo principal de su despido. CGT no parar\u00e1 hasta conseguir la readmisi\u00f3n del compa\u00f1ero para acabar con la arbitrariedad y la represi\u00f3n sindical de la direcci\u00f3n de Iveco.<\/p>\n","protected":false},"author":6,"featured_media":8610,"comment_status":"closed","ping_status":"open","sticky":false,"template":"","format":"standard","meta":{"footnotes":"","_links_to":"","_links_to_target":""},"categories":[30,8,57,77],"tags":[115,164,98,104,78,97],"class_list":["post-8608","post","type-post","status-publish","format-standard","has-post-thumbnail","hentry","category-accion-directa","category-coordinadora-de-automocion","category-iveco","category-represion","tag-cgttusindicato","tag-accion-sindical","tag-coordinadora-automocion","tag-iveco","tag-represion","tag-solidaridad"],"publishpress_future_action":{"enabled":false,"date":"2026-05-02 07:54:04","action":"change-status","newStatus":"draft","terms":[],"taxonomy":"category","extraData":[]},"publishpress_future_workflow_manual_trigger":{"enabledWorkflows":[]},"_links":{"self":[{"href":"https:\/\/www.cgt-lkn.org\/bizkaia-gestamp\/wp-json\/wp\/v2\/posts\/8608","targetHints":{"allow":["GET"]}}],"collection":[{"href":"https:\/\/www.cgt-lkn.org\/bizkaia-gestamp\/wp-json\/wp\/v2\/posts"}],"about":[{"href":"https:\/\/www.cgt-lkn.org\/bizkaia-gestamp\/wp-json\/wp\/v2\/types\/post"}],"author":[{"embeddable":true,"href":"https:\/\/www.cgt-lkn.org\/bizkaia-gestamp\/wp-json\/wp\/v2\/users\/6"}],"replies":[{"embeddable":true,"href":"https:\/\/www.cgt-lkn.org\/bizkaia-gestamp\/wp-json\/wp\/v2\/comments?post=8608"}],"version-history":[{"count":1,"href":"https:\/\/www.cgt-lkn.org\/bizkaia-gestamp\/wp-json\/wp\/v2\/posts\/8608\/revisions"}],"predecessor-version":[{"id":8633,"href":"https:\/\/www.cgt-lkn.org\/bizkaia-gestamp\/wp-json\/wp\/v2\/posts\/8608\/revisions\/8633"}],"wp:featuredmedia":[{"embeddable":true,"href":"https:\/\/www.cgt-lkn.org\/bizkaia-gestamp\/wp-json\/wp\/v2\/media\/8610"}],"wp:attachment":[{"href":"https:\/\/www.cgt-lkn.org\/bizkaia-gestamp\/wp-json\/wp\/v2\/media?parent=8608"}],"wp:term":[{"taxonomy":"category","embeddable":true,"href":"https:\/\/www.cgt-lkn.org\/bizkaia-gestamp\/wp-json\/wp\/v2\/categories?post=8608"},{"taxonomy":"post_tag","embeddable":true,"href":"https:\/\/www.cgt-lkn.org\/bizkaia-gestamp\/wp-json\/wp\/v2\/tags?post=8608"}],"curies":[{"name":"wp","href":"https:\/\/api.w.org\/{rel}","templated":true}]}}