{"id":8603,"date":"2022-06-02T18:43:50","date_gmt":"2022-06-02T16:43:50","guid":{"rendered":"https:\/\/www.cgt-lkn.org\/bizkaia\/gestamp\/?p=8603"},"modified":"2022-06-20T13:47:00","modified_gmt":"2022-06-20T11:47:00","slug":"reunion-el-8-de-junio-de-13-30-a-14-30-h-a-favor-del-acuerdo-del-metal-de-bizkaia","status":"publish","type":"post","link":"https:\/\/www.cgt-lkn.org\/bizkaia-gestamp\/2022\/06\/02\/reunion-el-8-de-junio-de-13-30-a-14-30-h-a-favor-del-acuerdo-del-metal-de-bizkaia\/","title":{"rendered":"REUNI\u00d3N el 8 de junio de 13.30 a 14.30 h A FAVOR DEL ACUERDO DEL METAL DE BIZKAIA"},"content":{"rendered":"<h1><u>EL COMIT\u00c9 NOTIFICA<\/u><\/h1>\n<p style=\"font-weight: 400\"><strong>\u00a0<\/strong><u>ACUERDO BISCAYA METAL<\/u><\/p>\n<p style=\"font-weight: 400\"><strong>\u00a0<\/strong>En el Comit\u00e9 de Personal de GESTAMP BIZKAIA SA, por unanimidad hemos decidido lo siguiente:<\/p>\n<p style=\"font-weight: 400\">Estamos de acuerdo con las demandas de plataforma negociadora conjunta presentadas por los sindicatos ELA, CCOO, LAB, UGT, ESK, USO, CGT y CNT, as\u00ed como las jornadas de movilizaci\u00f3n y huelga que estos sindicatos podr\u00e1n convocar si la negociaci\u00f3n del metal de Bizkaia no se desbloquea el acuerdo ni se avanza.<\/p>\n<p style=\"font-weight: 400\">El Acuerdo Bizkaia Metal es la base para la mejora de las condiciones de trabajo y de vida de todos los trabajadores del sector.<\/p>\n<p style=\"font-weight: 400\">Tambi\u00e9n queremos informarles que hemos pedido a la direcci\u00f3n de la empresa que se ponga en contacto con FVEM para exigir una negociaci\u00f3n real y poner sobre la mesa los contenidos que permitan llegar a un acuerdo.<\/p>\n<p style=\"font-weight: 400\">Esta campa\u00f1a de mociones terminar\u00e1 el 8 de junio con un mitin frente a las empresas.\u00a0<strong>Encuentro Gestamp Bizkaia\u00a0<\/strong>:<\/p>\n<p style=\"font-weight: 400\">\u00a0<strong>REUNI\u00d3N el 8 de junio de 13.30 a 14.30 h A FAVOR\u00a0<\/strong><strong>DEL ACUERDO DEL METAL DE BIZKAIA<\/strong><\/p>\n<p style=\"font-weight: 400\"><strong>\u00a0<\/strong>Abadi\u00f1o el 1 de junio de 2022.<\/p>\n<h1><u>EL COMIT\u00c9 INFORMA<\/u><\/h1>\n<p style=\"font-weight: 400\"><u>ACUERDO BIZKAIA METAL<\/u><\/p>\n<p style=\"font-weight: 400\"><strong>\u00a0<\/strong>Reunido el Comit\u00e9 de Empresa de GESTAMP BIZKAIA SA, por unanimidad decidimos que:<\/p>\n<p style=\"font-weight: 400\">Manifestamos nuestro apoyo a las peticiones de la plataforma de negociaci\u00f3n conjunta, movilizaciones y\u00a0huelgas convocadas por los sindicatos ELA, CCOO, LAB,\u00a0UGT,\u00a0ESK, USO, CGT y\u00a0CNT\u00a0,\u00a0en caso de que no se desbloquee la negociaci\u00f3n del acuerdo metal\u00fargico de Bizkaia y seguir adelante,<\/p>\n<p style=\"font-weight: 400\">El Acuerdo Bizkaia Metal es la base para la mejora de las condiciones de trabajo y de vida\u00a0de todos los trabajadores del\u00a0sector.<\/p>\n<p style=\"font-weight: 400\">Del\u00a0mismo\u00a0modo , les\u00a0informamos\u00a0que\u00a0hemos solicitado a\u00a0la\u00a0direcci\u00f3n\u00a0de\u00a0nuestra\u00a0empresa\u00a0que se comunique con la\u00a0FVEM para\u00a0que\u00a0exija\u00a0una negociaci\u00f3n real y se ponga sobre la mesa contenidos que posibiliten un\u00a0acuerdo.<\/p>\n<p style=\"font-weight: 400\">Esta campa\u00f1a de movimiento terminar\u00e1 el 8 de junio con diferentes m\u00edtines frente a las empresas.\u00a0<strong>En Gestamp Bizkaia la concentraci\u00f3n ser\u00e1 la de<\/strong>\u00a0:<\/p>\n<p style=\"font-weight: 400\"><strong>8 de junio de 13.30 a 14.30 h CONCENTRACI\u00d3N\u00a0<\/strong><strong>POR<\/strong><strong>\u00a0UN\u00a0<\/strong><strong>CONVENIO\u00a0<\/strong><strong>BIZKAIA\u00a0<\/strong><strong>METAL<\/strong><\/p>\n","protected":false},"excerpt":{"rendered":"<p>Estamos de acuerdo con las demandas de plataforma negociadora conjunta presentadas por los sindicatos ELA, CCOO, LAB, UGT, ESK, USO, CGT y CNT, as\u00ed como las jornadas de movilizaci\u00f3n y huelga que estos sindicatos podr\u00e1n convocar si la negociaci\u00f3n del metal de Bizkaia no se desbloquea el acuerdo ni se avanza.<\/p>\n","protected":false},"author":6,"featured_media":8604,"comment_status":"closed","ping_status":"open","sticky":false,"template":"","format":"standard","meta":{"footnotes":"","_links_to":"","_links_to_target":""},"categories":[30,7,17,27],"tags":[243,124,116],"class_list":["post-8603","post","type-post","status-publish","format-standard","has-post-thumbnail","hentry","category-accion-directa","category-comunicados","category-movilizaciones","category-sindical","tag-bizkaia","tag-metal","tag-movilizaciones"],"publishpress_future_action":{"enabled":false,"date":"2026-05-02 06:19:24","action":"change-status","newStatus":"draft","terms":[],"taxonomy":"category","extraData":[]},"publishpress_future_workflow_manual_trigger":{"enabledWorkflows":[]},"_links":{"self":[{"href":"https:\/\/www.cgt-lkn.org\/bizkaia-gestamp\/wp-json\/wp\/v2\/posts\/8603","targetHints":{"allow":["GET"]}}],"collection":[{"href":"https:\/\/www.cgt-lkn.org\/bizkaia-gestamp\/wp-json\/wp\/v2\/posts"}],"about":[{"href":"https:\/\/www.cgt-lkn.org\/bizkaia-gestamp\/wp-json\/wp\/v2\/types\/post"}],"author":[{"embeddable":true,"href":"https:\/\/www.cgt-lkn.org\/bizkaia-gestamp\/wp-json\/wp\/v2\/users\/6"}],"replies":[{"embeddable":true,"href":"https:\/\/www.cgt-lkn.org\/bizkaia-gestamp\/wp-json\/wp\/v2\/comments?post=8603"}],"version-history":[{"count":1,"href":"https:\/\/www.cgt-lkn.org\/bizkaia-gestamp\/wp-json\/wp\/v2\/posts\/8603\/revisions"}],"predecessor-version":[{"id":8634,"href":"https:\/\/www.cgt-lkn.org\/bizkaia-gestamp\/wp-json\/wp\/v2\/posts\/8603\/revisions\/8634"}],"wp:featuredmedia":[{"embeddable":true,"href":"https:\/\/www.cgt-lkn.org\/bizkaia-gestamp\/wp-json\/wp\/v2\/media\/8604"}],"wp:attachment":[{"href":"https:\/\/www.cgt-lkn.org\/bizkaia-gestamp\/wp-json\/wp\/v2\/media?parent=8603"}],"wp:term":[{"taxonomy":"category","embeddable":true,"href":"https:\/\/www.cgt-lkn.org\/bizkaia-gestamp\/wp-json\/wp\/v2\/categories?post=8603"},{"taxonomy":"post_tag","embeddable":true,"href":"https:\/\/www.cgt-lkn.org\/bizkaia-gestamp\/wp-json\/wp\/v2\/tags?post=8603"}],"curies":[{"name":"wp","href":"https:\/\/api.w.org\/{rel}","templated":true}]}}