{"id":8593,"date":"2022-05-25T13:44:14","date_gmt":"2022-05-25T11:44:14","guid":{"rendered":"https:\/\/www.cgt-lkn.org\/bizkaia\/gestamp\/?p=8593"},"modified":"2022-06-20T13:45:32","modified_gmt":"2022-06-20T11:45:32","slug":"nueva-lucha-del-metal-de-bizkaia-rueda-de-prensa-25-de-mayo","status":"publish","type":"post","link":"https:\/\/www.cgt-lkn.org\/bizkaia-gestamp\/2022\/05\/25\/nueva-lucha-del-metal-de-bizkaia-rueda-de-prensa-25-de-mayo\/","title":{"rendered":"NUEVA LUCHA DEL METAL DE BIZKAIA. RUEDA DE PRENSA 25 DE MAYO."},"content":{"rendered":"<p><a href=\"https:\/\/www.cgt-lkn.org\/wp-content\/uploads\/sites\/20\/2022\/05\/concentracio-Metal-Bizkaia.jpg\"><img loading=\"lazy\" decoding=\"async\" class=\" wp-image-8599 aligncenter\" src=\"https:\/\/www.cgt-lkn.org\/wp-content\/uploads\/sites\/20\/2022\/05\/concentracio-Metal-Bizkaia-212x300.jpg\" alt=\"\" width=\"362\" height=\"512\" srcset=\"https:\/\/www.cgt-lkn.org\/bizkaia-gestamp\/wp-content\/uploads\/sites\/20\/2022\/05\/concentracio-Metal-Bizkaia-212x300.jpg 212w, https:\/\/www.cgt-lkn.org\/bizkaia-gestamp\/wp-content\/uploads\/sites\/20\/2022\/05\/concentracio-Metal-Bizkaia.jpg 566w\" sizes=\"auto, (max-width: 362px) 100vw, 362px\" \/><\/a><\/p>\n<p>El lunes 16 de mayo, los 4 sindicatos (ELA, CCOO, LAB, UGT) mayoritarios que conformamos la mesa de negociaci\u00f3n del convenio del metal de Bizkaia, hemos registrado una plataforma conjunta en la sede del CRL. Dicho registro lo hemos hecho junto con el resto de sindicatos del sector (ESK, USO, CGT) que no est\u00e1n representados en la mesa de negociaci\u00f3n.<\/p>\n<p>Ya son siete las reuniones que se han celebrado, y el bloqueo por parte de la patronal es total. La presentaci\u00f3n de una plataforma conjunta por todos los sindicatos del sector busca romper dicho bloqueo, y propiciar e impulsar una negociaci\u00f3n real, y no el \u00abteatrillo\u00bb vac\u00edo y sin contenidos al que nos quiere habituar la patronal.<\/p>\n<p>Los contenidos de la <strong>plataforma conjunta<\/strong> que hemos registrado son los siguientes:<\/p>\n<ul>\n<li>Incrementos Salariales por encima del IPC y para el personal de fuera de tablas, garant\u00eda m\u00ednima al 100%.<\/li>\n<li>Descongelaci\u00f3n de la antig\u00fcedad.<\/li>\n<li>Reducci\u00f3n de jornada y limitaci\u00f3n de la flexibilidad.<\/li>\n<li>Subrogaci\u00f3n para todas las actividades.<\/li>\n<li>Obligaci\u00f3n de aplicar el Contrato de Relevo.<\/li>\n<li>Limitar la contrataci\u00f3n mediante ETTs. * Adecuaci\u00f3n de las licencias retribuidas.<\/li>\n<li>En Salud Laboral medidas para hacer frente al problema del amianto y mejoras en las indemnizaciones por incapacidad y muerte derivadas de accidente de trabajo y enfermedad profesional.<\/li>\n<li>Otros puntos como Regulaci\u00f3n del teletrabajo, medidas concretas a favor de la igualdad, medidas para la conciliaci\u00f3n y cuidados.<\/li>\n<\/ul>\n<p>El convenio sectorial del metal fue rescatado en 2019 tras demasiados a\u00f1os sin firmarse gracias a la movilizaci\u00f3n de miles de personas trabajadoras que participaron en las huelgas convocadas, por ello los sindicatos tenemos claro que no vamos a dejarlas tiradas ni vamos a permitir, como pretende FVEM, que no se renueve el convenio.<\/p>\n<p>De todos y todas es sabido, porque as\u00ed lo sufrimos, cual est\u00e1 siendo el aumento de<strong> la carest\u00eda de la vida<\/strong> fundamentalmente desde hace ya m\u00e1s de un a\u00f1o. Adem\u00e1s del precio de la energ\u00eda, la cesta de la compra se ha encarecido exponencialmente los \u00faltimos meses. Incluso en este sector, cada vez va emergiendo con m\u00e1s fuerza <strong>la figura del trabajador o trabajadora pobre, que aun teniendo un empleo no puede llegar a fin de mes<\/strong>, ni satisfacer sus necesidades b\u00e1sicas. Exigimos pues un reparto justo de la riqueza que se genera.<\/p>\n<p>Los sindicatos del sector lo tenemos claro. <strong>O<\/strong> la patronal desbloquea la negociaci\u00f3n y se <strong>activa una negociaci\u00f3n real<\/strong> en la mesa del convenio del metal de Bizkaia, o <strong>llamaremos a todos los trabajadores y trabajadoras<\/strong> del sector <strong>a exigirlo<\/strong> desde sus empresas y desde la calle. Ya lo hicimos en el 2019 y si es necesario hacerlo lo volveremos a hacer.<\/p>\n<p>En esta l\u00ednea, esta misma semana <strong>hemos comenzado a presentar mociones en las empresas del sector<\/strong> para que sean suscritas por los comit\u00e9s de empresa y delegados y delegadas, adhiri\u00e9ndose a la lucha del convenio del metal de Bizkaia y exigiendo a las\u00a0direcciones de las empresas que insten a FVEM a una negociaci\u00f3n real y deje de bloquear la mesa negociadora.<\/p>\n<p>Ma\u00f1ana se va a producir la octava reuni\u00f3n del convenio. FVEM tiene una oportunidad para dar una respuesta positiva a la plataforma conjunta presentada. Desde aqu\u00ed queremos interpelar directamente a las empresas que sabemos que forman parte del Comit\u00e9 Ejecutivo de FVEM; Tecuni, Arteche, ITP, Sidenor, Eldu, Ormazabal, Astilleros Murueta y algunas otras m\u00e1s. Si segu\u00eds bloqueando la negociaci\u00f3n, si segu\u00eds negando a los y las trabajadoras del sector la posibilidad de mejorar sus condiciones laborales y de vida, nos vais a tener enfrente e iremos a bloquearos. Est\u00e1 en vuestra mano evitar la conflictividad y evitar el escenario de huelgas y confrontaci\u00f3n.<\/p>\n<p>Por \u00faltimo y para terminar queremos recordar que <strong>todav\u00eda hay algunos trabajadores y trabajadoras del metal que est\u00e1n sufriendo el acoso judicial desde las \u00faltimas huelgas realizadas en el 2019.<\/strong><\/p>\n<p>El 7 de junio, Aitor y Arkaitz, dos trabajadores del metal de Bizkaia ser\u00e1n juzgados en la audiencia provincial con peticiones de 23 meses de c\u00e1rcel. Es por ello que todos los sindicatos del metal, junto con la Plataforma de encausados y encausadas por conflictos laborales, nos concentraremos en frente de la audiencia provincial en solidaridad con Aitor y Arkaitz, y en contra de la criminalizaci\u00f3n de la labor sindical.<\/p>\n<p>&nbsp;<\/p>\n<p>Maiatzaren 16an, astelehena, Bizkaiko metaleko hitzarmenaren negoziazio mahaia osatzen dugun 4 sindikatu nagusiek (ELA, CCOO, LAB, UGT) plataforma bateratu bat erregistratu genuen LHKren egoitzan. Erregistro hori negoziazio mahaian ordezkatuta ez dauden sektoreko gainerako sindikatuekin batera egin genuen (ESK, USO, CGT&#8230;).<\/p>\n<p>Dagoeneko zazpi bilera egin dira, eta patronalaren blokeoa erabatekoa da. Sektoreko sindikatu guztiek plataforma bateratua aurkezteak blokeo hori haustea du helburu, eta benetako negoziazioa bultzatzea, eta ez patronalak ohitu nahi gaituen edukirik gabeko antzerki hutsa.<\/p>\n<p>Erregistratu dugun plataforma bateratuaren edukiak honako hauek dira:<\/p>\n<p>\uf02a Soldata-igoerak KPlaren gainetik eta tauletatik kanpoko langileentzat, % 100eko gutxieneko bermea.<br \/>\n* Antiz\u00f1atasuna desizoztea<\/p>\n<p>\uf02a Lanaldia murriztea eta malgutasuna mugatzea.<br \/>\n\uf02a Jarduera guztietarako subrogazioa.<br \/>\n\uf02a Errelebu-kontratua aplikatzeko derrigortasuna<\/p>\n<p>* ABLEen bidezko kontratazioa mugatzea.<br \/>\n\uf02a Ordaindutako lizentziak egokitzea.<\/p>\n<p>\uf02a Laneko osasunean, amiantoaren arazoari aurre egiteko neurriak eta lan-istripuak eta lanbide-gaixotasunak eragindako ezintasun eta heriotzagatiko kalte-ordainetan hobekuntzak.<br \/>\n\uf02a Beste puntu batzuk: telelana arautzea, berdintasunaren aldeko neurri zehatzak, kontziliaziorako neurriak eta zaintzak.<\/p>\n<p>&nbsp;<\/p>\n<p>Metalaren sektoreko hitzarmena 2019an erreskatatu zen, urte gehiegi sinatu gabe egon ondoren, deitutako grebetan parte hartu zuten milaka langileren mobilizazioari esker. Horregatik, sindikatuok argi daukagu langileak ez ditugula alde batera utziko eta, zentzu berean ez dugula onartuko FEVEMek defendatzen duena, hau da, hitzarmena ez berritzea.<\/p>\n<p>Duela urtebete &#8216;baino gehiagotik guztiok dakigu, horrela sufritzhn dugulako, zenbat garestitu den bizita. Energiaren prezioaz gain, erosketa-saskia esponentzialki garestitu da azken hilabeteetan. Sektore honetan ere, gero eta indar handiagoz agertzen ari da langile txiroaren figura; izan ere, enplegua izanda ere, ezin da iritsi hilaren amaierara, ezta haren oinarrizko premiak asetzera ere. Beraz, sortzen den aberastasunaren bidezko banaketa eta hitzarmen duina exijitzen dugu.<\/p>\n<p>Sektoreko sindikatuok argi daukagu. Edo patronalak negoziazioa desblokeatzen du eta benetako negoziazioa aktibatzen da Bizkaiko metaleko hitzarmenaren mahaian, edo sektoreko langile guztiei dei egingo diegu beraien enpresetatik eta kaleetatik exijitzeko. 2019an egin genuen, eta beharrezkoa bada, berriro egingo dugu.<\/p>\n<p>Ildo horretan, aste honetan bertan, mozioak aurkezten hasi gara sektoreko enpresetan, enpresa-batzordeek eta delegatuek sina ditzaten, Bizkaiko metalaren hitzarmenaren borrokari atxikiz eta enpresetako zuzendaritzei exijituz FVEMi benetako negoziazioa eska diezaioten eta negoziazio-mahaia blokeatzeari utz diezaion.<\/p>\n<p>Bihar hitzarmenaren zortzigarren bilera egingo da. FVEMek aukera bat du aurkeztutako plataforma bateratuari erantzun positiboa emateko. Hemendik zuzenean interpelatu nahi ditugu FVEMeko Batzorde Exekutiboko bazkide direla dakigun enpresak; Tecuni, Arteche, ITP, Sidenor, Eldu, Ormazabal, Murueta ontziolak eta beste batzuk. Negoziazioa blokeatzen jarraitzen baduzue, sektoreko langileei beren lan- eta bizi-baldintzak hobetzeko aukera ukatzen badiezue, aurrean izango gaituzue eta blokeatu egingo zaituztegu. Zuen esku dago gatazkak saihestea eta grebak eta konfrontazioak saihestea.<\/p>\n<p>Amaitzeko, gogorarazi nahi dugu metaleko langile batzuk jazarpen judiziala jasaten ari direla 2019an egindako azken grebetatik.<\/p>\n<p>Ekainaren 7an, Aitor eta Arkaitz Bizkaiko metalgintzako bi langile epaituko dituzte Audientzia Probintzialean, 23 hilabeteko espetxe-zigorra eskatuz. Hori dela eta, metaleko sindikatu guztiok, lan-gatazketan auzipetutakoen plataformarekin batera, Audientzia Probintzialaren aurrean kontzentratuko gara Aitor eta Arkaitzi elkartasuna adierazteko eta lan sindikalaren kriminalizazioaren aurka.<\/p>\n","protected":false},"excerpt":{"rendered":"<p>Los sindicatos del sector lo tenemos claro.\u00a0<strong>O<\/strong>\u00a0la patronal desbloquea la negociaci\u00f3n y se\u00a0<strong>activa una negociaci\u00f3n real<\/strong>\u00a0en la mesa del convenio del metal de Bizkaia, o\u00a0<strong>llamaremos a todos los trabajadores y trabajadoras<\/strong>\u00a0del sector\u00a0<strong>a exigirlo<\/strong><\/p>\n","protected":false},"author":72,"featured_media":6494,"comment_status":"closed","ping_status":"open","sticky":false,"template":"","format":"standard","meta":{"footnotes":"","_links_to":"","_links_to_target":""},"categories":[5,7,27],"tags":[243,124],"class_list":["post-8593","post","type-post","status-publish","format-standard","has-post-thumbnail","hentry","category-automocion","category-comunicados","category-sindical","tag-bizkaia","tag-metal"],"publishpress_future_action":{"enabled":false,"date":"2026-05-02 06:29:43","action":"change-status","newStatus":"draft","terms":[],"taxonomy":"category","extraData":[]},"publishpress_future_workflow_manual_trigger":{"enabledWorkflows":[]},"_links":{"self":[{"href":"https:\/\/www.cgt-lkn.org\/bizkaia-gestamp\/wp-json\/wp\/v2\/posts\/8593","targetHints":{"allow":["GET"]}}],"collection":[{"href":"https:\/\/www.cgt-lkn.org\/bizkaia-gestamp\/wp-json\/wp\/v2\/posts"}],"about":[{"href":"https:\/\/www.cgt-lkn.org\/bizkaia-gestamp\/wp-json\/wp\/v2\/types\/post"}],"author":[{"embeddable":true,"href":"https:\/\/www.cgt-lkn.org\/bizkaia-gestamp\/wp-json\/wp\/v2\/users\/72"}],"replies":[{"embeddable":true,"href":"https:\/\/www.cgt-lkn.org\/bizkaia-gestamp\/wp-json\/wp\/v2\/comments?post=8593"}],"version-history":[{"count":2,"href":"https:\/\/www.cgt-lkn.org\/bizkaia-gestamp\/wp-json\/wp\/v2\/posts\/8593\/revisions"}],"predecessor-version":[{"id":8601,"href":"https:\/\/www.cgt-lkn.org\/bizkaia-gestamp\/wp-json\/wp\/v2\/posts\/8593\/revisions\/8601"}],"wp:featuredmedia":[{"embeddable":true,"href":"https:\/\/www.cgt-lkn.org\/bizkaia-gestamp\/wp-json\/wp\/v2\/media\/6494"}],"wp:attachment":[{"href":"https:\/\/www.cgt-lkn.org\/bizkaia-gestamp\/wp-json\/wp\/v2\/media?parent=8593"}],"wp:term":[{"taxonomy":"category","embeddable":true,"href":"https:\/\/www.cgt-lkn.org\/bizkaia-gestamp\/wp-json\/wp\/v2\/categories?post=8593"},{"taxonomy":"post_tag","embeddable":true,"href":"https:\/\/www.cgt-lkn.org\/bizkaia-gestamp\/wp-json\/wp\/v2\/tags?post=8593"}],"curies":[{"name":"wp","href":"https:\/\/api.w.org\/{rel}","templated":true}]}}