{"id":8580,"date":"2022-05-13T14:25:53","date_gmt":"2022-05-13T12:25:53","guid":{"rendered":"https:\/\/www.cgt-lkn.org\/bizkaia\/gestamp\/?p=8580"},"modified":"2022-06-20T13:45:19","modified_gmt":"2022-06-20T11:45:19","slug":"comunicado-de-la-reunion-de-hoy-eventualidad-y-vacaciones","status":"publish","type":"post","link":"https:\/\/www.cgt-lkn.org\/bizkaia-gestamp\/2022\/05\/13\/comunicado-de-la-reunion-de-hoy-eventualidad-y-vacaciones\/","title":{"rendered":"Comunicado de la reuni\u00f3n de hoy: Eventualidad y Vacaciones"},"content":{"rendered":"<p>Kaixo danori!<\/p>\n<p>Hoy viernes 13 de mayo de 2022 nos hemos reunido el comit\u00e9 de empresa de Gestamp Bizkaia con la direcci\u00f3n\u00a0 para, en primer lugar, avanzar un borrador de <strong>vacaciones<\/strong> de verano y en segundo lugar tratar el tema de la <strong>eventualidad<\/strong> en Gestamp Bizkaia, tema este a petici\u00f3n de CGT-LKN.<\/p>\n<p>Desde la direcci\u00f3n nos trasladan, por un lado, que desde Mercedes Gazteiz, en la reuni\u00f3n de proveedores de ayer jueves se comunic\u00f3 que la plan de <span style=\"text-decoration: underline\">vacaciones en Mercedes actualmente<\/span> (aunque no es seguro) sigue siendo el mes de agosto (S31, S32, S33, S34) y, <strong>en funci\u00f3n de ello, de las intervenciones en instalaciones y de otras necesidades de producci\u00f3n<\/strong> en Gestamp Bizkaia se han elaborado unos <strong><span style=\"color: #ff0000\">borradores<\/span><\/strong> de\u00a0 vacaciones de todas las instalaciones y equipos de trabajo asociados ya que las vacaciones de otros clientes ya est\u00e1n definidas.<\/p>\n<p>Por otro lado se remarca al comit\u00e9 el hecho que las vacaciones <strong>se ir\u00e1n comunicando a los equipos siempre 2 meses antes de su inicio<\/strong>.<\/p>\n<p>Quedar\u00eda <strong>pendiente de determinar<\/strong> las vacaciones de las personas de departamentos de <strong>estructura<\/strong> dependientes de la producci\u00f3n (matriceria, mantenimiento, calidad, log\u00edstica, jornada partida\u2026).<\/p>\n<p>En relaci\u00f3n a la <strong>eventualidad<\/strong> existente en planta hemos tratado 3 temas:<\/p>\n<p>Contratos de relevo del a\u00f1o 2022, incumplimiento del m\u00ednimo de 90% de fijos en plantilla y nueva normativa laboral a cumplir en las contrataciones.<\/p>\n<p>En relaci\u00f3n a los contratos de relevos para 2022 la direcci\u00f3n prev\u00e9 que se hagan 4, CGT-LKN ha solicitado que se hagan contratos indefinidos de los relevistas siguiendo el criterio de antig\u00fcedad.<\/p>\n<p>En relaci\u00f3n al incumplimiento del <strong>90%<\/strong> m\u00ednimo de plantilla fija, la empresa ha presentado los datos actualizados mensualmente de lo que va de a\u00f1o y la realidad reconocida por la direcci\u00f3n<strong> es que estamos en un porcentajes de 85% fijos y 15% eventuales de manera continuada.<\/strong><\/p>\n<p>CGT-LKN <strong>insistimos en hacer ahora los fijos<\/strong> que correspondan para cumplir con el porcentaje m\u00ednimo estipulado por convenio. <strong>La empresa se niega<\/strong> a hacer fijos alegando m\u00e1s incertidumbre, argumento que CGT-LKN cree que no existe y que es ya el eterno argumento.<\/p>\n<p>En relaci\u00f3n a la aplicaci\u00f3n de la nueva normativa laboral CGT-LKN hemos planteado que<strong> Gestamp Bizkaia est\u00e1 haciendo un uso claramente abusivo del contrato de \u201ccircunstancias de la producci\u00f3n\u201d<\/strong>, adem\u00e1s de que la duraci\u00f3n de los contratos eventuales son exageradamente cortos, se est\u00e1n ocupando puestos de trabajo estable y continuado en el tiempo por personas trabajadoras con contratos temporales que solamente deber\u00edan ser usados para un puntual aumento de carga de trabajo.<\/p>\n<p>Aclarar que, realmente, el uso abusivo de los contratos mencionados se ha venido produciendo con anterioridad a la \u00faltima reforma laboral.<\/p>\n<p><span style=\"font-size: 14pt\"><strong><span style=\"color: #ff0000\">CGT<\/span>-LKN hemos hecho en marzo del a\u00f1o 2021 una <span style=\"color: #ff0000\">denuncia<\/span> ante <span style=\"color: #ff0000\">inspecci\u00f3n<\/span> de trabajo para que se termine con el \u00abencubrimiento\u00bb de <span style=\"color: #ff0000\">puestos fijos<\/span> con personal eventual.\u00a0<\/strong><\/span><\/p>\n<p>Dentro de unos d\u00edas en otro comunicado os lo explicaremos con m\u00e1s detalle.<\/p>\n<p>S\u24b6lud.<\/p>\n<p><a href=\"https:\/\/t.me\/CGTGestampBizkaia\"><img loading=\"lazy\" decoding=\"async\" class=\"size-medium wp-image-7155 aligncenter\" src=\"https:\/\/www.cgt-lkn.org\/wp-content\/uploads\/sites\/20\/2020\/08\/canal-telegram-300x169.jpg\" alt=\"\" width=\"300\" height=\"169\" srcset=\"https:\/\/www.cgt-lkn.org\/bizkaia-gestamp\/wp-content\/uploads\/sites\/20\/2020\/08\/canal-telegram-300x169.jpg 300w, https:\/\/www.cgt-lkn.org\/bizkaia-gestamp\/wp-content\/uploads\/sites\/20\/2020\/08\/canal-telegram-150x85.jpg 150w, https:\/\/www.cgt-lkn.org\/bizkaia-gestamp\/wp-content\/uploads\/sites\/20\/2020\/08\/canal-telegram-400x225.jpg 400w, https:\/\/www.cgt-lkn.org\/bizkaia-gestamp\/wp-content\/uploads\/sites\/20\/2020\/08\/canal-telegram.jpg 600w\" sizes=\"auto, (max-width: 300px) 100vw, 300px\" \/><\/a><\/p>\n<p>&nbsp;<\/p>\n","protected":false},"excerpt":{"rendered":"<p><strong>Vacaciones <\/strong>en en funci\u00f3n de de las intervenciones y\u00a0 necesidades de producci\u00f3n.<\/p>\n<p><strong>90% fijos <\/strong>un porcentajes de 85% fijos y 15% eventuales de manera continuada<\/p>\n<p><span style=\"font-size: 14pt\"><strong><span style=\"color: #ff0000\">CGT<\/span>-LKN hemos hecho en marzo del a\u00f1o 2021 una <span style=\"color: #ff0000\">denuncia<\/span> ante <span style=\"color: #ff0000\">inspecci\u00f3n<\/span> de trabajo para que se termine con el \u00abencubrimiento\u00bb de <span style=\"color: #ff0000\">puestos fijos<\/span> con personal eventual.\u00a0<\/strong><\/span><\/p>\n","protected":false},"author":72,"featured_media":4774,"comment_status":"closed","ping_status":"open","sticky":false,"template":"","format":"standard","meta":{"footnotes":"","_links_to":"","_links_to_target":""},"categories":[7,13,79],"tags":[269,87,247,230],"class_list":["post-8580","post","type-post","status-publish","format-standard","has-post-thumbnail","hentry","category-comunicados","category-gestamp","category-gestamp-bizkaia","tag-269","tag-comunicado","tag-eventuales","tag-vacaciones"],"publishpress_future_action":{"enabled":false,"date":"2026-05-02 08:10:39","action":"change-status","newStatus":"draft","terms":[],"taxonomy":"category","extraData":[]},"publishpress_future_workflow_manual_trigger":{"enabledWorkflows":[]},"_links":{"self":[{"href":"https:\/\/www.cgt-lkn.org\/bizkaia-gestamp\/wp-json\/wp\/v2\/posts\/8580","targetHints":{"allow":["GET"]}}],"collection":[{"href":"https:\/\/www.cgt-lkn.org\/bizkaia-gestamp\/wp-json\/wp\/v2\/posts"}],"about":[{"href":"https:\/\/www.cgt-lkn.org\/bizkaia-gestamp\/wp-json\/wp\/v2\/types\/post"}],"author":[{"embeddable":true,"href":"https:\/\/www.cgt-lkn.org\/bizkaia-gestamp\/wp-json\/wp\/v2\/users\/72"}],"replies":[{"embeddable":true,"href":"https:\/\/www.cgt-lkn.org\/bizkaia-gestamp\/wp-json\/wp\/v2\/comments?post=8580"}],"version-history":[{"count":1,"href":"https:\/\/www.cgt-lkn.org\/bizkaia-gestamp\/wp-json\/wp\/v2\/posts\/8580\/revisions"}],"predecessor-version":[{"id":8632,"href":"https:\/\/www.cgt-lkn.org\/bizkaia-gestamp\/wp-json\/wp\/v2\/posts\/8580\/revisions\/8632"}],"wp:featuredmedia":[{"embeddable":true,"href":"https:\/\/www.cgt-lkn.org\/bizkaia-gestamp\/wp-json\/wp\/v2\/media\/4774"}],"wp:attachment":[{"href":"https:\/\/www.cgt-lkn.org\/bizkaia-gestamp\/wp-json\/wp\/v2\/media?parent=8580"}],"wp:term":[{"taxonomy":"category","embeddable":true,"href":"https:\/\/www.cgt-lkn.org\/bizkaia-gestamp\/wp-json\/wp\/v2\/categories?post=8580"},{"taxonomy":"post_tag","embeddable":true,"href":"https:\/\/www.cgt-lkn.org\/bizkaia-gestamp\/wp-json\/wp\/v2\/tags?post=8580"}],"curies":[{"name":"wp","href":"https:\/\/api.w.org\/{rel}","templated":true}]}}