{"id":836,"date":"2012-03-07T19:31:28","date_gmt":"2012-03-07T19:31:28","guid":{"rendered":"http:\/\/www.cgt-lkn.org\/bizkaia\/estampa\/?p=836"},"modified":"2013-11-14T14:04:43","modified_gmt":"2013-11-14T14:04:43","slug":"la-convocatoria-unilateral-de-ela-y-lab-de-huelga-general-para-el-29-de-marzo-cuestiona-la-eficacia-de-la-misma","status":"publish","type":"post","link":"https:\/\/www.cgt-lkn.org\/bizkaia-gestamp\/2012\/03\/07\/la-convocatoria-unilateral-de-ela-y-lab-de-huelga-general-para-el-29-de-marzo-cuestiona-la-eficacia-de-la-misma\/","title":{"rendered":"La convocatoria unilateral de ELA Y LAB de Huelga General para el 29 de Marzo cuestiona la eficacia de la misma."},"content":{"rendered":"<p>El expolio de los derechos laborales y sindicales contenidos en la reforma laboral del PP, donde se decreta la dictadura empresarial y se implanta el trabajo precario y sin derechos, exige dar una RESPUESTA social y laboral frontal CONTINUADA.<\/p>\n<p>En esta movilizaci\u00f3n necesaria, la Huelga General tiene un papel importante para conseguir la retirada del \u201cDecretazo\u201d. Debe ser unitaria y un punto de encuentro y acuerdo entre la mayor\u00eda de los trabajadores para ser EFICAZ.<\/p>\n<p>La convocatoria del 29 de Marzo de Huelga General de ELA-LAB, por mucho que en CGT compartamos la necesidad de movilizaci\u00f3n social contra la crisis, adolece de un proceso l\u00f3gico necesario para la eficacia y el car\u00e1cter constructivo de la movilizaci\u00f3n. Es una convocatoria cerrada y por arriba, donde no se ha tenido en cuenta en primer lugar al resto de sindicatos; adolece de una explicaci\u00f3n en asambleas de empresas, donde se tome conciencia de la gravedad de la reforma y se decida masivamente su apoyo.<\/p>\n<p>La CGT-LKN de Bizkaia se posicionar\u00e1 en asamblea de afiliados\/as al apoyo o no a esta convocatoria. Hacemos un llamamiento a la responsabilidad sindical y demandamos una convocatoria UNITARIA y del mayor \u00e1mbito posible (estatal). Apostamos por preparar una gran movilizaci\u00f3n laboral y social, donde se de participaci\u00f3n a tadas las organizaciones sociales y al movimiento 15M. Necesitamos el concurso de todos y todas para recuperar el protagonismo social que nos corresponde como personas y arrebat\u00e1rselo a unos pocos: los del negocio y el beneficio r\u00e1pido.<\/p>\n","protected":false},"excerpt":{"rendered":"<p>El expolio de los derechos laborales y sindicales contenidos en la reforma laboral del PP, donde se decreta la dictadura<\/p>\n","protected":false},"author":72,"featured_media":0,"comment_status":"open","ping_status":"open","sticky":false,"template":"","format":"standard","meta":{"footnotes":"","_links_to":"","_links_to_target":""},"categories":[17,27],"tags":[],"class_list":["post-836","post","type-post","status-publish","format-standard","hentry","category-movilizaciones","category-sindical"],"publishpress_future_action":{"enabled":false,"date":"2026-05-07 10:56:44","action":"change-status","newStatus":"draft","terms":[],"taxonomy":"category","extraData":[]},"publishpress_future_workflow_manual_trigger":{"enabledWorkflows":[]},"_links":{"self":[{"href":"https:\/\/www.cgt-lkn.org\/bizkaia-gestamp\/wp-json\/wp\/v2\/posts\/836","targetHints":{"allow":["GET"]}}],"collection":[{"href":"https:\/\/www.cgt-lkn.org\/bizkaia-gestamp\/wp-json\/wp\/v2\/posts"}],"about":[{"href":"https:\/\/www.cgt-lkn.org\/bizkaia-gestamp\/wp-json\/wp\/v2\/types\/post"}],"author":[{"embeddable":true,"href":"https:\/\/www.cgt-lkn.org\/bizkaia-gestamp\/wp-json\/wp\/v2\/users\/72"}],"replies":[{"embeddable":true,"href":"https:\/\/www.cgt-lkn.org\/bizkaia-gestamp\/wp-json\/wp\/v2\/comments?post=836"}],"version-history":[{"count":1,"href":"https:\/\/www.cgt-lkn.org\/bizkaia-gestamp\/wp-json\/wp\/v2\/posts\/836\/revisions"}],"predecessor-version":[{"id":2344,"href":"https:\/\/www.cgt-lkn.org\/bizkaia-gestamp\/wp-json\/wp\/v2\/posts\/836\/revisions\/2344"}],"wp:attachment":[{"href":"https:\/\/www.cgt-lkn.org\/bizkaia-gestamp\/wp-json\/wp\/v2\/media?parent=836"}],"wp:term":[{"taxonomy":"category","embeddable":true,"href":"https:\/\/www.cgt-lkn.org\/bizkaia-gestamp\/wp-json\/wp\/v2\/categories?post=836"},{"taxonomy":"post_tag","embeddable":true,"href":"https:\/\/www.cgt-lkn.org\/bizkaia-gestamp\/wp-json\/wp\/v2\/tags?post=836"}],"curies":[{"name":"wp","href":"https:\/\/api.w.org\/{rel}","templated":true}]}}