{"id":8348,"date":"2022-01-22T20:41:06","date_gmt":"2022-01-22T19:41:06","guid":{"rendered":"https:\/\/www.cgt-lkn.org\/bizkaia\/gestamp\/?p=8348"},"modified":"2022-01-30T20:42:26","modified_gmt":"2022-01-30T19:42:26","slug":"3-trabajadores-seran-juzgados-por-participar-en-la-lucha-por-el-convenio-del-metal","status":"publish","type":"post","link":"https:\/\/www.cgt-lkn.org\/bizkaia-gestamp\/2022\/01\/22\/3-trabajadores-seran-juzgados-por-participar-en-la-lucha-por-el-convenio-del-metal\/","title":{"rendered":"3 trabajadores ser\u00e1n juzgados por participar en la lucha por el convenio del metal"},"content":{"rendered":"<p>La semana \u00a0pasada trabajadorxs afectadxs por la represi\u00f3n en diferentes conflictos laborales, presentamos un manifiesto para dar comienzo a diferentes iniciativas para hacer frente a esta situaci\u00f3n.<\/p>\n<div dir=\"auto\"><\/div>\n<div dir=\"auto\">Este pr\u00f3ximo martes, d\u00eda <strong>25 de Enero,<\/strong> tres trabajadores ser\u00e1n juzgados por participar en la lucha por el convenio del metal. Les piden penas de c\u00e1rcel por defender sus derechos y los de todxs lxs compa\u00f1erxs del sector del Metal.<\/div>\n<div dir=\"auto\"><\/div>\n<div dir=\"auto\">Por ello, hacemos llamamiento a participar en la movilizaci\u00f3n que hemos convocado para poner freno a esta din\u00e1mica puesta en marcha por el Gobierno Vasco y para exigir soluciones dialogadas, en igualdad de condiciones, para afrontar los conflictos laborales.<\/div>\n<div dir=\"auto\"><\/div>\n<div dir=\"auto\" style=\"text-align: center\"><strong>ANIMO ETA PARTE HARTU!\u00a0<\/strong><\/div>\n<div dir=\"auto\"><\/div>\n<div dir=\"auto\" style=\"text-align: center\"><strong>LA LUCHA NO ES DELITO!<\/strong><\/div>\n<div dir=\"auto\" style=\"text-align: center\"><\/div>\n<div dir=\"auto\" style=\"text-align: center\"><strong>SALATUTAKO LANGILEEKIN ELKARTASUNA!<\/strong><\/div>\n<div dir=\"auto\"><img loading=\"lazy\" decoding=\"async\" class=\"aligncenter size-full wp-image-20855\" src=\"https:\/\/www.cgt-lkn.org\/wp-content\/uploads\/2019\/11\/graba-metal-cgt.jpg\" alt=\"\" width=\"400\" height=\"590\" \/><\/div>\n","protected":false},"excerpt":{"rendered":"<p>Este pr\u00f3ximo martes, d\u00eda <strong>25 de Enero,<\/strong> tres trabajadores ser\u00e1n juzgados por participar en la lucha por el convenio del metal. Les piden penas de c\u00e1rcel por defender sus derechos y los de todxs lxs compa\u00f1erxs del sector del Metal.<\/p>\n","protected":false},"author":72,"featured_media":8349,"comment_status":"closed","ping_status":"open","sticky":false,"template":"","format":"standard","meta":{"footnotes":"","_links_to":"","_links_to_target":""},"categories":[5,7,17],"tags":[164,124,78],"class_list":["post-8348","post","type-post","status-publish","format-standard","has-post-thumbnail","hentry","category-automocion","category-comunicados","category-movilizaciones","tag-accion-sindical","tag-metal","tag-represion"],"publishpress_future_action":{"enabled":false,"date":"2026-05-02 06:46:59","action":"change-status","newStatus":"draft","terms":[],"taxonomy":"category","extraData":[]},"publishpress_future_workflow_manual_trigger":{"enabledWorkflows":[]},"_links":{"self":[{"href":"https:\/\/www.cgt-lkn.org\/bizkaia-gestamp\/wp-json\/wp\/v2\/posts\/8348","targetHints":{"allow":["GET"]}}],"collection":[{"href":"https:\/\/www.cgt-lkn.org\/bizkaia-gestamp\/wp-json\/wp\/v2\/posts"}],"about":[{"href":"https:\/\/www.cgt-lkn.org\/bizkaia-gestamp\/wp-json\/wp\/v2\/types\/post"}],"author":[{"embeddable":true,"href":"https:\/\/www.cgt-lkn.org\/bizkaia-gestamp\/wp-json\/wp\/v2\/users\/72"}],"replies":[{"embeddable":true,"href":"https:\/\/www.cgt-lkn.org\/bizkaia-gestamp\/wp-json\/wp\/v2\/comments?post=8348"}],"version-history":[{"count":2,"href":"https:\/\/www.cgt-lkn.org\/bizkaia-gestamp\/wp-json\/wp\/v2\/posts\/8348\/revisions"}],"predecessor-version":[{"id":8353,"href":"https:\/\/www.cgt-lkn.org\/bizkaia-gestamp\/wp-json\/wp\/v2\/posts\/8348\/revisions\/8353"}],"wp:featuredmedia":[{"embeddable":true,"href":"https:\/\/www.cgt-lkn.org\/bizkaia-gestamp\/wp-json\/wp\/v2\/media\/8349"}],"wp:attachment":[{"href":"https:\/\/www.cgt-lkn.org\/bizkaia-gestamp\/wp-json\/wp\/v2\/media?parent=8348"}],"wp:term":[{"taxonomy":"category","embeddable":true,"href":"https:\/\/www.cgt-lkn.org\/bizkaia-gestamp\/wp-json\/wp\/v2\/categories?post=8348"},{"taxonomy":"post_tag","embeddable":true,"href":"https:\/\/www.cgt-lkn.org\/bizkaia-gestamp\/wp-json\/wp\/v2\/tags?post=8348"}],"curies":[{"name":"wp","href":"https:\/\/api.w.org\/{rel}","templated":true}]}}