{"id":8132,"date":"2021-12-21T15:33:16","date_gmt":"2021-12-21T14:33:16","guid":{"rendered":"https:\/\/www.cgt-lkn.org\/bizkaia\/gestamp\/?p=8132"},"modified":"2021-12-22T20:36:52","modified_gmt":"2021-12-22T19:36:52","slug":"el-comite-informa-reunion-erte-semiconductores-2022","status":"publish","type":"post","link":"https:\/\/www.cgt-lkn.org\/bizkaia-gestamp\/2021\/12\/21\/el-comite-informa-reunion-erte-semiconductores-2022\/","title":{"rendered":"EL COMIT\u00c9 INFORMA  REUNION ERTE semiconductores 2022"},"content":{"rendered":"<h1><u>BILERA 2022-RAKO ERTEA<\/u><\/h1>\n<p><strong>\u00a0<\/strong><strong>\u00a0<\/strong>Gaur, abenduak 21 asteartea, enpresako zuzendaritzarekin bildu gara 2022rako ERTE baten beharraz hitz egiteko. Dirudienez, erdieroaleen ekoizle handiek diote hornidura ez dela 2022an egonkortuko.<\/p>\n<p>Gure bezero nagusiei dagokienez, malgutasun-egunak izateaz gain (guk ez ditugunak), batzuk 2022rako ERTEak planteatzen hasi dira, eta oraindik planteatu ez dituztenek, urtearen hasieran egingo dituela iragarri dute. Mercedesek eta Seatek, adibidez, ekoizpenaren lehen astea baino ez dute baieztatu, ikusi beharko da VW-n 10ean hasten den,.. Horren guztiaren ondorioz, enpresako zuzendaritzak urteko lehen astean planteatu digu ,2022rako ERTE berri bat negoziatzeko.<\/p>\n<p>Erdieroaleen\u00a0hornidura-arazoez\u00a0gain,\u00a0zuzendaritzak\u00a0adierazi\u00a0du\u00a0pandemiaren\u00a0bilakaera\u00a0zein den ikusi beharko dela, bai eta goraka jarraitzen duen ere, eta etorkizunean nola eragin diezagukeen , dagoen ziurgabetasuna are gehiago elikatzen duen beste alderdi bat\u00a0baita.<\/p>\n<p>Adierazi dute beharrezkoa dela ERTEa urtearen hasieran negoziatzea, kontratatzen diren aldi baterako langileak bertan sartu ahal izateko, lan-agintaritzak ez baitu uzten geroago langile horiek ERTEra gehitzen.<\/p>\n<p>Urteko lehen asterako ERTEaren inguruan bilera formala egiteko eskatu diguten arren, enpresak honako hau adierazi digu:<\/p>\n<p>&#8211;\u00a0\u00a0\u00a0ERTEa lehen seihilekorako planteatuko du, hau da, urtarriletik ekainera, gehienez 50 laneguneko eraginarekin, egun horiek agortzea beharrezkoa izango ez den\u00a0esperoan.<\/p>\n<p>&#8211;\u00a0\u00a0\u00a0\u00a0ERTEaren baldintzei dagokienez (ERTEaren soldata-osagarriak eta enplegu-bermea), enpresak aurreratu digu zaila izango dela egungo baldintzei eustea. Dena dela, ERTEaren negoziazio formalera dei egiten digu, gai hori eta gainerakoak\u00a0aztertzeko.<\/p>\n<p>Urteko lehen astean, urtarrilak 5ean, enpresarekin bilduko gara eta hitz egiten dugunaren berri emango dizuegu.<\/p>\n<p>Abadi\u00f1on, 2021eko abenduaren 21ean<\/p>\n<p><u>EL COMIT\u00c9 INFORMA<\/u><\/p>\n<p><strong><u>REUNION ERTE 2022<\/u><\/strong><\/p>\n<p><strong>\u00a0<\/strong><\/p>\n<p>Hoy martes 21 de diciembre nos hemos reunido con la direcci\u00f3n de la empresa para tratar la necesidad de un ERTE para el 2022. Parece ser que los grandes productores de semiconductores dicen que el suministro no se estabilizar\u00e1 el 2022.<\/p>\n<p>Respecto a nuestros clientes principales, adem\u00e1s de que tienen d\u00edas de flexibilidad ( que nosotros\u00a0y\u00a0nosotras\u00a0no\u00a0tenemos)\u00a0algunos\u00a0ya\u00a0han\u00a0empezado\u00a0a\u00a0plantear\u00a0ERTEs\u00a0para\u00a0el\u00a02022, y\u00a0el\u00a0que\u00a0no\u00a0lo\u00a0ha\u00a0hecho\u00a0todav\u00eda,\u00a0ya\u00a0ha\u00a0anunciado\u00a0que\u00a0lo\u00a0har\u00e1\u00a0al\u00a0comienzo\u00a0del\u00a0a\u00f1o.\u00a0Mercedes y\u00a0Seat\u00a0por\u00a0ejemplo\u00a0solo\u00a0han\u00a0confirmado\u00a0la\u00a0primera\u00a0semana\u00a0de\u00a0producci\u00f3n,\u00a0habr\u00e1\u00a0que\u00a0ver\u00a0si VW-N arranca el 10, ..todo ello hace que la direcci\u00f3n de la empresa nos plantee la\u00a0primera semana del a\u00f1o para negociar un nuevo ERTE para el\u00a02022.<\/p>\n<p>Adem\u00e1s\u00a0de\u00a0los\u00a0problemas\u00a0de\u00a0suministro\u00a0de\u00a0los\u00a0semiconductores\u00a0,\u00a0la\u00a0direcci\u00f3n\u00a0comenta\u00a0que habr\u00e1 que ver cual es la evoluci\u00f3n de la pandemia, y si sigue al alza ,como\u00a0nos\u00a0pueda afectar en el futuro, siendo este otro aspecto que alimenta a\u00fan m\u00e1s la incertidumbre existente.<\/p>\n<p>Hablan de que es necesario negociar el ERTE a comienzos del a\u00f1o, para poder incluir en el mismo a los eventuales que se contraten, dado que la autoridad laboral no permite \u201ca\u00f1adirlos\u201d m\u00e1s tarde.<\/p>\n<p>Aunque nos han emplazado a una reuni\u00f3n formal para la negociaci\u00f3n del ERTE para la primera semana del a\u00f1o, la empresa ya nos ha adelantado lo siguiente:<\/p>\n<p>&#8211;\u00a0\u00a0Plantear\u00e1\u00a0un\u00a0ERTE\u00a0para\u00a0el\u00a0primer\u00a0semestre,\u00a0es\u00a0decir\u00a0de\u00a0enero\u00a0a\u00a0junio,\u00a0con\u00a0una\u00a0afectaci\u00f3n m\u00e1xima de 50 d\u00edas laborales, esperando que no sea necesario agotar los\u00a0mismos.<\/p>\n<p>&#8211;\u00a0\u00a0\u00a0\u00a0Sobre las condiciones del ERTE, (complementos salariales del ERTE y garant\u00eda de empleo) la empresa nos adelanta que ser\u00e1 dif\u00edcil mantener\u00a0las\u00a0condiciones actuales. Sea como fuere, nos emplaza a la negociaci\u00f3n formal del ERTE para tratar esa y las dem\u00e1s cuestiones.<\/p>\n<p>La primera semana del a\u00f1o, el 5 de enero, nos reuniremos con la empresa y os informaremos de lo que se trate.<\/p>\n<p>En Abadi\u00f1o a 21 de diciembre de 2021<\/p>\n<p>&nbsp;<\/p>\n","protected":false},"excerpt":{"rendered":"<p>BILERA 2022-RAKO ERTEA \u00a0\u00a0Gaur, abenduak 21 asteartea, enpresako zuzendaritzarekin bildu gara 2022rako ERTE baten beharraz hitz egiteko. Dirudienez, erdieroaleen ekoizle<\/p>\n","protected":false},"author":72,"featured_media":6948,"comment_status":"closed","ping_status":"open","sticky":false,"template":"","format":"standard","meta":{"footnotes":"","_links_to":"","_links_to_target":""},"categories":[7,13,79],"tags":[117,87,86,219],"class_list":["post-8132","post","type-post","status-publish","format-standard","has-post-thumbnail","hentry","category-comunicados","category-gestamp","category-gestamp-bizkaia","tag-comite","tag-comunicado","tag-erte","tag-semiconductores"],"publishpress_future_action":{"enabled":false,"date":"2026-05-05 01:35:06","action":"change-status","newStatus":"draft","terms":[],"taxonomy":"category","extraData":[]},"publishpress_future_workflow_manual_trigger":{"enabledWorkflows":[]},"_links":{"self":[{"href":"https:\/\/www.cgt-lkn.org\/bizkaia-gestamp\/wp-json\/wp\/v2\/posts\/8132","targetHints":{"allow":["GET"]}}],"collection":[{"href":"https:\/\/www.cgt-lkn.org\/bizkaia-gestamp\/wp-json\/wp\/v2\/posts"}],"about":[{"href":"https:\/\/www.cgt-lkn.org\/bizkaia-gestamp\/wp-json\/wp\/v2\/types\/post"}],"author":[{"embeddable":true,"href":"https:\/\/www.cgt-lkn.org\/bizkaia-gestamp\/wp-json\/wp\/v2\/users\/72"}],"replies":[{"embeddable":true,"href":"https:\/\/www.cgt-lkn.org\/bizkaia-gestamp\/wp-json\/wp\/v2\/comments?post=8132"}],"version-history":[{"count":1,"href":"https:\/\/www.cgt-lkn.org\/bizkaia-gestamp\/wp-json\/wp\/v2\/posts\/8132\/revisions"}],"predecessor-version":[{"id":8134,"href":"https:\/\/www.cgt-lkn.org\/bizkaia-gestamp\/wp-json\/wp\/v2\/posts\/8132\/revisions\/8134"}],"wp:featuredmedia":[{"embeddable":true,"href":"https:\/\/www.cgt-lkn.org\/bizkaia-gestamp\/wp-json\/wp\/v2\/media\/6948"}],"wp:attachment":[{"href":"https:\/\/www.cgt-lkn.org\/bizkaia-gestamp\/wp-json\/wp\/v2\/media?parent=8132"}],"wp:term":[{"taxonomy":"category","embeddable":true,"href":"https:\/\/www.cgt-lkn.org\/bizkaia-gestamp\/wp-json\/wp\/v2\/categories?post=8132"},{"taxonomy":"post_tag","embeddable":true,"href":"https:\/\/www.cgt-lkn.org\/bizkaia-gestamp\/wp-json\/wp\/v2\/tags?post=8132"}],"curies":[{"name":"wp","href":"https:\/\/api.w.org\/{rel}","templated":true}]}}