{"id":8128,"date":"2021-12-21T17:47:10","date_gmt":"2021-12-21T16:47:10","guid":{"rendered":"https:\/\/www.cgt-lkn.org\/bizkaia\/gestamp\/?p=8128"},"modified":"2022-01-26T18:40:15","modified_gmt":"2022-01-26T17:40:15","slug":"erte-semiconductores-para-el-2022","status":"publish","type":"post","link":"https:\/\/www.cgt-lkn.org\/bizkaia-gestamp\/2021\/12\/21\/erte-semiconductores-para-el-2022\/","title":{"rendered":"ERTE ( semiconductores) para el 2022"},"content":{"rendered":"<p class=\"x_p1\"><span class=\"x_s1\">Kaixo danori!\u00a0<\/span><\/p>\n<p class=\"x_p3\"><span class=\"x_s2\">Hoy 21-12 la empresa nos a reunido al comit\u00e9 para anunciarnos oficialmente que el 5 de enero se convocar\u00e1 una nueva reuni\u00f3n para negociar un nuevo <strong>ERTE de semiconductores hasta el 30 de junio.\u00a0<\/strong><\/span><\/p>\n<p class=\"x_p3\"><span class=\"x_s2\">El mismo 5 de enero Mercedes anunciar\u00e1 si en la segunda semana de enero trabaja o no, aunque se espera que si trabajen, Gestamp dice que se tiene que tramitar el ERTE pronto por si Mercedes parase la segunda semana.\u00a0\u00a0<\/span><\/p>\n<p class=\"x_p3\"><span class=\"x_s2\">La direcci\u00f3n adelanta que el <strong>ERTE<\/strong> tendr\u00e1 una afectaci\u00f3n maxima de <strong>50 d\u00edas.<\/strong> A primeros de Enero, unas 92 personas eventuales se reincorporar\u00e1n al trabajo y estas personas entrar\u00e1n dentro del listado del ERTE.\u00a0<\/span><\/p>\n<p class=\"x_p3\"><span class=\"x_s2\"><span style=\"text-decoration: underline\"><strong>La autoridad laboral (SEPE) ha comunicado a Gestamp Bizkaia que el pasado ERTE no se considera \u201cERTE Covid-19\u201d por lo que <span style=\"color: #ff0000;text-decoration: underline\">se consume el paro<\/span><\/strong><\/span>. <strong>El pr\u00f3ximo ERTE<\/strong> igualmente ser\u00e1 por semiconductores y no por Covid-19. Acarreara <strong><span style=\"color: #ff0000\">consumo de paro.\u00a0<\/span><\/strong><\/span><\/p>\n<p class=\"x_p3\"><span class=\"x_s2\"><span style=\"text-decoration: underline\">Mercedes Gasteiz acaba este 2021 con las campas sin furgonetas<\/span> y con 126.500 furgonetas producidas en el 2021. El plan industrial del 2022 est\u00e1 en 158.200 furgonetas en Gasteiz.\u00a0<\/span><\/p>\n<p class=\"x_p3\"><span class=\"x_s2\">S\u24b6lud!<\/span><\/p>\n<p>&nbsp;<\/p>\n","protected":false},"excerpt":{"rendered":"<p><span class=\"x_s2\"><span style=\"text-decoration: underline\"><strong>La autoridad laboral (SEPE) ha comunicado a Gestamp Bizkaia que el pasado ERTE no se considera \u201cERTE Covid-19\u201d por lo que <span style=\"color: #ff0000;text-decoration: underline\">se consume el paro<\/span><\/strong><\/span>. <strong>El pr\u00f3ximo ERTE<\/strong> igualmente ser\u00e1 por semiconductores y no por Covid-19. Acarreara <strong><span style=\"color: #ff0000\">consumo de paro.\u00a0<\/span><\/strong><\/span><\/p>\n","protected":false},"author":72,"featured_media":4774,"comment_status":"closed","ping_status":"open","sticky":false,"template":"","format":"standard","meta":{"footnotes":"","_links_to":"","_links_to_target":""},"categories":[7,13,79],"tags":[90,87,86,219],"class_list":["post-8128","post","type-post","status-publish","format-standard","has-post-thumbnail","hentry","category-comunicados","category-gestamp","category-gestamp-bizkaia","tag-cgt-lkn-informa","tag-comunicado","tag-erte","tag-semiconductores"],"publishpress_future_action":{"enabled":false,"date":"2026-05-07 08:01:00","action":"change-status","newStatus":"draft","terms":[],"taxonomy":"category","extraData":[]},"publishpress_future_workflow_manual_trigger":{"enabledWorkflows":[]},"_links":{"self":[{"href":"https:\/\/www.cgt-lkn.org\/bizkaia-gestamp\/wp-json\/wp\/v2\/posts\/8128","targetHints":{"allow":["GET"]}}],"collection":[{"href":"https:\/\/www.cgt-lkn.org\/bizkaia-gestamp\/wp-json\/wp\/v2\/posts"}],"about":[{"href":"https:\/\/www.cgt-lkn.org\/bizkaia-gestamp\/wp-json\/wp\/v2\/types\/post"}],"author":[{"embeddable":true,"href":"https:\/\/www.cgt-lkn.org\/bizkaia-gestamp\/wp-json\/wp\/v2\/users\/72"}],"replies":[{"embeddable":true,"href":"https:\/\/www.cgt-lkn.org\/bizkaia-gestamp\/wp-json\/wp\/v2\/comments?post=8128"}],"version-history":[{"count":1,"href":"https:\/\/www.cgt-lkn.org\/bizkaia-gestamp\/wp-json\/wp\/v2\/posts\/8128\/revisions"}],"predecessor-version":[{"id":8355,"href":"https:\/\/www.cgt-lkn.org\/bizkaia-gestamp\/wp-json\/wp\/v2\/posts\/8128\/revisions\/8355"}],"wp:featuredmedia":[{"embeddable":true,"href":"https:\/\/www.cgt-lkn.org\/bizkaia-gestamp\/wp-json\/wp\/v2\/media\/4774"}],"wp:attachment":[{"href":"https:\/\/www.cgt-lkn.org\/bizkaia-gestamp\/wp-json\/wp\/v2\/media?parent=8128"}],"wp:term":[{"taxonomy":"category","embeddable":true,"href":"https:\/\/www.cgt-lkn.org\/bizkaia-gestamp\/wp-json\/wp\/v2\/categories?post=8128"},{"taxonomy":"post_tag","embeddable":true,"href":"https:\/\/www.cgt-lkn.org\/bizkaia-gestamp\/wp-json\/wp\/v2\/tags?post=8128"}],"curies":[{"name":"wp","href":"https:\/\/api.w.org\/{rel}","templated":true}]}}