{"id":8058,"date":"2021-11-24T09:43:28","date_gmt":"2021-11-24T08:43:28","guid":{"rendered":"https:\/\/www.cgt-lkn.org\/bizkaia\/gestamp\/?p=8058"},"modified":"2021-11-24T11:46:44","modified_gmt":"2021-11-24T10:46:44","slug":"abenduak-1-diciembre-mobilizazioa","status":"publish","type":"post","link":"https:\/\/www.cgt-lkn.org\/bizkaia-gestamp\/2021\/11\/24\/abenduak-1-diciembre-mobilizazioa\/","title":{"rendered":"ABENDUAK 1 DICIEMBRE MOBILIZAZIOA"},"content":{"rendered":"<p>Distintas organizaciones hemos acordado una serie de reivindicaciones e iniciar una din\u00e1mica de movilizaci\u00f3n conjunta para su consecuci\u00f3n. Compartimos la importancia del momento. Los fondos europeos se est\u00e1n convirtiendo en una espada de Damo- cles, algo que es inaceptable. Desde un principio qued\u00f3 claro que a cambio de ellos se iba a exigir tomar medidas de ajuste social y pol\u00edticas presupuestarias de austeridad. De aqu\u00ed a finales de a\u00f1o pretenden tomar decisiones que van a determinar nuestras condiciones de vida y de trabajo futuras. La aprobaci\u00f3n de la reforma laboral y de la reforma de pensiones son condiciones sin las que los nuevos hombres de negro no van a dar luz verde al segundo tramo de transferencias de los Fondos al Estado espa- \u00f1ol. Y en ninguno de los dos casos se est\u00e1 dando respuesta a las demandas de los movimientos sindicales y sociales de Euskal Herria.<\/p>\n<p>En el proyecto de ley de reforma de las pensiones se recortan las jubilaciones anticipadas y, lejos de garantizar unas pensiones m\u00ednimas de 1080 euros o acabar con la brecha de g\u00e9nero, lo poco que se sabe apunta a medidas que no derogar\u00e1n los recortes impuestas a\u00f1os atr\u00e1s ni reforzar\u00e1n el sistema p\u00fablico de pensiones. El contenido de la reforma laboral es una inc\u00f3gnita a\u00fan mayor, pero nada apunta que se vaya a garantizar nuestro derecho a establecer libremente nuestros convenios en Euskal Herria ni a derogar las reformas anteriores en aspectos clave como la facilidad para despedir. Queremos condicionar estas reformas, y la movilizaci\u00f3n es la v\u00eda por la que vamos a transitar para ello.<\/p>\n<p>Por su parte, las instituciones de Hego Euskal Herria no quieren ni o\u00edr hablar de cambiar el modelo en cuestiones esenciales, como la salud, la educaci\u00f3n o el sistema p\u00fablico de cuidados, o en abordar una reforma fiscal urgente, que aumente de manera importante los impuestos a pagar por las rentas empresariales y del capital, en especial por los beneficios de las empresas y por el patrimonio y las grandes fortunas. Confebask y CEN son quienes marcan estas pol\u00edticas.<\/p>\n<p>La continuidad de las pol\u00edticas presupuestarias r\u00e1canas, la apuesta por la privatizaci\u00f3n de los servicios p\u00fablicos y por unas prestaciones sociales que incluso se pretenden recortar (como ocurre con la propuesta de reforma de la RGI en la CAPV), la ausencia de medidas para proteger un comercio local en crisis, muestran la negativa a pasar a limpio las ense\u00f1anzas de la crisis de 2008 y de lo que ha ocurrido con la pandemia del coronavirus. Asimismo, la gesti\u00f3n de la crisis sanitaria ha dejado patente la fragilidad del sistema auton\u00f3mico: el Estado tiene la potestad de imponer sus criterios cuando estime oportuno.<\/p>\n<p>Como hemos indicado, nuestra apuesta es la movilizaci\u00f3n. Las organizaciones sindicales que impulsamos este llamamiento consideramos necesario confluir, como hemos hecho al apoyar las movilizaciones del 13 de noviembre convocadas por el Mo- vimiento de Pensionistas de Euskal Herria.<\/p>\n<p>Tambi\u00e9n hemos venido marcando la referencia de una posible huelga general, sobre la cual nos hemos ido pro- nunciando de manera individual. Hoy salimos a decir que en ese contexto vemos necesario convocar una jornada de movilizaciones el d\u00eda 1 de diciembre. Ese d\u00eda vamos a salir a la calle, tanto a la ma\u00f1ana en las cuatro capitales de Hego Euskal Herria como a la tarde en las distintas comarcas, para defender nuestras reivindicaciones.<\/p>\n<p><strong>Hacemos un llamamiento al conjunto de organizaciones sociales a sumar- se a este llamamiento, y a colaborar activamente para que la movilizaci\u00f3n del 1 de diciembre sea lo m\u00e1s amplia e importante posible<\/strong><\/p>\n<p>&nbsp;<\/p>\n<h3><em>LA LUCHA ES EL UNICO CAMINO<\/em><\/h3>\n<h3><em>BORROKA DA BIDE BAKARRA<\/em><\/h3>\n<p><img loading=\"lazy\" decoding=\"async\" class=\"aligncenter size-full wp-image-21723\" src=\"https:\/\/www.cgt-lkn.org\/wp-content\/uploads\/2021\/11\/manifestacion-1-diciembre.jpeg\" alt=\"\" width=\"565\" height=\"800\" \/>26<\/p>\n<p>Hainbat erakundek erabaki dugu aldarri multzo bat osatu eta horiek lortzeko mobilizazio bateratuari ekitea. Bat gatoz garrantzi handiko unea dugula hau. Europar funtsak Damoklesen ezpata bilakatzen ari dira, eta hori inola ere ezin dugu onartu. Hasieratik argi geratu zen funtsen truke galdegingo zizkigutela doikuntza sozialeko neurriak eta austeritatezko aurrekontu-politikak. Urte bukaerarako hartu nahi dituzten erabakien araberakoak izango dira etorkizuneko gure bizi- eta lan-baldintzak. Lan errefor- ma eta pentsioen erreforma ezinbesteko baldintza dira beltzez jantzitako gizon berriek argi berdea eman diezaioten espainiar Estaturako funtsen transferentziaren bigarren zatiari. Eta ez batean, ez bestean, inongo kasutan ez zaio erantzunik ematen Euskal Herriko mugimendu sindikal eta sozialen eskariei.<\/p>\n<p>Pentsioen erreformarako lege-proiektuan erretiro aurreratuan murrizketak ezarri nahi dira; ez da inola ere bermatzen 1.080 euroko gutxieneko pentsiorik, ez eta genero arrakala gainditzen ere. Gutxi dakigu, baina dakigun horren argitan aurreko urtee- tan ezarritako murrizketak ez dira indargabetuko, eta pentsio-sistema publikoa ere ez da sendotuko. Lan erreformaren nondik norakoak are ilunagoak dira, baina ez dirudi Euskal Herrian gure lan-hitzarmenak negoziatzeko eskubidea bermatuko denik, edota indargabetuko direnik aurreko erreformen funtsezko puntuak, esaterako kaleratzeko erraztasuna. Erreforma hauek baldintzatu nahi ditugu, eta mobilizazioa da horretarako hautatu dugun bidea.<\/p>\n<p>Bestalde, Hego Euskal Herriko erakundeek ez dute ezer jakin nahi ereduaren oinarrizko zutabeak aldatzeko aukeraz, esaterako, osasun, hezkuntza edo zaintza sistema publikoari dagokionez, edo premiazko erreforma fiskalari ekiteaz, zeinak zeharo gehitu- ko dituen enpresa- eta kapital-errentek ordaintzen dituzten zergak, batik bat enpresen etekinek, ondareak eta fortuna handiek. Confebaskek eta CENek erabakitzen dituzte politika hauek.<\/p>\n<p>Aurrekontu-politika zekenen jarraipenak, zerbitzu publikoen pribatizazioaren aldeko politikak eta gizarte-prestazioak areago murriztu nahiak (horixe da EAEko DSBEaren erreformaren xedea), krisian dagoen tokiko merkataritza babesteko neurririk ezak\u2026 honek guztiak adierazten du 2008ko krisialdian eta koronabirusaren pandemian zehar ikasitakoa ez dutela aintzat hartu nahi. Halaber, krisi sanitarioaren kudeaketak agerian utzi du sistema autonomikoa zein hauskorra den: Nahi duenean, Estatuak bere irizpideak inposatzeko ahalmena du.<\/p>\n<p>Esan bezala, guk mobilizatzeko erabakia hartu dugu. Deialdi hau bultzatzen dugun sindikatuok beharrezko deritzogu bat egiteari, esaterako Euskal Herriko Pentsiodunen Mugimenduak deitutako azaroaren 13ko mobilizazioak babestuz.<\/p>\n<p>Greba orokor baten erreferentzia ere aipatu izan dugu; honi buruz bakoitzak bere iritzia eman izan du. Gaur kalera gatoz esateko beharrezko jo dugula testuinguru honetan abenduaren 1ean mobilizazio egun bat deitzea. Egun horretan kalera irtengo dugu, goizean Hego Euskal Herriko lau hiriburuetan eta arratsaldean eskualdeetan, gure aldarriak defenditzeko:<\/p>\n<h3>LAN, PENTSIO ETA BIZI BALDINTZA DUINEN ALDE LAN ETA PENTSIO ERREFORMEI EZ\u00a0<strong><em>BIZI DUIN BATERAKO BURUJABETZA<\/em><\/strong><\/h3>\n<p><strong>Dei egiten diegu gizarte-mugi- mendu guztiei gurekin bat egin dezaten eta elkarrekin lan egin dezagun abenduaren 1eko mobi- lizazioa ahalik zabal eta handiena izan dadin.<\/strong><\/p>\n","protected":false},"excerpt":{"rendered":"<p>La manifestaci\u00f3n de la ma\u00f1ana en\u00a0<strong>Bizkaia partir\u00e1 a las 11:00h desde el Ayuntamiento de Bilbao<\/strong>\u00a0hasta Gran V\u00eda 85, sede del Gobierno Vasco.<\/p>\n","protected":false},"author":6,"featured_media":8059,"comment_status":"closed","ping_status":"open","sticky":false,"template":"","format":"standard","meta":{"footnotes":"","_links_to":"","_links_to_target":""},"categories":[163],"tags":[116,178,251],"class_list":["post-8058","post","type-post","status-publish","format-standard","has-post-thumbnail","hentry","category-movilizaciones-2","tag-movilizaciones","tag-pensiones","tag-servicios-publicos"],"publishpress_future_action":{"enabled":false,"date":"2026-05-07 08:21:14","action":"change-status","newStatus":"draft","terms":[],"taxonomy":"category","extraData":[]},"publishpress_future_workflow_manual_trigger":{"enabledWorkflows":[]},"_links":{"self":[{"href":"https:\/\/www.cgt-lkn.org\/bizkaia-gestamp\/wp-json\/wp\/v2\/posts\/8058","targetHints":{"allow":["GET"]}}],"collection":[{"href":"https:\/\/www.cgt-lkn.org\/bizkaia-gestamp\/wp-json\/wp\/v2\/posts"}],"about":[{"href":"https:\/\/www.cgt-lkn.org\/bizkaia-gestamp\/wp-json\/wp\/v2\/types\/post"}],"author":[{"embeddable":true,"href":"https:\/\/www.cgt-lkn.org\/bizkaia-gestamp\/wp-json\/wp\/v2\/users\/6"}],"replies":[{"embeddable":true,"href":"https:\/\/www.cgt-lkn.org\/bizkaia-gestamp\/wp-json\/wp\/v2\/comments?post=8058"}],"version-history":[{"count":0,"href":"https:\/\/www.cgt-lkn.org\/bizkaia-gestamp\/wp-json\/wp\/v2\/posts\/8058\/revisions"}],"wp:featuredmedia":[{"embeddable":true,"href":"https:\/\/www.cgt-lkn.org\/bizkaia-gestamp\/wp-json\/wp\/v2\/media\/8059"}],"wp:attachment":[{"href":"https:\/\/www.cgt-lkn.org\/bizkaia-gestamp\/wp-json\/wp\/v2\/media?parent=8058"}],"wp:term":[{"taxonomy":"category","embeddable":true,"href":"https:\/\/www.cgt-lkn.org\/bizkaia-gestamp\/wp-json\/wp\/v2\/categories?post=8058"},{"taxonomy":"post_tag","embeddable":true,"href":"https:\/\/www.cgt-lkn.org\/bizkaia-gestamp\/wp-json\/wp\/v2\/tags?post=8058"}],"curies":[{"name":"wp","href":"https:\/\/api.w.org\/{rel}","templated":true}]}}