{"id":8057,"date":"2021-11-23T22:44:09","date_gmt":"2021-11-23T21:44:09","guid":{"rendered":"https:\/\/www.cgt-lkn.org\/bizkaia\/gestamp\/?p=8057"},"modified":"2021-12-03T18:34:00","modified_gmt":"2021-12-03T17:34:00","slug":"comunicado-reunion-erte-semiconductores-semana-47","status":"publish","type":"post","link":"https:\/\/www.cgt-lkn.org\/bizkaia-gestamp\/2021\/11\/23\/comunicado-reunion-erte-semiconductores-semana-47\/","title":{"rendered":"Comunicado reuni\u00f3n ERTE semiconductores Semana 47"},"content":{"rendered":"<p>Kaixo CGTkide,<br \/>\nEsta tarde nos hemos reunido el comit\u00e9 con la direcci\u00f3n de Gestamp Bizkaia y nos ha comunicado lo siguiente:<\/p>\n<p>1\u00b0 Debido a la parada de esta semana S47 de Mercedes Gazteiz desde Gestamp Bizkaia se ha planificado parar diversas instalaciones con el siguiente criterio general: las instalaciones que <strong>trabajan a 2 turnos parar\u00e1n viernes 26 ma\u00f1ana y tarde<\/strong>, las instalaciones a 3<strong> turnos parar\u00e1n jueves noche, viernes ma\u00f1ana y viernes tarde<\/strong>, las instalaciones que trabajan a <strong>4 turnos parar\u00e1n viernes noche, s\u00e1bado ma\u00f1ana, s\u00e1bado tarde y domingo tarde.<\/strong><\/p>\n<p>2\u00b0 Los puestos de <strong>mano de obra indirecta vinculados a las instalaciones con turnos de parada tambi\u00e9n paran.<\/strong><\/p>\n<p>3\u00b0 <strong>Matriceros<\/strong> de contrata de esos turnos de parada no trabajar\u00e1n y l<strong>os de la casa<\/strong> casi todos ( algunos les mandan a casa)\u00a0 <strong>si trabajar\u00e1n<\/strong> pero reubicados en otras \u00e1reas.<\/p>\n<p>4\u00b0 La instalaci\u00f3n de <strong>dobles traseras<\/strong> de ensamblado SI <strong>trabajar\u00e1.<\/strong><\/p>\n<p>5\u00b0 Aunque las instalaciones de <strong>caliente<\/strong> est\u00e1 semana S47 <strong>no paran ahora<\/strong>, pero,\u00a0 ha llegado la informaci\u00f3n de que <strong>hay muchas posibilidades<\/strong> de que VW Landaben <strong>pare las pr\u00f3ximas dos semanas<\/strong> S48 y S49. Extremo que ser\u00e1 confirmado al comit\u00e9 en una pr\u00f3xima reuni\u00f3n junto a la afectaci\u00f3n derivada en Gestamp Bizkaia.<\/p>\n<p>6\u00b0 Tras la presentaci\u00f3n del Erte de <strong>eventuales<\/strong> han sido contratadas <strong>8<\/strong> personas m\u00e1s que <strong>quedan fuera<\/strong> cualquier afectaci\u00f3n.<\/p>\n<p>7\u00b0 Las afectaciones individuales ser\u00e1n comunicadas a lo largo de esta tarde por n\u00f3mina electr\u00f3nica y ma\u00f1ana a trav\u00e9s de email a los ordenadores de las instalaciones.<\/p>\n<p>8\u00b0 <strong>Cabe la posibilidad<\/strong> de que este d\u00eda de parada (y otros que pudieran llegar) <strong>Mercedes<\/strong> los <strong>intente recuperar<\/strong> a lo largo de la semana S51.<\/p>\n<p>9\u00b0 La direcci\u00f3n comunica asimismo que est\u00e1 parada de Mercedes se debe a la falta de la misma bomba de agua que falt\u00f3 en septiembre.<\/p>\n<p>10\u00b0 Se le pide a la empresa que desde la propia estructura se reitere y se refuerza el cumplimiento de las medidas anticovid19 en Gestamp Bizkaia.<br \/>\nOsasuna.<\/p>\n","protected":false},"excerpt":{"rendered":"<p>Kaixo CGTkide, Esta tarde nos hemos reunido el comit\u00e9 con la direcci\u00f3n de Gestamp Bizkaia y nos ha comunicado lo<\/p>\n","protected":false},"author":72,"featured_media":4774,"comment_status":"closed","ping_status":"open","sticky":false,"template":"","format":"standard","meta":{"footnotes":"","_links_to":"","_links_to_target":""},"categories":[7,13,79],"tags":[90,86,219],"class_list":["post-8057","post","type-post","status-publish","format-standard","has-post-thumbnail","hentry","category-comunicados","category-gestamp","category-gestamp-bizkaia","tag-cgt-lkn-informa","tag-erte","tag-semiconductores"],"publishpress_future_action":{"enabled":false,"date":"2026-05-07 07:03:48","action":"change-status","newStatus":"draft","terms":[],"taxonomy":"category","extraData":[]},"publishpress_future_workflow_manual_trigger":{"enabledWorkflows":[]},"_links":{"self":[{"href":"https:\/\/www.cgt-lkn.org\/bizkaia-gestamp\/wp-json\/wp\/v2\/posts\/8057","targetHints":{"allow":["GET"]}}],"collection":[{"href":"https:\/\/www.cgt-lkn.org\/bizkaia-gestamp\/wp-json\/wp\/v2\/posts"}],"about":[{"href":"https:\/\/www.cgt-lkn.org\/bizkaia-gestamp\/wp-json\/wp\/v2\/types\/post"}],"author":[{"embeddable":true,"href":"https:\/\/www.cgt-lkn.org\/bizkaia-gestamp\/wp-json\/wp\/v2\/users\/72"}],"replies":[{"embeddable":true,"href":"https:\/\/www.cgt-lkn.org\/bizkaia-gestamp\/wp-json\/wp\/v2\/comments?post=8057"}],"version-history":[{"count":1,"href":"https:\/\/www.cgt-lkn.org\/bizkaia-gestamp\/wp-json\/wp\/v2\/posts\/8057\/revisions"}],"predecessor-version":[{"id":8100,"href":"https:\/\/www.cgt-lkn.org\/bizkaia-gestamp\/wp-json\/wp\/v2\/posts\/8057\/revisions\/8100"}],"wp:featuredmedia":[{"embeddable":true,"href":"https:\/\/www.cgt-lkn.org\/bizkaia-gestamp\/wp-json\/wp\/v2\/media\/4774"}],"wp:attachment":[{"href":"https:\/\/www.cgt-lkn.org\/bizkaia-gestamp\/wp-json\/wp\/v2\/media?parent=8057"}],"wp:term":[{"taxonomy":"category","embeddable":true,"href":"https:\/\/www.cgt-lkn.org\/bizkaia-gestamp\/wp-json\/wp\/v2\/categories?post=8057"},{"taxonomy":"post_tag","embeddable":true,"href":"https:\/\/www.cgt-lkn.org\/bizkaia-gestamp\/wp-json\/wp\/v2\/tags?post=8057"}],"curies":[{"name":"wp","href":"https:\/\/api.w.org\/{rel}","templated":true}]}}