{"id":8019,"date":"2021-10-25T21:03:25","date_gmt":"2021-10-25T19:03:25","guid":{"rendered":"https:\/\/www.cgt-lkn.org\/bizkaia\/gestamp\/?p=8019"},"modified":"2021-10-24T21:06:21","modified_gmt":"2021-10-24T19:06:21","slug":"mercedes-benz-espana-absorbe-la-division-de-furgonetas-dentro-de-la-reorganizacion-de-daimler","status":"publish","type":"post","link":"https:\/\/www.cgt-lkn.org\/bizkaia-gestamp\/2021\/10\/25\/mercedes-benz-espana-absorbe-la-division-de-furgonetas-dentro-de-la-reorganizacion-de-daimler\/","title":{"rendered":"Mercedes-Benz Espa\u00f1a absorbe la divisi\u00f3n de furgonetas dentro de la reorganizaci\u00f3n de Daimler"},"content":{"rendered":"<p>Fuente: https:\/\/www.europapress.es\/motor\/sector-00644\/noticia-mercedes-benz-espana-absorbe-division-furgonetas-dentro-reorganizacion-daimler-20211022170001.html<\/p>\n<p>Mercedes-Benz Espa\u00f1a, filial espa\u00f1ola del consorcio alem\u00e1n Daimler, ha ejecutado la integraci\u00f3n de la divisi\u00f3n de furgonetas, Mercedes-Benz Vans Espa\u00f1a, dentro de la sociedad, en l\u00ednea con la reorganizaci\u00f3n que est\u00e1 llevando a cabo Daimler en todo el mundo, tal y como recoge este viernes el Bolet\u00edn Oficial del Registro Mercantil (Borme). Fuentes de Mercedes-Benz Espa\u00f1a explicaron a Europa Press que esta operaci\u00f3n est\u00e1 vinculada con la reorganizaci\u00f3n global que est\u00e1 llevando a cabo el &#8230;<\/p>\n<p>Leer m\u00e1s:\u00a0<a href=\"https:\/\/www.europapress.es\/motor\/sector-00644\/noticia-mercedes-benz-espana-absorbe-division-furgonetas-dentro-reorganizacion-daimler-20211022170001.html\">https:\/\/www.europapress.es\/motor\/sector-00644\/noticia-mercedes-benz-espana-absorbe-division-furgonetas-dentro-reorganizacion-daimler-20211022170001.html<\/a><\/p>\n<p>&nbsp;<\/p>\n<p>&nbsp;<\/p>\n","protected":false},"excerpt":{"rendered":"<p>Fuente: https:\/\/www.europapress.es\/motor\/sector-00644\/noticia-mercedes-benz-espana-absorbe-division-furgonetas-dentro-reorganizacion-daimler-20211022170001.html Mercedes-Benz Espa\u00f1a, filial espa\u00f1ola del consorcio alem\u00e1n Daimler, ha ejecutado la integraci\u00f3n de la divisi\u00f3n de furgonetas, Mercedes-Benz<\/p>\n","protected":false},"author":72,"featured_media":7332,"comment_status":"closed","ping_status":"open","sticky":false,"template":"","format":"standard","meta":{"footnotes":"","_links_to":"","_links_to_target":""},"categories":[16,22],"tags":[161,143],"class_list":["post-8019","post","type-post","status-publish","format-standard","has-post-thumbnail","hentry","category-mercedes","category-en-la-prensa","tag-mercedes","tag-noticias"],"publishpress_future_action":{"enabled":false,"date":"2026-05-07 08:21:14","action":"change-status","newStatus":"draft","terms":[],"taxonomy":"category","extraData":[]},"publishpress_future_workflow_manual_trigger":{"enabledWorkflows":[]},"_links":{"self":[{"href":"https:\/\/www.cgt-lkn.org\/bizkaia-gestamp\/wp-json\/wp\/v2\/posts\/8019","targetHints":{"allow":["GET"]}}],"collection":[{"href":"https:\/\/www.cgt-lkn.org\/bizkaia-gestamp\/wp-json\/wp\/v2\/posts"}],"about":[{"href":"https:\/\/www.cgt-lkn.org\/bizkaia-gestamp\/wp-json\/wp\/v2\/types\/post"}],"author":[{"embeddable":true,"href":"https:\/\/www.cgt-lkn.org\/bizkaia-gestamp\/wp-json\/wp\/v2\/users\/72"}],"replies":[{"embeddable":true,"href":"https:\/\/www.cgt-lkn.org\/bizkaia-gestamp\/wp-json\/wp\/v2\/comments?post=8019"}],"version-history":[{"count":1,"href":"https:\/\/www.cgt-lkn.org\/bizkaia-gestamp\/wp-json\/wp\/v2\/posts\/8019\/revisions"}],"predecessor-version":[{"id":8020,"href":"https:\/\/www.cgt-lkn.org\/bizkaia-gestamp\/wp-json\/wp\/v2\/posts\/8019\/revisions\/8020"}],"wp:featuredmedia":[{"embeddable":true,"href":"https:\/\/www.cgt-lkn.org\/bizkaia-gestamp\/wp-json\/wp\/v2\/media\/7332"}],"wp:attachment":[{"href":"https:\/\/www.cgt-lkn.org\/bizkaia-gestamp\/wp-json\/wp\/v2\/media?parent=8019"}],"wp:term":[{"taxonomy":"category","embeddable":true,"href":"https:\/\/www.cgt-lkn.org\/bizkaia-gestamp\/wp-json\/wp\/v2\/categories?post=8019"},{"taxonomy":"post_tag","embeddable":true,"href":"https:\/\/www.cgt-lkn.org\/bizkaia-gestamp\/wp-json\/wp\/v2\/tags?post=8019"}],"curies":[{"name":"wp","href":"https:\/\/api.w.org\/{rel}","templated":true}]}}