{"id":8010,"date":"2021-10-15T14:39:14","date_gmt":"2021-10-15T12:39:14","guid":{"rendered":"https:\/\/www.cgt-lkn.org\/bizkaia\/gestamp\/?p=8010"},"modified":"2021-12-03T18:33:25","modified_gmt":"2021-12-03T17:33:25","slug":"8010","status":"publish","type":"post","link":"https:\/\/www.cgt-lkn.org\/bizkaia-gestamp\/2021\/10\/15\/8010\/","title":{"rendered":"Comunicado CGT-LKN reuni\u00f3n comit\u00e9 empresa 15-10-21 ERTE Semiconductores"},"content":{"rendered":"<p>Kaixo danori!<\/p>\n<p>Hoy viernes 15-10-21 la direcci\u00f3n de empresa nos ha reunido al comit\u00e9 de Gestamp Bizkaia para tratar los siguientes puntos:<\/p>\n<p>-La semana que viene <strong>no<\/strong> habr\u00e1 afectaci\u00f3n de <strong>ERTE<\/strong> en Gestamp Bizkaia. Mercedes Gasteiz sigue con falta de suministro de las bombas de agua, por lo que tendr\u00e1 que trabajar acumulando furgonetas en sus campas (unas 550 al d\u00eda). Esta situaci\u00f3n saturar\u00e1 las campas a lo largo de la semana que viene por lo que si Mercedes Gasteiz no consigue bombas de agua tendr\u00e1 que parar la f\u00e1brica. En las instalaciones de Caliente tampoco habr\u00e1 ERTE, aunque en las f\u00e1bricas que reciben piezas de estas instalaciones la normalidad todav\u00eda no ha vuelto y est\u00e1n teniendo paradas, estas si, por la te\u00f3rica falta de semiconductores.<\/p>\n<p>-Esta semana se ha producido una <strong>aver\u00eda<\/strong> en el embutidor del Anillo Izquierdo de <strong>L-11.<\/strong> Es una aver\u00eda importante que posiblemente tenga que generar una salida del troquel fuera para ser reparado. Para poder sacar el troquel hay que producir una cantidad de piezas y para ello se est\u00e1 realizando una reparaci\u00f3n provisional de urgencia que se espera de buenos resultados y poder servir piezas a Mercedes para, posteriormente,\u00a0 realizar otra reparaci\u00f3n definitiva. Esta misma tarde se va a probar este troquel con dicha reparaci\u00f3n provisional.<\/p>\n<p>&#8211;<strong>Vestuarios:<\/strong> <span style=\"text-decoration: underline\">A partir del lunes 18 a las 6h en el relevo de ma\u00f1ana<\/span> toda la plantilla volveremos a utilizar los vestuarios. La empresa enviar\u00e1 por nomina electr\u00f3nica el documento del nuevo protocolo que se ha acordado y el listado con su plano en el que se podremos saber cu\u00e1l es la taquilla nueva de cada persona. \u00a1Habr\u00e1 que tomarlo con calma!<\/p>\n<p>-Una modificaci\u00f3n legislativa permite que las empresas con ERTEs, como Gestamp Bizkaia, soliciten\u00a0 modificar\u00a0 el tipo de ERTE previamente registrad ante la autoridad laboral con el objeto de que <em><span style=\"color: #ff0000\"><strong>los d\u00edas de prestaci\u00f3n consumidos por las personas que han elegido la opci\u00f3n 3 (cobro de prestaci\u00f3n) no sean computados a efecto de consumo de d\u00edas de antig\u00fcedad de la prestaci\u00f3n disponible de cada persona<\/strong><\/span><\/em> trabajadora.<\/p>\n<p>Pr\u00f3ximamente veremos c\u00f3mo concluye esta solicitud ante la autoridad laboral.<\/p>\n<p>-La direcci\u00f3n ha propuesto al comit\u00e9 un <strong>nuevo ERTE<\/strong> con las mismas condiciones que el actual pero incluyendo en \u00e9l tanto a todas las <strong>nuevas personas con contrato eventual<\/strong> que se han incorporado con posterioridad a la fecha de presentaci\u00f3n del actual ERTE como a las que se pudieran reincorporarse\u00a0 tras una finalizaci\u00f3n de contrato y si estaban en un principio incluidas en el ERTE.<\/p>\n<p>El objeto de este nuevo ERTE es que toda persona contratada durante la vigencia del actual ERTE pueda ser afectada por \u00e9l.<\/p>\n<p>OSASUNA.<\/p>\n","protected":false},"excerpt":{"rendered":"<p>ERTE proxima semana, ERTE Eventuales, Vestuarios, aver\u00eda L11<\/p>\n","protected":false},"author":72,"featured_media":4774,"comment_status":"closed","ping_status":"open","sticky":false,"template":"","format":"standard","meta":{"footnotes":"","_links_to":"","_links_to_target":""},"categories":[7,13,79,16,43],"tags":[90,87,86,247,219,248],"class_list":["post-8010","post","type-post","status-publish","format-standard","has-post-thumbnail","hentry","category-comunicados","category-gestamp","category-gestamp-bizkaia","category-mercedes","category-otras-publicaciones","tag-cgt-lkn-informa","tag-comunicado","tag-erte","tag-eventuales","tag-semiconductores","tag-vestuarios"],"publishpress_future_action":{"enabled":false,"date":"2026-05-07 08:20:32","action":"change-status","newStatus":"draft","terms":[],"taxonomy":"category","extraData":[]},"publishpress_future_workflow_manual_trigger":{"enabledWorkflows":[]},"_links":{"self":[{"href":"https:\/\/www.cgt-lkn.org\/bizkaia-gestamp\/wp-json\/wp\/v2\/posts\/8010","targetHints":{"allow":["GET"]}}],"collection":[{"href":"https:\/\/www.cgt-lkn.org\/bizkaia-gestamp\/wp-json\/wp\/v2\/posts"}],"about":[{"href":"https:\/\/www.cgt-lkn.org\/bizkaia-gestamp\/wp-json\/wp\/v2\/types\/post"}],"author":[{"embeddable":true,"href":"https:\/\/www.cgt-lkn.org\/bizkaia-gestamp\/wp-json\/wp\/v2\/users\/72"}],"replies":[{"embeddable":true,"href":"https:\/\/www.cgt-lkn.org\/bizkaia-gestamp\/wp-json\/wp\/v2\/comments?post=8010"}],"version-history":[{"count":2,"href":"https:\/\/www.cgt-lkn.org\/bizkaia-gestamp\/wp-json\/wp\/v2\/posts\/8010\/revisions"}],"predecessor-version":[{"id":8013,"href":"https:\/\/www.cgt-lkn.org\/bizkaia-gestamp\/wp-json\/wp\/v2\/posts\/8010\/revisions\/8013"}],"wp:featuredmedia":[{"embeddable":true,"href":"https:\/\/www.cgt-lkn.org\/bizkaia-gestamp\/wp-json\/wp\/v2\/media\/4774"}],"wp:attachment":[{"href":"https:\/\/www.cgt-lkn.org\/bizkaia-gestamp\/wp-json\/wp\/v2\/media?parent=8010"}],"wp:term":[{"taxonomy":"category","embeddable":true,"href":"https:\/\/www.cgt-lkn.org\/bizkaia-gestamp\/wp-json\/wp\/v2\/categories?post=8010"},{"taxonomy":"post_tag","embeddable":true,"href":"https:\/\/www.cgt-lkn.org\/bizkaia-gestamp\/wp-json\/wp\/v2\/tags?post=8010"}],"curies":[{"name":"wp","href":"https:\/\/api.w.org\/{rel}","templated":true}]}}