{"id":7977,"date":"2021-09-18T16:37:26","date_gmt":"2021-09-18T14:37:26","guid":{"rendered":"https:\/\/www.cgt-lkn.org\/bizkaia\/gestamp\/?p=7977"},"modified":"2021-09-20T12:00:39","modified_gmt":"2021-09-20T10:00:39","slug":"juzgados-tres-trabajadores-que-decidieron-secundar-la-huelga-metal","status":"publish","type":"post","link":"https:\/\/www.cgt-lkn.org\/bizkaia-gestamp\/2021\/09\/18\/juzgados-tres-trabajadores-que-decidieron-secundar-la-huelga-metal\/","title":{"rendered":"Juzgados tres trabajadores que decidieron secundar la huelga Metal"},"content":{"rendered":"<p>ELA, CCOO, LAB, UGT, ESK, CGT, CNT, USO sindikatuek eta Bizkaiko metaleko grebalari guztiok komunikabideei dei egin diegu epaitegi honen aurrean honako hau salatzeko:<\/p>\n<p>Gaur, epaitegi honetan, greba egitea eta lan eta bizi-baldintza duinak izatearen alde borrokatzea erabaki zuten hiru langile epaituko dituzte. Denok gogoratuko duzuen moduan, Bizkaiko metalean 10 greba egin ziren, baita hainbat mobilizazio ere. Borroka horren ondorio gisa, gaur egun 7 langile daude inputatuak, guztira 15 langile inputatu dituzte, baina horietako 8 absolbitu egin dituzte honetaz gain hainbat isun eta zigor ekonomiko jarri dira, kasu batzuetan Mozal Legea aplikatu delako. Gaurkoa ez da azken epaiketa izango, urriaren 4an beste bi langile epaituko dituzte eta kasu honetan Eusko Jaurlaritzako zerbitzu juridikoek 23 hilabeteko kartzela-zigorra eskatu dute.<\/p>\n<p><img loading=\"lazy\" decoding=\"async\" class=\"aligncenter wp-image-20855 size-medium\" src=\"https:\/\/www.cgt-lkn.org\/wp-content\/uploads\/2019\/11\/graba-metal-cgt-203x300.jpg\" alt=\"\" width=\"203\" height=\"300\" \/><\/p>\n<p>&nbsp;<\/p>\n<ul>\n<li class=\"first-child last-child\">Salatu nahi dugu akusazio horien guztien atzean dagoena (kasu batzuetan espetxeratzeko eskaerak barne): grebarako eskubidea kriminalizatu nahi da, lan eta bizi-baldintza duinak babesteko borroka guztiak kriminalizatzeko nahia dago. Kolektibo oso baten, sektore baten, borroka eredugarria gauzatu duten langileen borrokari aipua kendu nahi<\/li>\n<\/ul>\n<p>Argi eta garbi aditzera eman nahi dugu kriminalizatzeko saiakera hori erabaki politiko baten ondorioa dela. Erabaki hori instituzioen eskutik etorri da, bereziki, Urkullu lehendakaria buru duen Eusko Jaurlaritzatik. Izan ere, gatazkan zehar patronalaren alde jarri zen zalantzarik gabe, adibidez, Ertzaintza bidali zuenean grebalariak beldurtzera. Azkenean, zenbait langile jipoitu, atxilotu eta salatu egin zituzten. Greba egun baten ondoren, Bilbon egin zen manifestazio baten ostean, greba deitu genuen sindikatuok indarkeriaren erabilera neurrigabe hori salatu genuen prentsa-ohar baten bidez. Orduan Eusko Jaurlaritzari eta FVEMri ohartarazi genien poliziaren bidea eta bide judiziala ez zirela erabili behar. Hala ere, gaur, irailaren 16an, 7 inputatu ditugu.<\/p>\n<p>Halaber, ez ditugu ikusi lehendakaria eta Eusko Jaurlaritza greba egiteagatik kaleratuak izan diren metaleko langileak babesten, greba egin ez dezaten mehatxatuak izan diren langileak defendatzen, egunero euren lan-eskubideak urratuak ikusten dituzten langileen ondoan edo prekarietatean murgilduta bizi diren langileekin, batzuetan osasuna galtzen dutenak eta gehiegitan bizitza ere. Horrez gain, enpresariak ez ditugu ikusi epaiketei aurre egiten, espetxeratzeko eskaerei aurre egiten, oraintxe aipatu duguna bezalako eskubide urraketak gauzatu badituzte ere. Erabateko inpunitatearekin jarduten dute norbaitek ahalbidetzen duelako, sistema osoak ahalbidetzen duelako.<\/p>\n<p>Bizkaiko metala ez da salbuespen bat, ordea. Jaurlaritzak berrikusi beharra dauka euren lanpostuen defentsan ari diren langileen aurka, azken hilabeteetan poliziak izan duen jarduera salagarria, euren artean ITP-PCB edo Tubacex-eko langileen kontrako erasoak. Azken bi gatazka hauetan, gutxienez 8 dira epaitegietan deklaratu behar izan dutenak eta litekeena da inputazio gehiago heltzea. Inork ezin ditu ahaztu Ertzaintzak ITP-PCBko ateetan jipoitutako langileen irudiak edo Tubacex-eko langileenak, Eusko Jaurlaritzaren aurrean poliziak erasotuak.<\/p>\n<p>Langileen eskubideak, gure eskubideak defendatzea ez da sekula delitu izango. Hori dela eta, salaketek, isunek eta errepresioak ez dituzte lan eta bizi-baldintza duinen alde borrokatzea erabakitzen duten langileak geldituko.<\/p>\n<p>ELA, CCOO, LAB, UGT, ESK, CGT, CNT, USO y todos y todas las huelguistas del metal de Bizkaia hemos hecho un llamamiento a los medios de comunicaci\u00f3n para denunciar ante este juzgado lo siguiente:<\/p>\n<p>Hoy ser\u00e1n juzgados tres trabajadores que decidieron secundar la huelga y luchar por unas condiciones laborales y de vida dignas. Como todos y todas recordar\u00e9is, en el metal de Bizkaia se hicieron 10 huelgas, as\u00ed como diversas movilizaciones. Como consecuencia de esta lucha, en la actualidad hay 7 trabajadores imputados, han llegado a estar hasta 15 trabajadores imputados pero 8 de ellos han sido absueltos de las acusaciones, se han impuesto varias multas y sanciones econ\u00f3micas, en algunos casos porque se ha aplicado la Ley mordaza. El de hoy, no ser\u00e1 el \u00faltimo juicio, el 4 de octubre otros dos trabajadores se enfrentan a un juicio con una petici\u00f3n de carcel de 23 meses por parte de los servicios jur\u00eddicos\u00a0\u00a0\u00a0\u00a0\u00a0\u00a0\u00a0\u00a0\u00a0\u00a0\u00a0\u00a0\u00a0\u00a0\u00a0\u00a0\u00a0\u00a0\u00a0\u00a0\u00a0\u00a0\u00a0\u00a0\u00a0\u00a0\u00a0\u00a0\u00a0\u00a0\u00a0\u00a0\u00a0\u00a0\u00a0\u00a0\u00a0\u00a0\u00a0\u00a0\u00a0\u00a0\u00a0\u00a0\u00a0 del\u00a0\u00a0\u00a0\u00a0\u00a0\u00a0\u00a0\u00a0\u00a0\u00a0\u00a0\u00a0\u00a0\u00a0\u00a0\u00a0\u00a0\u00a0\u00a0\u00a0\u00a0\u00a0\u00a0\u00a0\u00a0\u00a0\u00a0\u00a0\u00a0\u00a0\u00a0\u00a0\u00a0\u00a0\u00a0\u00a0\u00a0\u00a0\u00a0\u00a0\u00a0\u00a0\u00a0\u00a0\u00a0\u00a0\u00a0\u00a0\u00a0\u00a0\u00a0\u00a0 Gobierno\u00a0\u00a0\u00a0\u00a0\u00a0\u00a0\u00a0\u00a0\u00a0\u00a0\u00a0\u00a0\u00a0\u00a0\u00a0\u00a0\u00a0\u00a0\u00a0\u00a0\u00a0\u00a0\u00a0\u00a0\u00a0\u00a0\u00a0\u00a0 Vasco.<\/p>\n<p><img loading=\"lazy\" decoding=\"async\" class=\"aligncenter wp-image-18535 size-medium\" src=\"https:\/\/www.cgt-lkn.org\/wp-content\/uploads\/2019\/09\/Metal-Bizkaia-300x188.jpg\" alt=\"\" width=\"300\" height=\"188\" \/><\/p>\n<ul>\n<li class=\"first-child last-child\">Queremos denunciar lo que est\u00e1 detr\u00e1s de todas estas acusaciones: se trata de criminalizar el derecho a la huelga, hay un deseo de criminalizar todas las luchas que se llevan a cabo para proteger unas condiciones de trabajo y de vida dignas. Quieren quitar a los y las trabajadoras el derecho a luchar. Muchos trabajadores y trabajadoras han llevado y est\u00e1n llevando a cabo una lucha ejemplar, una lucha de todo\u00a0\u00a0\u00a0\u00a0\u00a0 un\u00a0 colectivo,\u00a0\u00a0\u00a0\u00a0 de\u00a0\u00a0\u00a0\u00a0\u00a0\u00a0\u00a0\u00a0\u00a0\u00a0\u00a0\u00a0\u00a0\u00a0\u00a0\u00a0\u00a0\u00a0\u00a0\u00a0\u00a0 un<\/li>\n<\/ul>\n<p>&nbsp;<\/p>\n<p>Queremos decir alto y claro que este intento de criminalizaci\u00f3n es consecuencia de una decisi\u00f3n pol\u00edtica. Esta decisi\u00f3n ha venido de la mano de las instituciones, especialmente, del Gobierno Vasco presidido por el lehendakari Urkullu. De hecho, durante el conflicto se puso inequ\u00edvocamente del lado de la patronal, por ejemplo, cuando envi\u00f3 a la Ertzaintza a amedrentar a los huelguistas. Finalmente, varios trabajadores fueron golpeados, detenidos y denunciados. Tras una manifestaci\u00f3n celebrada en Bilbo en una de las jornadas de huelga, los sindicatos convocantes de la huelga denunciamos en una nota de prensa este uso desproporcionado de la violencia. Entonces advertimos al Gobierno Vasco y a FVEM que la v\u00eda policial y la v\u00eda judicial en ning\u00fan caso era el camino. Sin embargo,\u00a0\u00a0\u00a0 \u00a0hoy,\u00a0\u00a0\u00a0 \u00a016\u00a0\u00a0\u00a0 \u00a0de\u00a0\u00a0\u00a0 \u00a0septiembre,\u00a0\u00a0\u00a0 \u00a0tenemos\u00a0\u00a0\u00a0 \u00a0todav\u00eda\u00a0\u00a0\u00a0 \u00a07\u00a0\u00a0\u00a0 \u00a0trabajadores\u00a0\u00a0\u00a0 \u00a0imputados.<\/p>\n<p>En todo este tiempo no hemos visto al lehendakari y al Gobierno Vasco proteger a los trabajadores y trabajadoras del metal que han sido despedidas por hacer huelga, tampoco les hemos visto defender a los trabajadores y trabajadoras que han sido amenazadas para que no secunden la huelga, tampoco les hemos visto ni les vemos junto a trabajadores y trabajadoras que a diario ven vulnerados sus derechos laborales o viven inmersos en la precariedad, que a veces pierden la salud y demasiadas veces la vida. Adem\u00e1s, tampoco hemos visto a los empresarios hacer frente a los juicios, a las peticiones de prisi\u00f3n, aunque hayan llevado a cabo vulneraciones de derechos como la que acabamos de mencionar. Act\u00faan con total impunidad porque alguien lo permite, porque todo el sistema lo permite.<\/p>\n<p>Sin embargo, el metal vizca\u00edno no es una excepci\u00f3n. La denunciable actuaci\u00f3n policial de los \u00faltimos meses contra trabajadores y trabajadoras que defienden sus puestos de trabajo debe ser revisada por el Gobierno Vasco, entre ellas la agresi\u00f3nes sufridas por trabajadores y trabajadoras de ITP-PCB, TUBACEX\u2026. De estos dos \u00faltimos conflictos hay, de momento, 8 personas que han tenido que declarar en los juzgados y es previsible que lleguen m\u00e1s imputaciones. Nadie olvida las im\u00e1genes de trabajadores y trabajadoras apaleadas por la ertzaintza a las puertas de ITP-PCB, de TUBACEX e incluso a las puertas del parlamento vasco.<\/p>\n<p>Defender los derechos de los y las trabajadoras, nuestros derechos, nunca ser\u00e1 delito. Por ello decimos alto y claro que las denuncias, las multas y la represi\u00f3n no parar\u00e1n a los y las trabajadoras que decidan luchar por unas condiciones laborales y de vida dignas.<\/p>\n","protected":false},"excerpt":{"rendered":"<p>Defender los derechos de los y las trabajadoras, nuestros derechos, nunca ser\u00e1 delito. Por ello decimos alto y claro que las denuncias, las multas y la represi\u00f3n no parar\u00e1n a los y las trabajadoras que decidan luchar por unas condiciones laborales y de vida dignas.<\/p>\n","protected":false},"author":72,"featured_media":6550,"comment_status":"closed","ping_status":"open","sticky":false,"template":"","format":"standard","meta":{"footnotes":"","_links_to":"","_links_to_target":""},"categories":[30,5,7,17,163,27],"tags":[243,147,244,124,78,97],"class_list":["post-7977","post","type-post","status-publish","format-standard","has-post-thumbnail","hentry","category-accion-directa","category-automocion","category-comunicados","category-movilizaciones","category-movilizaciones-2","category-sindical","tag-bizkaia","tag-huelga","tag-juicio","tag-metal","tag-represion","tag-solidaridad"],"publishpress_future_action":{"enabled":false,"date":"2026-05-02 06:19:20","action":"change-status","newStatus":"draft","terms":[],"taxonomy":"category","extraData":[]},"publishpress_future_workflow_manual_trigger":{"enabledWorkflows":[]},"_links":{"self":[{"href":"https:\/\/www.cgt-lkn.org\/bizkaia-gestamp\/wp-json\/wp\/v2\/posts\/7977","targetHints":{"allow":["GET"]}}],"collection":[{"href":"https:\/\/www.cgt-lkn.org\/bizkaia-gestamp\/wp-json\/wp\/v2\/posts"}],"about":[{"href":"https:\/\/www.cgt-lkn.org\/bizkaia-gestamp\/wp-json\/wp\/v2\/types\/post"}],"author":[{"embeddable":true,"href":"https:\/\/www.cgt-lkn.org\/bizkaia-gestamp\/wp-json\/wp\/v2\/users\/72"}],"replies":[{"embeddable":true,"href":"https:\/\/www.cgt-lkn.org\/bizkaia-gestamp\/wp-json\/wp\/v2\/comments?post=7977"}],"version-history":[{"count":1,"href":"https:\/\/www.cgt-lkn.org\/bizkaia-gestamp\/wp-json\/wp\/v2\/posts\/7977\/revisions"}],"predecessor-version":[{"id":7982,"href":"https:\/\/www.cgt-lkn.org\/bizkaia-gestamp\/wp-json\/wp\/v2\/posts\/7977\/revisions\/7982"}],"wp:featuredmedia":[{"embeddable":true,"href":"https:\/\/www.cgt-lkn.org\/bizkaia-gestamp\/wp-json\/wp\/v2\/media\/6550"}],"wp:attachment":[{"href":"https:\/\/www.cgt-lkn.org\/bizkaia-gestamp\/wp-json\/wp\/v2\/media?parent=7977"}],"wp:term":[{"taxonomy":"category","embeddable":true,"href":"https:\/\/www.cgt-lkn.org\/bizkaia-gestamp\/wp-json\/wp\/v2\/categories?post=7977"},{"taxonomy":"post_tag","embeddable":true,"href":"https:\/\/www.cgt-lkn.org\/bizkaia-gestamp\/wp-json\/wp\/v2\/tags?post=7977"}],"curies":[{"name":"wp","href":"https:\/\/api.w.org\/{rel}","templated":true}]}}