{"id":7972,"date":"2021-09-17T11:04:40","date_gmt":"2021-09-17T09:04:40","guid":{"rendered":"https:\/\/www.cgt-lkn.org\/bizkaia\/gestamp\/?p=7972"},"modified":"2021-10-13T15:22:40","modified_gmt":"2021-10-13T13:22:40","slug":"comunicado-reunion-comite-erte-semana-38","status":"publish","type":"post","link":"https:\/\/www.cgt-lkn.org\/bizkaia-gestamp\/2021\/09\/17\/comunicado-reunion-comite-erte-semana-38\/","title":{"rendered":"Comunicado, Reuni\u00f3n comit\u00e9 ERTE semana 38"},"content":{"rendered":"<p>Kaixo danori!<\/p>\n<p>Ayer jueves 16-09 tuvimos reuni\u00f3n con la empresa para tratar la situaci\u00f3n de la f\u00e1brica para la semana que viene. Como tod@s ya sab\u00e9is Mercedes Gasteiz vuelve a producir el martes a la ma\u00f1ana. La informaci\u00f3n que Mercedes transmite a<strong> Gestamp es que van a producir cuatro d\u00edas la semana que viene pero que no est\u00e1 garantizada la producci\u00f3n m\u00e1s all\u00e1 del viernes 24<\/strong> y que se informar\u00e1 a \u00faltima hora de la semana que viene de lo que pase a partir del 27-09.<\/p>\n<p>Dicen las informaciones que llegan de Gasteiz que la situaci\u00f3n de suministro de componentes que se producen en Malasia se va estabilizando, veremos si se puede volver a la normalidad o no.<\/p>\n<p>Por ahora <strong>Mercedes Gasteiz no aclara como ser\u00e1 la producci\u00f3n en el mes de diciembre<\/strong>, la cantidad final de furgonetas que se monten en el a\u00f1o depender\u00e1 en gran medida de hasta cuando se trabaje en diciembre. El \u00faltimo d\u00eda de producci\u00f3n del calendario de Mercedes es el 30 de diciembre.<\/p>\n<p>La direcci\u00f3n de Gestamp dice que la situaci\u00f3n de<strong> stocks con Mercedes es buena<\/strong> y que por eso\u00a0 se afectan por el ERTE dos d\u00edas en la UN-2, un d\u00eda en UN-1 y uno tambi\u00e9n en UN-4\/5 en los equipos que trabajan de ma\u00f1ana y tarde. Para los equipos que trabajan en el turno de noche, la afectaci\u00f3n es de tres jornadas en UN-2 y dos jornadas en UN-1 y UN-4\/5.<\/p>\n<p>En las l\u00edneas de caliente\u00a0 <strong>UN-3<\/strong>, <strong>la afectaci\u00f3n del ERTE<\/strong> para la semana que viene <strong>es mayor<\/strong>. VW Landaben y Seat Martorel tienen paradas la semana que viene y esto generara que en Gestamp Bizkaia no se produzca en las l\u00edneas de caliente desde el domingo a la tarde hasta el jueves a la ma\u00f1ana.<\/p>\n<p>Dependiendo de c\u00f3mo vayan las paradas de los clientes de UN-3 las pr\u00f3ximas semanas\u00a0 y dependiendo si se solucionan los problemas del embalaje autom\u00e1tico de HS-03 puede que se reorganicen los equipos de trabajo de las l\u00edneas de caliente. La empresa dice que las previsiones son a la baja, algo que para el \u00faltimo trimestre del a\u00f1o suele ser habitual.<\/p>\n<p>Salud<\/p>\n<p>&nbsp;<\/p>\n<p>&nbsp;<\/p>\n<p>&nbsp;<\/p>\n","protected":false},"excerpt":{"rendered":"<p>Dicen las informaciones que llegan de Gasteiz que la situaci\u00f3n de suministro de componentes que se producen en Malasia se va estabilizando, veremos si se puede volver a la normalidad o no.<\/p>\n","protected":false},"author":72,"featured_media":4774,"comment_status":"closed","ping_status":"open","sticky":false,"template":"","format":"standard","meta":{"footnotes":"","_links_to":"","_links_to_target":""},"categories":[7,13,79],"tags":[90,87,86,219],"class_list":["post-7972","post","type-post","status-publish","format-standard","has-post-thumbnail","hentry","category-comunicados","category-gestamp","category-gestamp-bizkaia","tag-cgt-lkn-informa","tag-comunicado","tag-erte","tag-semiconductores"],"publishpress_future_action":{"enabled":false,"date":"2026-05-07 08:20:33","action":"change-status","newStatus":"draft","terms":[],"taxonomy":"category","extraData":[]},"publishpress_future_workflow_manual_trigger":{"enabledWorkflows":[]},"_links":{"self":[{"href":"https:\/\/www.cgt-lkn.org\/bizkaia-gestamp\/wp-json\/wp\/v2\/posts\/7972","targetHints":{"allow":["GET"]}}],"collection":[{"href":"https:\/\/www.cgt-lkn.org\/bizkaia-gestamp\/wp-json\/wp\/v2\/posts"}],"about":[{"href":"https:\/\/www.cgt-lkn.org\/bizkaia-gestamp\/wp-json\/wp\/v2\/types\/post"}],"author":[{"embeddable":true,"href":"https:\/\/www.cgt-lkn.org\/bizkaia-gestamp\/wp-json\/wp\/v2\/users\/72"}],"replies":[{"embeddable":true,"href":"https:\/\/www.cgt-lkn.org\/bizkaia-gestamp\/wp-json\/wp\/v2\/comments?post=7972"}],"version-history":[{"count":1,"href":"https:\/\/www.cgt-lkn.org\/bizkaia-gestamp\/wp-json\/wp\/v2\/posts\/7972\/revisions"}],"predecessor-version":[{"id":8008,"href":"https:\/\/www.cgt-lkn.org\/bizkaia-gestamp\/wp-json\/wp\/v2\/posts\/7972\/revisions\/8008"}],"wp:featuredmedia":[{"embeddable":true,"href":"https:\/\/www.cgt-lkn.org\/bizkaia-gestamp\/wp-json\/wp\/v2\/media\/4774"}],"wp:attachment":[{"href":"https:\/\/www.cgt-lkn.org\/bizkaia-gestamp\/wp-json\/wp\/v2\/media?parent=7972"}],"wp:term":[{"taxonomy":"category","embeddable":true,"href":"https:\/\/www.cgt-lkn.org\/bizkaia-gestamp\/wp-json\/wp\/v2\/categories?post=7972"},{"taxonomy":"post_tag","embeddable":true,"href":"https:\/\/www.cgt-lkn.org\/bizkaia-gestamp\/wp-json\/wp\/v2\/tags?post=7972"}],"curies":[{"name":"wp","href":"https:\/\/api.w.org\/{rel}","templated":true}]}}