{"id":7967,"date":"2021-09-16T15:25:35","date_gmt":"2021-09-16T13:25:35","guid":{"rendered":"https:\/\/www.cgt-lkn.org\/bizkaia\/gestamp\/?p=7967"},"modified":"2021-09-10T15:28:37","modified_gmt":"2021-09-10T13:28:37","slug":"cgt-convoca-en-iveco-madrid-tres-jornadas-de-huelga-ante-el-despido-de-un-trabajador-y-el-deterioro-de-las-relaciones-laborales","status":"publish","type":"post","link":"https:\/\/www.cgt-lkn.org\/bizkaia-gestamp\/2021\/09\/16\/cgt-convoca-en-iveco-madrid-tres-jornadas-de-huelga-ante-el-despido-de-un-trabajador-y-el-deterioro-de-las-relaciones-laborales\/","title":{"rendered":"CGT convoca en IVECO Madrid tres jornadas de huelga ante el despido de un trabajador y el deterioro de las relaciones laborales"},"content":{"rendered":"<p>La Confederaci\u00f3n General del Trabajo (CGT) ha emitido un comunicado para informar de la convocatoria de tres jornadas de huelga, en concreto, los s\u00e1bados 11, 18 y 25 de septiembre, en la factor\u00eda de IVECO en Madrid.<\/p>\n<p>Seg\u00fan la secci\u00f3n sindical de CGT en Madrid la situaci\u00f3n en la planta se ha hecho insostenible debido al continuado deterioro de las relaciones laborales con la direcci\u00f3n empresarial y que se ha agudizado a\u00fan m\u00e1s tras el proceso de la negociaci\u00f3n del \u00faltimo convenio firmado por CC.OO. y U.G.T. y donde en la planta de Valladolid a\u00fan no se ha firmado por el rechazo de la plantilla y el comit\u00e9 de forma unitaria.<\/p>\n<p>CGT explica que este despido se produjo el pasado 4 de agosto, a trav\u00e9s de burofax en plenas vacaciones con el \u00fanico objetivo de hacer a\u00fan m\u00e1s da\u00f1o a este trabajador y a su familia. CGT indica que este trabajador despedido tiene una trayectoria laboral y sindical impecable, de muchos a\u00f1os, y que siempre ha desarrollado su actividad con profesionalidad en los puestos m\u00e1s complicados.<\/p>\n<p>&nbsp;<\/p>\n<p>Adem\u00e1s, han indicado desde la secci\u00f3n sindical de IVECO Madrid, que la empresa se ha dedicado a \u201cescarbar\u201d en las redes sociales los perfiles personales de trabajadores cr\u00edticos para continuar llevando a cabo su represi\u00f3n.<\/p>\n<p>Desde CGT consideran que el despido de Enrique Ruiz no es m\u00e1s que una venganza por su labor sindical en la empresa, en defensa de los intereses y derechos de sus compa\u00f1eros, que no ha tolerado \u00e9sta que CGT haya mantenido siempre una postura cr\u00edtica y haya llevado a cabo acciones para defender un convenio digno.<\/p>\n<p>CGT recuerda tambi\u00e9n en este comunicado que tras a\u00f1os de sacrificios, de ERTE y con la situaci\u00f3n tan bien conocida por miles de trabajadores y trabajadores de este pa\u00eds tras la aparici\u00f3n del Covid-19, la plantilla de IVECO siempre ha mantenido un comportamiento ejemplar. Ahora, tras empezar a superarse los peores momentos de esta pandemia, la direcci\u00f3n empresarial responde con m\u00e1s despidos y con una represi\u00f3n nunca vista, alejado de cualquier m\u00ednima \u00e9tica empresarial.<\/p>\n<p><a href=\"https:\/\/www.cgt-lkn.org\/wp-content\/uploads\/sites\/20\/2021\/03\/AFILIATE-JUNTOS-SOMOS-FUERTES-CGT.jpg\"><img loading=\"lazy\" decoding=\"async\" class=\"aligncenter size-full wp-image-7760\" src=\"https:\/\/www.cgt-lkn.org\/wp-content\/uploads\/sites\/20\/2021\/03\/AFILIATE-JUNTOS-SOMOS-FUERTES-CGT.jpg\" alt=\"\" width=\"576\" height=\"800\" srcset=\"https:\/\/www.cgt-lkn.org\/bizkaia-gestamp\/wp-content\/uploads\/sites\/20\/2021\/03\/AFILIATE-JUNTOS-SOMOS-FUERTES-CGT.jpg 576w, https:\/\/www.cgt-lkn.org\/bizkaia-gestamp\/wp-content\/uploads\/sites\/20\/2021\/03\/AFILIATE-JUNTOS-SOMOS-FUERTES-CGT-216x300.jpg 216w\" sizes=\"auto, (max-width: 576px) 100vw, 576px\" \/><\/a><\/p>\n","protected":false},"excerpt":{"rendered":"<p class=\"post-subtitle\">La organizaci\u00f3n anarcosindicalista se\u00f1ala que el despido del compa\u00f1ero se ha producido como venganza por su acci\u00f3n sindical por la consecuci\u00f3n de un convenio justo y contra el deterioro de las relaciones laborales<\/p>\n<p>&nbsp;<\/p>\n","protected":false},"author":6,"featured_media":0,"comment_status":"closed","ping_status":"open","sticky":false,"template":"","format":"standard","meta":{"footnotes":"","_links_to":"","_links_to_target":""},"categories":[30,5,8,57,163,27],"tags":[115,98,104,116,78],"class_list":["post-7967","post","type-post","status-publish","format-standard","hentry","category-accion-directa","category-automocion","category-coordinadora-de-automocion","category-iveco","category-movilizaciones-2","category-sindical","tag-cgttusindicato","tag-coordinadora-automocion","tag-iveco","tag-movilizaciones","tag-represion"],"publishpress_future_action":{"enabled":false,"date":"2026-05-02 09:41:54","action":"change-status","newStatus":"draft","terms":[],"taxonomy":"category","extraData":[]},"publishpress_future_workflow_manual_trigger":{"enabledWorkflows":[]},"_links":{"self":[{"href":"https:\/\/www.cgt-lkn.org\/bizkaia-gestamp\/wp-json\/wp\/v2\/posts\/7967","targetHints":{"allow":["GET"]}}],"collection":[{"href":"https:\/\/www.cgt-lkn.org\/bizkaia-gestamp\/wp-json\/wp\/v2\/posts"}],"about":[{"href":"https:\/\/www.cgt-lkn.org\/bizkaia-gestamp\/wp-json\/wp\/v2\/types\/post"}],"author":[{"embeddable":true,"href":"https:\/\/www.cgt-lkn.org\/bizkaia-gestamp\/wp-json\/wp\/v2\/users\/6"}],"replies":[{"embeddable":true,"href":"https:\/\/www.cgt-lkn.org\/bizkaia-gestamp\/wp-json\/wp\/v2\/comments?post=7967"}],"version-history":[{"count":1,"href":"https:\/\/www.cgt-lkn.org\/bizkaia-gestamp\/wp-json\/wp\/v2\/posts\/7967\/revisions"}],"predecessor-version":[{"id":7968,"href":"https:\/\/www.cgt-lkn.org\/bizkaia-gestamp\/wp-json\/wp\/v2\/posts\/7967\/revisions\/7968"}],"wp:attachment":[{"href":"https:\/\/www.cgt-lkn.org\/bizkaia-gestamp\/wp-json\/wp\/v2\/media?parent=7967"}],"wp:term":[{"taxonomy":"category","embeddable":true,"href":"https:\/\/www.cgt-lkn.org\/bizkaia-gestamp\/wp-json\/wp\/v2\/categories?post=7967"},{"taxonomy":"post_tag","embeddable":true,"href":"https:\/\/www.cgt-lkn.org\/bizkaia-gestamp\/wp-json\/wp\/v2\/tags?post=7967"}],"curies":[{"name":"wp","href":"https:\/\/api.w.org\/{rel}","templated":true}]}}