{"id":7963,"date":"2021-09-10T15:15:02","date_gmt":"2021-09-10T13:15:02","guid":{"rendered":"https:\/\/www.cgt-lkn.org\/bizkaia\/gestamp\/?p=7963"},"modified":"2021-09-17T11:05:06","modified_gmt":"2021-09-17T09:05:06","slug":"comunicado-reunion-comite-erte-semana-37","status":"publish","type":"post","link":"https:\/\/www.cgt-lkn.org\/bizkaia-gestamp\/2021\/09\/10\/comunicado-reunion-comite-erte-semana-37\/","title":{"rendered":"Comunicado, Reuni\u00f3n comit\u00e9 ERTE semana 37"},"content":{"rendered":"<p>Kaixo,<\/p>\n<p>En relaci\u00f3n a la actual afectaci\u00f3n de ERTE en Gestamp Bizkaia por las paradas\u00a0 de Mercedes principalmente y el aumento de 22 d\u00edas m\u00e1s de afectaci\u00f3n de ERTE a los 22 d\u00edas ya acordados por la mayor\u00eda del comit\u00e9 y la direcci\u00f3n de Gestmap Bizkaia CGT-LKN desea manifestar:<\/p>\n<p>1\u00ba- CGT-LKN <strong>NO EST\u00c1 DE ACUERDO <\/strong>con la <strong>modificaci\u00f3n-ampliaci\u00f3n del n\u00famero de d\u00edas de afectaci\u00f3n en otros 22 d\u00edas.<\/strong> En la reuni\u00f3n de ayer jueves (9-9-21) la direcci\u00f3n entreg\u00f3 al comit\u00e9 una tabla con la afectaci\u00f3n de d\u00edas de ERTE en la plantilla de Gestamp hasta la fecha 12-9-21 resultando un total de 4.259 jornadas efectivas de afectaci\u00f3n que entre las 700 personas integrantes de la plantilla resulta un promedio de 6,08 d\u00edas de ERTE por cada persona hasta esa fecha. En esa tabla se observa que 169 personas o el 24,1% de la plantilla no han consumido nada de ERTE, 371 personas (53,1%) se han visto afectados por 6 d\u00edas o menos, \u00a0135 personas (19,2%) se han visto afectados por 11 d\u00edas o m\u00e1s de ERTE y solamente 44 personas (6,2%) por 15 d\u00edas o m\u00e1s. Con todo esto CGT-LKN entiende que se pueden planificar futuras afectaciones con un reparto m\u00e1s equitativo para retrasar o, incluso evitar, la ampliaci\u00f3n de d\u00edas planteada por la empresa.<\/p>\n<p>2\u00ba- <strong>CGT-LKN<\/strong> ha vuelto a plantear <strong>que sea impartida la formaci\u00f3n profesional recogida como \u201cpermiso retribuido\u201d en el art. 23.3 del ET (20 horas\/a\u00f1o<\/strong>, con acumulaci\u00f3n de las horas de 5 a\u00f1os) con contenidos ajustados a cada perfil profesional al igual que las 20 horas de la tarjeta profesional recogido el III Convenio estatal de industrias de metal con contenido en prevenci\u00f3n.<\/p>\n<p>En base a estas dos normas, <strong>CGT-LKN\u00a0 ha exigido a la direcci\u00f3n el cumplimiento de<\/strong> este derecho de las personas trabajadoras ya que las horas pendientes de <strong>formaci\u00f3n<\/strong> de obligado cumplimiento por parte de las empresas a las personas trabajadoras pueden alcanzar, en el peor de los casos, 120 horas generadas en los \u00faltimos 5 a\u00f1os. En estas circunstancias de ERTEs estas horas de formaci\u00f3n no impartidas, adem\u00e1s del perjuicio que ocasiona no disponer de dicha formaci\u00f3n en las propias plantillas, \u00a0hay que a\u00f1adir el perjuicio econ\u00f3mico personal provocado al no impartir estas horas de formaci\u00f3n \u201cretribuidas\u201d siendo cargadas, por el contrario, a la bolsa de d\u00edas de afectaci\u00f3n de ERTE de cada persona trabajadora y con el consiguiente perjuicio de las arcas p\u00fablicas.<\/p>\n<p>3- CGT-LKN sigue considerando que el art\u00edculo 47.1 del Estatuto de los Trabajadores determina que los ERTEs productivos solamente pueden solicitarse y concederse por \u201ccausas productivas cuando se produzcan cambios, entre otros, en la demanda de los productos o servicios que la empresa pretende colocar en el mercado\u201d, circunstancia que no se da a<strong>hora, al igual que en el momento de la firma de este ERTE<\/strong> al mantenerse los pedidos de furgonetas. Como ya dijimos en notas anteriores, <strong>esta situaci\u00f3n se deber\u00eda calificar como \u201cimposibilidad de la prestaci\u00f3n\u201d laboral como determina el art 30 del ET<\/strong> por motivos imputables al empresario y no al trabajador.<\/p>\n<p>Salud.\u00a0 \u00a0 \u00a0 \u00a0 \u00a0 \u00a0 \u00a0 \u00a0 \u00a0 \u00a0 \u00a0 \u00a0 \u00a0 \u00a0 \u00a0 \u00a0 \u00a0 \u00a0 \u00a0 \u00a0 \u00a0 \u00a0 \u00a0 \u00a0 \u00a0 \u00a0 \u00a0 \u00a0 \u00a0 \u00a0 \u00a0 \u00a0 \u00a0 \u00a0 \u00a0 \u00a0 \u00a0 \u00a0 \u00a0 10-septiembre-2021.<\/p>\n<p><a href=\"https:\/\/t.me\/CGTGestampBizkaia\"><img loading=\"lazy\" decoding=\"async\" class=\"aligncenter wp-image-7155 size-medium\" src=\"https:\/\/www.cgt-lkn.org\/wp-content\/uploads\/sites\/20\/2020\/08\/canal-telegram-300x169.jpg\" alt=\"\" width=\"300\" height=\"169\" srcset=\"https:\/\/www.cgt-lkn.org\/bizkaia-gestamp\/wp-content\/uploads\/sites\/20\/2020\/08\/canal-telegram-300x169.jpg 300w, https:\/\/www.cgt-lkn.org\/bizkaia-gestamp\/wp-content\/uploads\/sites\/20\/2020\/08\/canal-telegram-150x85.jpg 150w, https:\/\/www.cgt-lkn.org\/bizkaia-gestamp\/wp-content\/uploads\/sites\/20\/2020\/08\/canal-telegram-400x225.jpg 400w, https:\/\/www.cgt-lkn.org\/bizkaia-gestamp\/wp-content\/uploads\/sites\/20\/2020\/08\/canal-telegram.jpg 600w\" sizes=\"auto, (max-width: 300px) 100vw, 300px\" \/><\/a><\/p>\n<p>&nbsp;<\/p>\n<p><a href=\"https:\/\/www.cgt-lkn.org\/bizkaia-gestamp\/2016\/03\/02\/whatsapp\/\"><img loading=\"lazy\" decoding=\"async\" class=\"aligncenter wp-image-4284 size-full\" src=\"https:\/\/www.cgt-lkn.org\/wp-content\/uploads\/sites\/20\/2016\/03\/WASAP-CGT-GESTAMP.jpg\" alt=\"\" width=\"283\" height=\"121\" srcset=\"https:\/\/www.cgt-lkn.org\/bizkaia-gestamp\/wp-content\/uploads\/sites\/20\/2016\/03\/WASAP-CGT-GESTAMP.jpg 283w, https:\/\/www.cgt-lkn.org\/bizkaia-gestamp\/wp-content\/uploads\/sites\/20\/2016\/03\/WASAP-CGT-GESTAMP-150x64.jpg 150w\" sizes=\"auto, (max-width: 283px) 100vw, 283px\" \/><\/a><\/p>\n<p>&nbsp;<\/p>\n<p><a href=\"https:\/\/www.cgt-lkn.org\/afiliar\/public\/#!\/\"><img loading=\"lazy\" decoding=\"async\" class=\"aligncenter wp-image-7505 size-medium\" src=\"https:\/\/www.cgt-lkn.org\/wp-content\/uploads\/sites\/20\/2021\/01\/afiliate-CGT-204x300.jpg\" alt=\"\" width=\"204\" height=\"300\" srcset=\"https:\/\/www.cgt-lkn.org\/bizkaia-gestamp\/wp-content\/uploads\/sites\/20\/2021\/01\/afiliate-CGT-204x300.jpg 204w, https:\/\/www.cgt-lkn.org\/bizkaia-gestamp\/wp-content\/uploads\/sites\/20\/2021\/01\/afiliate-CGT.jpg 544w\" sizes=\"auto, (max-width: 204px) 100vw, 204px\" \/><\/a><\/p>\n<p>&nbsp;<\/p>\n","protected":false},"excerpt":{"rendered":"<ul>\n<li>CGT-LKN <strong>NO EST\u00c1 DE ACUERDO <\/strong>con la <strong>modificaci\u00f3n-ampliaci\u00f3n del n\u00famero de d\u00edas de afectaci\u00f3n en otros 22 d\u00edas<\/strong><\/li>\n<li><b>Hemos <\/b>\u00a0vuelto a plantear <strong>que sea impartida la formaci\u00f3n profesional recogida como \u201cpermiso retribuido\u201d en el art. 23.3 del ET (20 horas\/a\u00f1o<\/strong><\/li>\n<li>Esta situaci\u00f3n s<strong>e deber\u00eda calificar como \u201cimposibilidad de la prestaci\u00f3n\u201d laboral<\/strong> como determina el <strong>art 30 del ET<\/strong><\/li>\n<\/ul>\n<p>&nbsp;<\/p>\n","protected":false},"author":72,"featured_media":4774,"comment_status":"closed","ping_status":"open","sticky":false,"template":"","format":"standard","meta":{"footnotes":"","_links_to":"","_links_to_target":""},"categories":[7,13,79,27],"tags":[90,87,86,219],"class_list":["post-7963","post","type-post","status-publish","format-standard","has-post-thumbnail","hentry","category-comunicados","category-gestamp","category-gestamp-bizkaia","category-sindical","tag-cgt-lkn-informa","tag-comunicado","tag-erte","tag-semiconductores"],"publishpress_future_action":{"enabled":false,"date":"2026-05-04 12:30:41","action":"change-status","newStatus":"draft","terms":[],"taxonomy":"category","extraData":[]},"publishpress_future_workflow_manual_trigger":{"enabledWorkflows":[]},"_links":{"self":[{"href":"https:\/\/www.cgt-lkn.org\/bizkaia-gestamp\/wp-json\/wp\/v2\/posts\/7963","targetHints":{"allow":["GET"]}}],"collection":[{"href":"https:\/\/www.cgt-lkn.org\/bizkaia-gestamp\/wp-json\/wp\/v2\/posts"}],"about":[{"href":"https:\/\/www.cgt-lkn.org\/bizkaia-gestamp\/wp-json\/wp\/v2\/types\/post"}],"author":[{"embeddable":true,"href":"https:\/\/www.cgt-lkn.org\/bizkaia-gestamp\/wp-json\/wp\/v2\/users\/72"}],"replies":[{"embeddable":true,"href":"https:\/\/www.cgt-lkn.org\/bizkaia-gestamp\/wp-json\/wp\/v2\/comments?post=7963"}],"version-history":[{"count":2,"href":"https:\/\/www.cgt-lkn.org\/bizkaia-gestamp\/wp-json\/wp\/v2\/posts\/7963\/revisions"}],"predecessor-version":[{"id":7975,"href":"https:\/\/www.cgt-lkn.org\/bizkaia-gestamp\/wp-json\/wp\/v2\/posts\/7963\/revisions\/7975"}],"wp:featuredmedia":[{"embeddable":true,"href":"https:\/\/www.cgt-lkn.org\/bizkaia-gestamp\/wp-json\/wp\/v2\/media\/4774"}],"wp:attachment":[{"href":"https:\/\/www.cgt-lkn.org\/bizkaia-gestamp\/wp-json\/wp\/v2\/media?parent=7963"}],"wp:term":[{"taxonomy":"category","embeddable":true,"href":"https:\/\/www.cgt-lkn.org\/bizkaia-gestamp\/wp-json\/wp\/v2\/categories?post=7963"},{"taxonomy":"post_tag","embeddable":true,"href":"https:\/\/www.cgt-lkn.org\/bizkaia-gestamp\/wp-json\/wp\/v2\/tags?post=7963"}],"curies":[{"name":"wp","href":"https:\/\/api.w.org\/{rel}","templated":true}]}}