{"id":7950,"date":"2021-09-03T15:42:19","date_gmt":"2021-09-03T13:42:19","guid":{"rendered":"https:\/\/www.cgt-lkn.org\/bizkaia\/gestamp\/?p=7950"},"modified":"2021-09-07T10:15:17","modified_gmt":"2021-09-07T08:15:17","slug":"comunicado-reunion-comite-erte-semana-36","status":"publish","type":"post","link":"https:\/\/www.cgt-lkn.org\/bizkaia-gestamp\/2021\/09\/03\/comunicado-reunion-comite-erte-semana-36\/","title":{"rendered":"Comunicado, Reuni\u00f3n comit\u00e9 ERTE semana 36"},"content":{"rendered":"<p>Kaixo danori,<\/p>\n<p>Hoy, viernes 3 de septiembre, nos hemos reunido el comit\u00e9 y la direcci\u00f3n de Gestamp Bizkaia para tratar la afectaci\u00f3n en Gestamp de la parada de Mercedes para la pr\u00f3xima semana S36.<\/p>\n<p>Esta pr\u00f3xima parada de Mercedes, al igual que la actual, es provocada por la falta de semiconductores que van en los frenos seg\u00fan Mercedes.<\/p>\n<p>A lo largo de este viernes desde RRHH y v\u00eda n\u00f3mina electr\u00f3nica se enviaran, como en anteriores ocasiones, las afectaciones con ERTE de modo personalizado.<\/p>\n<p>Para la semana posterior a la pr\u00f3xima Mercedes traslada que contin\u00faa la incertidumbre.<\/p>\n<p>En UN3, a d\u00eda de hoy, se trabajar\u00e1 toda la pr\u00f3xima semana pero como existe la posibilidad de que se puedan parar algunos turnos el jueves y viernes la direcci\u00f3n nos traslada que el lunes 6 definir\u00e1n las posibles afectaciones de ERTE que se puedan producir.<\/p>\n<p>Tras el reciente vencimiento de algunos contratos eventuales la direcci\u00f3n de Gestamp Bizkaia traslada que la plantilla actual est\u00e1 dimensionada para una producci\u00f3n normal de Mercedes a 3 turnos y que, en el caso de que Mercedes confirme la activaci\u00f3n la producci\u00f3n de los s\u00e1bados de este a\u00f1o, como es previsible, en Gestamp Bizkaia se reincorporar\u00eda m\u00e1s personal. Desde el comit\u00e9 se le traslada a la direcci\u00f3n que personal actual en algunas instalaciones como L11 y L12 es demasiado escaso y que cualquier ausencia no prevista condiciona en exceso la planificaci\u00f3n, responden que lo valorar\u00e1n.<\/p>\n<p>Esta semana Mercedes ha decidido reducir su previsi\u00f3n de producci\u00f3n anual del 2021 a 134.561 furgonetas antes que trabajar m\u00e1s all\u00e1 del 17 de diciembre seg\u00fan los programas productivo que Mercedes traslada a Gestamp. Recordamos que la mayor\u00eda de los calendarios laborales de Gestamp Bizkaia est\u00e1n definidos como laborable hasta el 23 de diciembre.<\/p>\n<p>Por \u00faltimo, la direcci\u00f3n traslada al comit\u00e9 la necesidad de modificar el actual ERTE de Gestamp Bizkaia en una ampliaci\u00f3n de los 22 d\u00edas m\u00e1ximos posibles de afectaci\u00f3n de ERTE acordados hasta el 31 de diciembre. Por ahora ese nuevo n\u00famero de d\u00edas es indeterminado.<\/p>\n<p>Para concretar este aspecto y como queda la posible afectaci\u00f3n en Gestamp Bizkaia de d\u00edas de ERTE si nuestros clientes finalmente paran en S37 el comit\u00e9 ser\u00e1 emplazado a finales de la pr\u00f3xima semana.<\/p>\n<p>Salud.<\/p>\n","protected":false},"excerpt":{"rendered":"<p>La direcci\u00f3n traslada al comit\u00e9 la necesidad de modificar el actual ERTE de Gestamp Bizkaia en una ampliaci\u00f3n de los 22 d\u00edas m\u00e1ximos posibles de afectaci\u00f3n de ERTE acordados hasta el 31 de diciembre. Por ahora ese nuevo n\u00famero de d\u00edas es indeterminado.<\/p>\n","protected":false},"author":72,"featured_media":4774,"comment_status":"closed","ping_status":"open","sticky":false,"template":"","format":"standard","meta":{"footnotes":"","_links_to":"","_links_to_target":""},"categories":[7,13,79],"tags":[90,87,86,161,219],"class_list":["post-7950","post","type-post","status-publish","format-standard","has-post-thumbnail","hentry","category-comunicados","category-gestamp","category-gestamp-bizkaia","tag-cgt-lkn-informa","tag-comunicado","tag-erte","tag-mercedes","tag-semiconductores"],"publishpress_future_action":{"enabled":false,"date":"2026-05-04 12:31:54","action":"change-status","newStatus":"draft","terms":[],"taxonomy":"category","extraData":[]},"publishpress_future_workflow_manual_trigger":{"enabledWorkflows":[]},"_links":{"self":[{"href":"https:\/\/www.cgt-lkn.org\/bizkaia-gestamp\/wp-json\/wp\/v2\/posts\/7950","targetHints":{"allow":["GET"]}}],"collection":[{"href":"https:\/\/www.cgt-lkn.org\/bizkaia-gestamp\/wp-json\/wp\/v2\/posts"}],"about":[{"href":"https:\/\/www.cgt-lkn.org\/bizkaia-gestamp\/wp-json\/wp\/v2\/types\/post"}],"author":[{"embeddable":true,"href":"https:\/\/www.cgt-lkn.org\/bizkaia-gestamp\/wp-json\/wp\/v2\/users\/72"}],"replies":[{"embeddable":true,"href":"https:\/\/www.cgt-lkn.org\/bizkaia-gestamp\/wp-json\/wp\/v2\/comments?post=7950"}],"version-history":[{"count":1,"href":"https:\/\/www.cgt-lkn.org\/bizkaia-gestamp\/wp-json\/wp\/v2\/posts\/7950\/revisions"}],"predecessor-version":[{"id":7962,"href":"https:\/\/www.cgt-lkn.org\/bizkaia-gestamp\/wp-json\/wp\/v2\/posts\/7950\/revisions\/7962"}],"wp:featuredmedia":[{"embeddable":true,"href":"https:\/\/www.cgt-lkn.org\/bizkaia-gestamp\/wp-json\/wp\/v2\/media\/4774"}],"wp:attachment":[{"href":"https:\/\/www.cgt-lkn.org\/bizkaia-gestamp\/wp-json\/wp\/v2\/media?parent=7950"}],"wp:term":[{"taxonomy":"category","embeddable":true,"href":"https:\/\/www.cgt-lkn.org\/bizkaia-gestamp\/wp-json\/wp\/v2\/categories?post=7950"},{"taxonomy":"post_tag","embeddable":true,"href":"https:\/\/www.cgt-lkn.org\/bizkaia-gestamp\/wp-json\/wp\/v2\/tags?post=7950"}],"curies":[{"name":"wp","href":"https:\/\/api.w.org\/{rel}","templated":true}]}}