{"id":7942,"date":"2021-08-30T19:57:39","date_gmt":"2021-08-30T17:57:39","guid":{"rendered":"https:\/\/www.cgt-lkn.org\/bizkaia\/gestamp\/?p=7942"},"modified":"2021-08-30T19:57:39","modified_gmt":"2021-08-30T17:57:39","slug":"el-comite-informa-parada-mercedes-semana-35","status":"publish","type":"post","link":"https:\/\/www.cgt-lkn.org\/bizkaia-gestamp\/2021\/08\/30\/el-comite-informa-parada-mercedes-semana-35\/","title":{"rendered":"EL COMIT\u00c9 INFORMA  PARADA MERCEDES SEMANA 35"},"content":{"rendered":"<p>Hoy viernes 27 de agosto nos hemos reunido con la direcci\u00f3n para tratar como nos afecta la parada de Mercedes de la semana siguiente ( semana 35). Ayer jueves Mercedes confirmo al comit\u00e9 de Empresa y a los proveedores que paraba su producci\u00f3n la semana 35 por falta de semiconductores relacionados con el sistema de frenos. Sobre la semana 36 desde Mercedes dicen que no\u00a0 pueden asegurar nada ( lo dir\u00e1n el jueves pr\u00f3ximo) , pero comentan que est\u00e1n trabajando para conseguir abastecimiento de las citadas piezas para no tener que parar.\u00a0 Lo veremos la semana que viene.<\/p>\n<p>Parece ser que la falta de semiconductores tambi\u00e9n afecta a la producci\u00f3n de China, aunque estos en principio hablan de intentar recuperar esa p\u00e9rdida de producci\u00f3n m\u00e1s adelante.\u00a0 De igual manera nos comentan que durante 2 semanas han parado la petici\u00f3n de repuestos. Adem\u00e1s de todo ello , nos comenta la direcci\u00f3n que actualmente tenemos un nivel de stock bastante alto. Todo ello hace que no haya margen para mitigar el efecto de la parada de Mercedes Vitoria trabajando en otras \u201ctareas\u201d.<\/p>\n<p>Esta situaci\u00f3n hace que la semana 35 la mayor\u00eda de la plantilla se vea afectada por el ERTE ( hoy mismo comunicar\u00e1n al personal su afectaci\u00f3n ).\u00a0 Las l\u00edneas de caliente se ver\u00e1n menos afectadas.<\/p>\n<p>En cuanto al proceso de frio , trabajar\u00e1n algunas l\u00edneas , algunos pocos relevos , y estos vendr\u00e1n determinados no solo por la carga de trabajo residual que quede, sino por los relevos en que trabajen los 58 eventuales no incluidos en el ERTE y que por lo tanto no se pueden mandar al mismo.<\/p>\n<p>La mano de obra indirecta ( CV, metr\u00f3logos, log\u00edstica,..), trabajara o no en funci\u00f3n de la actividad productiva . en principio solo los operarios de chapister\u00eda, mantenimiento y utillajes ( no incluido garras )no ir\u00e1n al ERTE porque tienen tareas pendientes.<\/p>\n<p>La parada \u201cgeneral\u201d\u00a0 de ERTE empieza el domingo a la noche y termina el domingo tarde ambos incluidos.<\/p>\n<p>Desde Mercedes dicen que mantienen el programa de 138.161 veh\u00edculos y que estos d\u00edas perdidos los quieren recuperar en 5 s\u00e1bados a partir del 11 de septiembre.<\/p>\n<p>Las renovaciones de contratos de las semanas siguientes se har\u00e1n o no en funci\u00f3n de que se vayan aclarando las incertidumbres existentes.<\/p>\n<p>Lo que parece claro por desgracia es que el tema de la falta de semiconductores viene para largo, y habr\u00e1 que ver hasta donde se extienden sus consecuencias.<\/p>\n<p>Seguiremos informando<\/p>\n<p><strong>\u00a0\u00a0En Abadi\u00f1o a 27 de agosto de 2021<\/strong><\/p>\n<p>&nbsp;<\/p>\n<p><strong><u>KOMITEAK JAKINARAZTEN DU<\/u><\/strong><\/p>\n<ol start=\"35\">\n<li><strong><u> ASTEAKO MERCEDESEKO GELDIALDIA<\/u><\/strong><\/li>\n<\/ol>\n<p>Gaur ostirala, abuztuaren 27an, zuzendaritzarekin bildu gara hurrengo asteko (35. astea) Mercedeseko geldialdiak nola eragiten digun aztertzeko. Atzo, osteguna, Mercedesek adierazi zien Enpresa Batzordeari eta hornitzaileei ekoizpena 35. astean gelditzen zela, balazta-sistemarekin lotutako erdieroalerik ez zegoelako. 36. asteari buruz, Mercedesek esan du ezin dutela ezer ziurtatu (datorren ostegunean esango dute), baina esan du lanean ari direla pieza horien hornidura lortzeko, gelditu behar ez izateko. Datorren astean ikusiko dugu.<\/p>\n<p>Badirudi erdieroalerik ez egoteak Txinako ekoizpenari ere eragiten diola, nahiz eta horiek, hasiera batean, aurrerago ekoizpen-galera hori berreskuratzen saiatzea aipatzen duten. Era berean, esan digute 2 astez gelditu dutela ordezko piezen eskaera. Horrez guztiaz gain, zuzendaritzak esan digu gaur egun stock maila nahiko altua dugula. Horren guztiaren ondorioz, ez dago beste \u00abzeregin\u00bb batzuetan lan eginez Mercedes Vitoria enpresaren geldialdiaren eragina arintzeko tarterik.<\/p>\n<p>Egoera horren ondorioz, 35. astean langile gehienek jasango dute ERTEaren eragina (gaur bertan jakinaraziko diete langileei nola\u00a0 eragin dieten). Bero-lineak ez dira hain kaltetuak izango.<\/p>\n<p>Hotz-prozesuari dagokionez, lerro batzuetan lan egingo dute , txanda gutxi batzuk, eta horiek, geratzen den hondar lan-kargak ez ezik, ERTEn sartuta ez dauden eta, beraz, bertara bidali ezin diren aldi baterako 58 langileek lan egiten duten txandek ere zehaztuko dituzte.<\/p>\n<p>Zeharkako eskulanak (CV, metrologoak, logistika&#8230;) produkzio-jardueraren arabera lan egingo du edo ez. Hasiera batean, txapisteriako, mantentze-lanetako eta lanabesetako ( Garrak kontuan hartu gabe) langileak bakarrik ez dira ERTEra joango, egiteke baitituzte zereginak.<\/p>\n<p>ERTEaren geldialdi \u00aborokorra\u00bb igande gauean hasi eta igande arratsaldean amaituko da, biak barne.<\/p>\n<p>Mercedesetik esan dute 138.161 ibilgailuren programa mantentzen dutela eta galdutako egun horiek irailaren 11tik aurrera 5 larunbatetan berreskuratu nahi dituztela.<\/p>\n<p>Hurrengo asteetako kontratu-berritzeak dauden ziurgabetasunak argitzen diren ala ez kontuan hartuta egingo dira.<\/p>\n<p>Zoritxarrez, argi dagoena da erdieroalerik ezaren gaia luzerako datorrela, eta horren ondorioak noraino hedatzen diren ikusi beharko da.<\/p>\n<p>Informazioa ematen jarraituko dugu<\/p>\n<p>&nbsp;<\/p>\n<p><strong>Abadi\u00f1on, 2021eko abuztuaren 27an<\/strong><\/p>\n<p>&nbsp;<\/p>\n","protected":false},"excerpt":{"rendered":"<p>Esta situaci\u00f3n hace que la semana 35 la mayor\u00eda de la plantilla se vea afectada por el ERTE ( hoy mismo comunicar\u00e1n al personal su afectaci\u00f3n ).\u00a0 Las l\u00edneas de caliente se ver\u00e1n menos afectadas.<\/p>\n","protected":false},"author":72,"featured_media":6948,"comment_status":"closed","ping_status":"open","sticky":false,"template":"","format":"standard","meta":{"footnotes":"","_links_to":"","_links_to_target":""},"categories":[7,13,79],"tags":[117,87,86,219],"class_list":["post-7942","post","type-post","status-publish","format-standard","has-post-thumbnail","hentry","category-comunicados","category-gestamp","category-gestamp-bizkaia","tag-comite","tag-comunicado","tag-erte","tag-semiconductores"],"publishpress_future_action":{"enabled":false,"date":"2026-05-04 12:16:55","action":"change-status","newStatus":"draft","terms":[],"taxonomy":"category","extraData":[]},"publishpress_future_workflow_manual_trigger":{"enabledWorkflows":[]},"_links":{"self":[{"href":"https:\/\/www.cgt-lkn.org\/bizkaia-gestamp\/wp-json\/wp\/v2\/posts\/7942","targetHints":{"allow":["GET"]}}],"collection":[{"href":"https:\/\/www.cgt-lkn.org\/bizkaia-gestamp\/wp-json\/wp\/v2\/posts"}],"about":[{"href":"https:\/\/www.cgt-lkn.org\/bizkaia-gestamp\/wp-json\/wp\/v2\/types\/post"}],"author":[{"embeddable":true,"href":"https:\/\/www.cgt-lkn.org\/bizkaia-gestamp\/wp-json\/wp\/v2\/users\/72"}],"replies":[{"embeddable":true,"href":"https:\/\/www.cgt-lkn.org\/bizkaia-gestamp\/wp-json\/wp\/v2\/comments?post=7942"}],"version-history":[{"count":0,"href":"https:\/\/www.cgt-lkn.org\/bizkaia-gestamp\/wp-json\/wp\/v2\/posts\/7942\/revisions"}],"wp:featuredmedia":[{"embeddable":true,"href":"https:\/\/www.cgt-lkn.org\/bizkaia-gestamp\/wp-json\/wp\/v2\/media\/6948"}],"wp:attachment":[{"href":"https:\/\/www.cgt-lkn.org\/bizkaia-gestamp\/wp-json\/wp\/v2\/media?parent=7942"}],"wp:term":[{"taxonomy":"category","embeddable":true,"href":"https:\/\/www.cgt-lkn.org\/bizkaia-gestamp\/wp-json\/wp\/v2\/categories?post=7942"},{"taxonomy":"post_tag","embeddable":true,"href":"https:\/\/www.cgt-lkn.org\/bizkaia-gestamp\/wp-json\/wp\/v2\/tags?post=7942"}],"curies":[{"name":"wp","href":"https:\/\/api.w.org\/{rel}","templated":true}]}}