{"id":7941,"date":"2021-08-27T13:37:12","date_gmt":"2021-08-27T11:37:12","guid":{"rendered":"https:\/\/www.cgt-lkn.org\/bizkaia\/gestamp\/?p=7941"},"modified":"2021-09-07T10:14:33","modified_gmt":"2021-09-07T08:14:33","slug":"resumen-reunion-erte-semiconductores-parada-del-30-agosto-a-3-septiembre","status":"publish","type":"post","link":"https:\/\/www.cgt-lkn.org\/bizkaia-gestamp\/2021\/08\/27\/resumen-reunion-erte-semiconductores-parada-del-30-agosto-a-3-septiembre\/","title":{"rendered":"Resumen Reuni\u00f3n ERTE semiconductores: Parada del 30 agosto a 3 septiembre"},"content":{"rendered":"<p>Kaixo danori!<\/p>\n<p>Hoy a la ma\u00f1ana hemos tenido reuni\u00f3n con la empresa para que nos expliquen la afectaci\u00f3n de la parada de Mercedes Gasteiz de la semana que viene.<\/p>\n<p>Seg\u00fan dice Mercedes la falta de componentes de esta parada est\u00e1 ligada a <strong>semiconductores que van en los frenos<\/strong>. Que nos creamos o no est\u00e1 versi\u00f3n es algo casi personal.<\/p>\n<p><strong>En las pr\u00f3ximas horas en la n\u00f3mina electr\u00f3nica tendremos que mirar cada persona para saber si trabajamos o no.<\/strong><\/p>\n<p><strong>En UN-3 no habr\u00e1 parada<\/strong> pero en las dem\u00e1s unidades que tienen a Mercedes como principal cliente si.<\/p>\n<p>Gestamp dice que <strong>la situaci\u00f3n de stocks es bastante buena<\/strong> en estos momentos y que la necesidad de producir es inferior a anteriores afectaciones. La producci\u00f3n de piezas para China tambi\u00e9n se puede ver afectada y ha habido una parada en la recepci\u00f3n de recambios de 2 semanas con lo que no hay devoluci\u00f3n de cestones.<\/p>\n<p>Para la semana del 6 de septiembre Mercedes Gasteiz espera poder producir aunque tienen dudas al respecto. La semana que viene si no comunica nada a los proveedores querr\u00e1 decir que trabajar\u00e1 normal.<\/p>\n<p><strong>El programa<\/strong> productivo de Gasteiz <strong>est\u00e1 en 138.161<\/strong> veh\u00edculos en estos momentos. En principio si hubiera m\u00e1s paradas ya no se podr\u00eda recuperar la producci\u00f3n perdida.<br \/>\nPero si ha componentes Mercedes recuperar\u00e1 lo perdido en s\u00e1bados.<\/p>\n<p><strong>Hemos solicitado que se nos de el saldo de horas personal<\/strong> a cada persona y hemos criticado que llevamos mucho tiempo sin saberlo. Para mediados de septiembre se nos dar\u00e1.<\/p>\n<p>La situaci\u00f3n de las personas <strong>eventuales<\/strong> que acaban contrato en las pr\u00f3ximas fechas depender\u00e1 de si Mercedes trabaja a partir del 6 de septiembre.<\/p>\n<p>La situaci\u00f3n es de extremos, Mercedes para ahora una semana entera y despu\u00e9s puede que trabaje a tope.<\/p>\n<p>Salud<\/p>\n","protected":false},"excerpt":{"rendered":"<p>Seg\u00fan dice Mercedes la falta de componentes de esta parada est\u00e1 ligada a semiconductores que van en los frenos. Que nos creamos o no est\u00e1 versi\u00f3n es algo casi personal.<\/p>\n<p>En las pr\u00f3ximas horas en la n\u00f3mina electr\u00f3nica tendremos que mirar cada persona para saber si trabajamos o no.<\/p>\n","protected":false},"author":72,"featured_media":4774,"comment_status":"closed","ping_status":"open","sticky":false,"template":"","format":"standard","meta":{"footnotes":"","_links_to":"","_links_to_target":""},"categories":[7,13,79,27],"tags":[90,87,86,219],"class_list":["post-7941","post","type-post","status-publish","format-standard","has-post-thumbnail","hentry","category-comunicados","category-gestamp","category-gestamp-bizkaia","category-sindical","tag-cgt-lkn-informa","tag-comunicado","tag-erte","tag-semiconductores"],"publishpress_future_action":{"enabled":false,"date":"2026-05-04 12:26:21","action":"change-status","newStatus":"draft","terms":[],"taxonomy":"category","extraData":[]},"publishpress_future_workflow_manual_trigger":{"enabledWorkflows":[]},"_links":{"self":[{"href":"https:\/\/www.cgt-lkn.org\/bizkaia-gestamp\/wp-json\/wp\/v2\/posts\/7941","targetHints":{"allow":["GET"]}}],"collection":[{"href":"https:\/\/www.cgt-lkn.org\/bizkaia-gestamp\/wp-json\/wp\/v2\/posts"}],"about":[{"href":"https:\/\/www.cgt-lkn.org\/bizkaia-gestamp\/wp-json\/wp\/v2\/types\/post"}],"author":[{"embeddable":true,"href":"https:\/\/www.cgt-lkn.org\/bizkaia-gestamp\/wp-json\/wp\/v2\/users\/72"}],"replies":[{"embeddable":true,"href":"https:\/\/www.cgt-lkn.org\/bizkaia-gestamp\/wp-json\/wp\/v2\/comments?post=7941"}],"version-history":[{"count":1,"href":"https:\/\/www.cgt-lkn.org\/bizkaia-gestamp\/wp-json\/wp\/v2\/posts\/7941\/revisions"}],"predecessor-version":[{"id":7961,"href":"https:\/\/www.cgt-lkn.org\/bizkaia-gestamp\/wp-json\/wp\/v2\/posts\/7941\/revisions\/7961"}],"wp:featuredmedia":[{"embeddable":true,"href":"https:\/\/www.cgt-lkn.org\/bizkaia-gestamp\/wp-json\/wp\/v2\/media\/4774"}],"wp:attachment":[{"href":"https:\/\/www.cgt-lkn.org\/bizkaia-gestamp\/wp-json\/wp\/v2\/media?parent=7941"}],"wp:term":[{"taxonomy":"category","embeddable":true,"href":"https:\/\/www.cgt-lkn.org\/bizkaia-gestamp\/wp-json\/wp\/v2\/categories?post=7941"},{"taxonomy":"post_tag","embeddable":true,"href":"https:\/\/www.cgt-lkn.org\/bizkaia-gestamp\/wp-json\/wp\/v2\/tags?post=7941"}],"curies":[{"name":"wp","href":"https:\/\/api.w.org\/{rel}","templated":true}]}}