{"id":7931,"date":"2021-07-26T15:22:41","date_gmt":"2021-07-26T13:22:41","guid":{"rendered":"https:\/\/www.cgt-lkn.org\/bizkaia\/gestamp\/?p=7931"},"modified":"2021-09-07T10:11:56","modified_gmt":"2021-09-07T08:11:56","slug":"reunion-comite-erte-semiconductores-26-julio","status":"publish","type":"post","link":"https:\/\/www.cgt-lkn.org\/bizkaia-gestamp\/2021\/07\/26\/reunion-comite-erte-semiconductores-26-julio\/","title":{"rendered":"Reuni\u00f3n comit\u00e9 ERTE Semiconductores 26 Julio"},"content":{"rendered":"<p>Kaixo danori!<br \/>\nHoy lunes 26 de julio la direcci\u00f3n de Gestamp Bizkaia nos ha reunido al comit\u00e9 de empresa para informar sobre la afectaci\u00f3n de las paradas de Mercedes Gasteiz del pr\u00f3ximo jueves 29 y viernes 30 de julio.<\/p>\n<p><a href=\"https:\/\/www.cgt-lkn.org\/wp-content\/uploads\/sites\/20\/2021\/01\/No-eres-una-marioneta-afiliate-CGT.png\"><img loading=\"lazy\" decoding=\"async\" class=\"aligncenter size-full wp-image-7480\" src=\"https:\/\/www.cgt-lkn.org\/wp-content\/uploads\/sites\/20\/2021\/01\/No-eres-una-marioneta-afiliate-CGT.png\" alt=\"\" width=\"290\" height=\"174\" \/><\/a><br \/>\nLa empresa ha planteado que la afectaci\u00f3n de la parada en Gestamp Bizkaia vaya a ser por lo general de 2 d\u00edas igual que Mercedes. Argumentan que la situaci\u00f3n de Stocks es buena y que por eso se ha optado por parar dos d\u00edas. Como en anteriores afectaciones de paradas hay excepciones como Dobles Traseras, Chapister\u00edas o Port\u00f3n (que para menos con personal eventual).<\/p>\n<p>En las pr\u00f3ximas horas la empresa comunicar\u00e1 mediante el programa de nominas electr\u00f3nicas las listas de personas afectadas como en anteriores ocasiones.<br \/>\nMercedes Gasteiz ha comunicado la intenci\u00f3n de arrancar sus instalaciones con normalidad el lunes 23 de agosto. Se sigue manteniendo la cifra de producci\u00f3n prevista en 141.000 furgonetas. La perdida de producci\u00f3n que se da en las paradas de esta semana se intentara recuperar con la activaci\u00f3n de s\u00e1bados en septiembre y los s\u00e1bados de octubre y noviembre tambi\u00e9n est\u00e1n activados. Hay pendiente de confirmaci\u00f3n un pedido de 1000 furgonetas adicionales para China.<\/p>\n<p>Ya se ver\u00e1 en los pr\u00f3ximos meses si la situaci\u00f3n de falta de suministros queda zanjada o no. Por ahora lo \u00fanico que podemos deducir es que no es un problema de falta de pedidos de la VS20.<\/p>\n<p>En estos momentos hay 151 personas con contrato eventual en Gestamp Bizkaia y la mayor\u00eda de ell@s finalizan contrato esta semana. Se le ha solicitado a la empresa que avise cuanto antes de c\u00f3mo estar\u00e1n a partir de la segunda quincena de agosto. La empresa ha dicho que entre esta semana y la que viene lo har\u00e1n.<\/p>\n<p>Importante: Si la intenci\u00f3n de la gente es elegir la misma opci\u00f3n que la anterior vez que hemos sido afectados (Opci\u00f3n-1 Disfrute de horas, Opci\u00f3n-2 ERTE sin cobrar prestaci\u00f3n y Opci\u00f3n-3 ERTE cobrando prestaci\u00f3n) no hace falta comunicar nada en el sistema de n\u00f3mina electr\u00f3nica. En caso contrario si hace falta.<\/p>\n<p>Salud<\/p>\n","protected":false},"excerpt":{"rendered":"<p><strong>Importante:<\/strong> Si la intenci\u00f3n de la gente es elegir la misma opci\u00f3n que la anterior vez que hemos sido afectados (Opci\u00f3n-1 Disfrute de horas, Opci\u00f3n-2 ERTE sin cobrar prestaci\u00f3n y Opci\u00f3n-3 ERTE cobrando prestaci\u00f3n) no hace falta comunicar nada en el sistema de n\u00f3mina electr\u00f3nica. En caso contrario si hace falta.<\/p>\n","protected":false},"author":72,"featured_media":4774,"comment_status":"closed","ping_status":"open","sticky":false,"template":"","format":"standard","meta":{"footnotes":"","_links_to":"","_links_to_target":""},"categories":[7,13,79],"tags":[87,86,219],"class_list":["post-7931","post","type-post","status-publish","format-standard","has-post-thumbnail","hentry","category-comunicados","category-gestamp","category-gestamp-bizkaia","tag-comunicado","tag-erte","tag-semiconductores"],"publishpress_future_action":{"enabled":false,"date":"2026-05-07 08:19:26","action":"change-status","newStatus":"draft","terms":[],"taxonomy":"category","extraData":[]},"publishpress_future_workflow_manual_trigger":{"enabledWorkflows":[]},"_links":{"self":[{"href":"https:\/\/www.cgt-lkn.org\/bizkaia-gestamp\/wp-json\/wp\/v2\/posts\/7931","targetHints":{"allow":["GET"]}}],"collection":[{"href":"https:\/\/www.cgt-lkn.org\/bizkaia-gestamp\/wp-json\/wp\/v2\/posts"}],"about":[{"href":"https:\/\/www.cgt-lkn.org\/bizkaia-gestamp\/wp-json\/wp\/v2\/types\/post"}],"author":[{"embeddable":true,"href":"https:\/\/www.cgt-lkn.org\/bizkaia-gestamp\/wp-json\/wp\/v2\/users\/72"}],"replies":[{"embeddable":true,"href":"https:\/\/www.cgt-lkn.org\/bizkaia-gestamp\/wp-json\/wp\/v2\/comments?post=7931"}],"version-history":[{"count":1,"href":"https:\/\/www.cgt-lkn.org\/bizkaia-gestamp\/wp-json\/wp\/v2\/posts\/7931\/revisions"}],"predecessor-version":[{"id":7958,"href":"https:\/\/www.cgt-lkn.org\/bizkaia-gestamp\/wp-json\/wp\/v2\/posts\/7931\/revisions\/7958"}],"wp:featuredmedia":[{"embeddable":true,"href":"https:\/\/www.cgt-lkn.org\/bizkaia-gestamp\/wp-json\/wp\/v2\/media\/4774"}],"wp:attachment":[{"href":"https:\/\/www.cgt-lkn.org\/bizkaia-gestamp\/wp-json\/wp\/v2\/media?parent=7931"}],"wp:term":[{"taxonomy":"category","embeddable":true,"href":"https:\/\/www.cgt-lkn.org\/bizkaia-gestamp\/wp-json\/wp\/v2\/categories?post=7931"},{"taxonomy":"post_tag","embeddable":true,"href":"https:\/\/www.cgt-lkn.org\/bizkaia-gestamp\/wp-json\/wp\/v2\/tags?post=7931"}],"curies":[{"name":"wp","href":"https:\/\/api.w.org\/{rel}","templated":true}]}}