{"id":7904,"date":"2021-06-18T13:34:43","date_gmt":"2021-06-18T11:34:43","guid":{"rendered":"https:\/\/www.cgt-lkn.org\/bizkaia\/gestamp\/?p=7904"},"modified":"2021-06-19T15:58:42","modified_gmt":"2021-06-19T13:58:42","slug":"reunion-comite-y-direccion-de-gestamp-bizkaia-18-6-2021-erte-semana-26-por-paradas-en-mercedes-y-volkswagen","status":"publish","type":"post","link":"https:\/\/www.cgt-lkn.org\/bizkaia-gestamp\/2021\/06\/18\/reunion-comite-y-direccion-de-gestamp-bizkaia-18-6-2021-erte-semana-26-por-paradas-en-mercedes-y-volkswagen\/","title":{"rendered":"REUNI\u00d3N COMIT\u00c9 Y DIRECCI\u00d3N DE GESTAMP BIZKAIA 18-6-2021.  ERTE SEMANA 26 POR PARADAS EN MERCEDES Y VOLKSWAGEN."},"content":{"rendered":"<p>Kaixo desde CGT-LKN!<\/p>\n<p>En la reuni\u00f3n \u00a0de hoy del comit\u00e9 con la direcci\u00f3n de Gestamp Bizkaia se ha tratado la afectaci\u00f3n del ERTE provocado por la parada de Mercedes para toda la semana pr\u00f3xima S25 y \u00a0la parada de Volkswagen, entre otras paradas de clientes, para\u00a0 el pr\u00f3ximo lunes y martes.<\/p>\n<p>La direcci\u00f3n traslada la afectaci\u00f3n de turnos de parada en cada instalaci\u00f3n junto con los turnos \u00a0que es necesario trabajar la pr\u00f3xima semana, de esa afectaci\u00f3n resultan las personas de producci\u00f3n y de departamentos asociados que pararan o trabajaran y en que relevos lo har\u00e1n.<\/p>\n<p>En breve RRHH enviar\u00e1, mediante n\u00f3mina electr\u00f3nica, el listado de personal afectado por las paradas citadas as\u00ed como la solicitud de indicaci\u00f3n por parte de cada persona afectada de la opci\u00f3n a elegir entre las 3 posibles (disfrutar horas de libre disposici\u00f3n, ERTE sin cobrar prestaci\u00f3n o ERTE cobrando prestaci\u00f3n) como ya se hizo con la anterior parada del 25-5-21.<\/p>\n<p>Por otra parte, desde la direcci\u00f3n se nos traslada que desde Mercedes tienen planificada la producci\u00f3n normal para la siguiente semana S26 a la de la parada aunque, con la alta incertidumbre que se percibe, desde Gestamp Bizkaia se estar\u00e1 a lo que se decida en la reuni\u00f3n de Mercedes del pr\u00f3ximo jueves en la que se trasladar\u00e1 la planificaci\u00f3n de dicha semana.<\/p>\n<p>La afectaci\u00f3n de paradas por instalaciones de la semana que viene (S25):<\/p>\n<p style=\"text-align: center\"><strong>UN-1:<\/strong><\/p>\n<p><strong>L-11<\/strong> La instalaci\u00f3n trabajar\u00e1 12 relevos la semana que viene y estar\u00e1 parada desde el domingo noche al martes noche. Hay tres equipos afectados\u00a0 por 2 d\u00edas de parada y un equipo afectado por 1 d\u00eda (martes ma\u00f1ana equipo 3).<\/p>\n<p><strong>L-12<\/strong> La instalaci\u00f3n trabajar\u00e1 8 relevos y estar\u00e1 parada como la L-11 m\u00e1s el fin de semana desde el viernes a la noche al domingo tarde.<\/p>\n<p>Los <strong>montadores<\/strong> pararan lo mismo que L-11.<\/p>\n<p style=\"text-align: center\"><strong>UN-2:<\/strong><\/p>\n<p><strong>L-1<\/strong> trabajar\u00e1 5 relevos de ma\u00f1ana y parara de 4 de tarde.<\/p>\n<p><strong>L-6<\/strong> trabajar\u00e1 4 relevos de tarde y parara 5 relevos de ma\u00f1ana.<\/p>\n<p><strong>L-10<\/strong> trabajar\u00e1 5 relevos de ma\u00f1ana. Parara de tarde y de noche.<\/p>\n<p><strong>TF-1<\/strong> trabajar\u00e1 lunes y martes de ma\u00f1ana. Parara el relevo de tarde 4 d\u00edas y el de ma\u00f1ana 3.<\/p>\n<p><strong>TF-2<\/strong> trabajar\u00e1 5 turnos de tarde y parara 4 noches y 5 ma\u00f1anas.<\/p>\n<p style=\"text-align: center\"><strong>UN-3<\/strong><\/p>\n<p><strong>HS-01<\/strong> trabajar\u00e1 3 relevos y parara 3 ma\u00f1anas, 4 tardes.<\/p>\n<p><strong>HS-02<\/strong> trabajar\u00e1 6 relevos y parara 2 noches, 3 ma\u00f1anas y 3 tardes.<\/p>\n<p><strong>HS-03<\/strong> trabajar\u00e1 10 relevos. Parara desde el domingo a la noche al mi\u00e9rcoles a la tarde (ambos incluidos).<\/p>\n<p><strong>CL trabajar\u00e1 3 relevos.<\/strong> Y parara 3 ma\u00f1anas y 3 tardes.<\/p>\n<p style=\"text-align: center\"><strong>UN-4\/5<\/strong><\/p>\n<p><strong>Corredera 1<\/strong> trabajar\u00e1 5 ma\u00f1anas y parara 5 tardes y 4 noches.<\/p>\n<p><strong>Corredera 2<\/strong> trabajar\u00e1 5 tardes y parara 5 ma\u00f1anas y 4 noches.<\/p>\n<p>Port\u00f3n trabajar\u00e1 normal a 4turnos y no se ver\u00e1 afectado.<\/p>\n<p>Las instalaciones de <strong>VDD, VDI, CAE, DT y Aleta<\/strong> estar\u00e1n paradas toda la semana que viene.<\/p>\n<p>Aletas si es afectado pero <strong>TC-1<\/strong> trabajar\u00e1 normal a 3 turnos y <strong>no se ver\u00e1 afectad<\/strong>o. C\u00f3mo afecta a las personas no se ha aclarado. <strong>TC-2 trabajar\u00e1 de ma\u00f1ana<\/strong> y no de tarde, ni de noche.\u00a0 VF trabajar\u00e1 normal y no se ver\u00e1 afectado.<\/p>\n<p><strong>MP1<\/strong> trabajar\u00e1 5 ma\u00f1anas y 2 tardes. Estar\u00e1 parada 4 noches y 3 tardes.<\/p>\n<p><strong>Encastrado<\/strong> 1 trabajar\u00e1 5 ma\u00f1anas y parara 4 tardes.<\/p>\n<p><strong>Encastrado 2<\/strong> trabajar\u00e1 a al 4\u00ba turno normal.<\/p>\n<p><strong>Mantenimiento y utillajes:<\/strong> el personal a turnos de estos departamentos no se ver\u00e1 afectado por la parada.<\/p>\n<p><strong>Troqueler\u00eda:<\/strong> Se ver\u00e1n afectados seg\u00fan la instalaci\u00f3n que atiendan.<\/p>\n<p>Salud<\/p>\n","protected":false},"excerpt":{"rendered":"<p>En la reuni\u00f3n \u00a0de hoy del comit\u00e9 con la direcci\u00f3n de Gestamp Bizkaia se ha tratado la afectaci\u00f3n del ERTE provocado por la parada de Mercedes para toda la semana pr\u00f3xima S25 y \u00a0la parada de Volkswagen, entre otras paradas de clientes, para\u00a0 el pr\u00f3ximo lunes y martes.<\/p>\n","protected":false},"author":72,"featured_media":4774,"comment_status":"closed","ping_status":"open","sticky":false,"template":"","format":"standard","meta":{"footnotes":"","_links_to":"","_links_to_target":""},"categories":[7,13,79,43,23,27],"tags":[90,87,86,219],"class_list":["post-7904","post","type-post","status-publish","format-standard","has-post-thumbnail","hentry","category-comunicados","category-gestamp","category-gestamp-bizkaia","category-otras-publicaciones","category-publicaciones","category-sindical","tag-cgt-lkn-informa","tag-comunicado","tag-erte","tag-semiconductores"],"publishpress_future_action":{"enabled":false,"date":"2026-05-04 12:12:06","action":"change-status","newStatus":"draft","terms":[],"taxonomy":"category","extraData":[]},"publishpress_future_workflow_manual_trigger":{"enabledWorkflows":[]},"_links":{"self":[{"href":"https:\/\/www.cgt-lkn.org\/bizkaia-gestamp\/wp-json\/wp\/v2\/posts\/7904","targetHints":{"allow":["GET"]}}],"collection":[{"href":"https:\/\/www.cgt-lkn.org\/bizkaia-gestamp\/wp-json\/wp\/v2\/posts"}],"about":[{"href":"https:\/\/www.cgt-lkn.org\/bizkaia-gestamp\/wp-json\/wp\/v2\/types\/post"}],"author":[{"embeddable":true,"href":"https:\/\/www.cgt-lkn.org\/bizkaia-gestamp\/wp-json\/wp\/v2\/users\/72"}],"replies":[{"embeddable":true,"href":"https:\/\/www.cgt-lkn.org\/bizkaia-gestamp\/wp-json\/wp\/v2\/comments?post=7904"}],"version-history":[{"count":1,"href":"https:\/\/www.cgt-lkn.org\/bizkaia-gestamp\/wp-json\/wp\/v2\/posts\/7904\/revisions"}],"predecessor-version":[{"id":7909,"href":"https:\/\/www.cgt-lkn.org\/bizkaia-gestamp\/wp-json\/wp\/v2\/posts\/7904\/revisions\/7909"}],"wp:featuredmedia":[{"embeddable":true,"href":"https:\/\/www.cgt-lkn.org\/bizkaia-gestamp\/wp-json\/wp\/v2\/media\/4774"}],"wp:attachment":[{"href":"https:\/\/www.cgt-lkn.org\/bizkaia-gestamp\/wp-json\/wp\/v2\/media?parent=7904"}],"wp:term":[{"taxonomy":"category","embeddable":true,"href":"https:\/\/www.cgt-lkn.org\/bizkaia-gestamp\/wp-json\/wp\/v2\/categories?post=7904"},{"taxonomy":"post_tag","embeddable":true,"href":"https:\/\/www.cgt-lkn.org\/bizkaia-gestamp\/wp-json\/wp\/v2\/tags?post=7904"}],"curies":[{"name":"wp","href":"https:\/\/api.w.org\/{rel}","templated":true}]}}