{"id":7887,"date":"2021-06-11T13:04:08","date_gmt":"2021-06-11T11:04:08","guid":{"rendered":"https:\/\/www.cgt-lkn.org\/bizkaia\/gestamp\/?p=7887"},"modified":"2021-09-17T11:05:29","modified_gmt":"2021-09-17T09:05:29","slug":"cgest%e2%93%90-mp-no63-la-tormenta-perfecta","status":"publish","type":"post","link":"https:\/\/www.cgt-lkn.org\/bizkaia-gestamp\/2021\/06\/11\/cgest%e2%93%90-mp-no63-la-tormenta-perfecta\/","title":{"rendered":"CGesT\u24b6 mp N\u00ba63: \u00a1 La tormenta perfecta!"},"content":{"rendered":"<h3 style=\"text-align: center\">LEER en PDF: <a href=\"https:\/\/www.cgt-lkn.org\/wp-content\/uploads\/sites\/20\/2021\/06\/Fanzine-CGT-Gestamp-N-63-Junio-2021.pdf\" target=\"_blank\" rel=\"noopener\">Fanzine CGT Gestamp N 63 Junio 2021<\/a><\/h3>\n<p>&nbsp;<\/p>\n<p><a href=\"https:\/\/www.cgt-lkn.org\/wp-content\/uploads\/sites\/20\/2021\/06\/Fanzine-CGT-Gestamp-N-63-Junio-2021.pdf\" target=\"_blank\" rel=\"noopener\"><img loading=\"lazy\" decoding=\"async\" class=\"aligncenter size-full wp-image-7890\" src=\"https:\/\/www.cgt-lkn.org\/wp-content\/uploads\/sites\/20\/2021\/06\/Kaixo-CGt-gestamp.jpg\" alt=\"\" width=\"561\" height=\"800\" srcset=\"https:\/\/www.cgt-lkn.org\/bizkaia-gestamp\/wp-content\/uploads\/sites\/20\/2021\/06\/Kaixo-CGt-gestamp.jpg 561w, https:\/\/www.cgt-lkn.org\/bizkaia-gestamp\/wp-content\/uploads\/sites\/20\/2021\/06\/Kaixo-CGt-gestamp-210x300.jpg 210w\" sizes=\"auto, (max-width: 561px) 100vw, 561px\" \/><\/a><\/p>\n<p style=\"text-align: center\"><a href=\"https:\/\/www.cgt-lkn.org\/wp-content\/uploads\/sites\/20\/2021\/06\/Fanzine-CGT-Gestamp-N-63-Junio-2021.pdf\" target=\"_blank\" rel=\"noopener\"><strong>Continuar leyendo<\/strong><\/a><\/p>\n","protected":false},"excerpt":{"rendered":"<p>En estos tiempos convulsos de pandemia que estamos viviendo, donde en los medios de comunicaci\u00f3n vemos diariamente hablar de un nuevo s\u00edndrome entre la poblaci\u00f3n llamado Fatiga Pand\u00e9mica, llega el periodo veraniego a Gestanca. \u00bfCu\u00e1l es la visi\u00f3n objetiva de c\u00f3mo est\u00e1n las cosas? \u00bfSe puede hacer un an\u00e1lisis sin ser parte interesada en el tema?<\/p>\n","protected":false},"author":72,"featured_media":7888,"comment_status":"closed","ping_status":"open","sticky":false,"template":"","format":"standard","meta":{"footnotes":"","_links_to":"","_links_to_target":""},"categories":[30,7,33,13,79,23,27],"tags":[115,119,90,118,120],"class_list":["post-7887","post","type-post","status-publish","format-standard","has-post-thumbnail","hentry","category-accion-directa","category-comunicados","category-cgestamp","category-gestamp","category-gestamp-bizkaia","category-publicaciones","category-sindical","tag-cgttusindicato","tag-cgest-mp","tag-cgt-lkn-informa","tag-fanzine","tag-publicaciones"],"publishpress_future_action":{"enabled":false,"date":"2026-05-04 14:11:46","action":"change-status","newStatus":"draft","terms":[],"taxonomy":"category","extraData":[]},"publishpress_future_workflow_manual_trigger":{"enabledWorkflows":[]},"_links":{"self":[{"href":"https:\/\/www.cgt-lkn.org\/bizkaia-gestamp\/wp-json\/wp\/v2\/posts\/7887","targetHints":{"allow":["GET"]}}],"collection":[{"href":"https:\/\/www.cgt-lkn.org\/bizkaia-gestamp\/wp-json\/wp\/v2\/posts"}],"about":[{"href":"https:\/\/www.cgt-lkn.org\/bizkaia-gestamp\/wp-json\/wp\/v2\/types\/post"}],"author":[{"embeddable":true,"href":"https:\/\/www.cgt-lkn.org\/bizkaia-gestamp\/wp-json\/wp\/v2\/users\/72"}],"replies":[{"embeddable":true,"href":"https:\/\/www.cgt-lkn.org\/bizkaia-gestamp\/wp-json\/wp\/v2\/comments?post=7887"}],"version-history":[{"count":4,"href":"https:\/\/www.cgt-lkn.org\/bizkaia-gestamp\/wp-json\/wp\/v2\/posts\/7887\/revisions"}],"predecessor-version":[{"id":7976,"href":"https:\/\/www.cgt-lkn.org\/bizkaia-gestamp\/wp-json\/wp\/v2\/posts\/7887\/revisions\/7976"}],"wp:featuredmedia":[{"embeddable":true,"href":"https:\/\/www.cgt-lkn.org\/bizkaia-gestamp\/wp-json\/wp\/v2\/media\/7888"}],"wp:attachment":[{"href":"https:\/\/www.cgt-lkn.org\/bizkaia-gestamp\/wp-json\/wp\/v2\/media?parent=7887"}],"wp:term":[{"taxonomy":"category","embeddable":true,"href":"https:\/\/www.cgt-lkn.org\/bizkaia-gestamp\/wp-json\/wp\/v2\/categories?post=7887"},{"taxonomy":"post_tag","embeddable":true,"href":"https:\/\/www.cgt-lkn.org\/bizkaia-gestamp\/wp-json\/wp\/v2\/tags?post=7887"}],"curies":[{"name":"wp","href":"https:\/\/api.w.org\/{rel}","templated":true}]}}