{"id":7865,"date":"2021-05-13T08:43:24","date_gmt":"2021-05-13T06:43:24","guid":{"rendered":"https:\/\/www.cgt-lkn.org\/bizkaia\/gestamp\/?p=7865"},"modified":"2021-05-13T08:43:24","modified_gmt":"2021-05-13T06:43:24","slug":"el-comite-informa-tubacex","status":"publish","type":"post","link":"https:\/\/www.cgt-lkn.org\/bizkaia-gestamp\/2021\/05\/13\/el-comite-informa-tubacex\/","title":{"rendered":"El comit\u00e9 informa: Tubacex"},"content":{"rendered":"<p>TUBACEX es una multinacional que se dedica fundamentalmente a la producci\u00f3n de tubos de acero inoxidable sin soldadura, adem\u00e1s de otros productos largos de acero inoxidable. Tiene varias plantas a lo largo y ancho de todo el mundo, y cientos de trabajadores y trabajadoras. Tubacex es un grupo que durante muchos a\u00f1os se ha beneficiado de todo tipo de ayudas p\u00fablicas. Es un grupo de empresas que est\u00e1 en beneficios.<\/p>\n<p>La semana pasada declar\u00f3 su intenci\u00f3n de adquirir una nueva empresa en Asia. Aun as\u00ed, recientemente han ejecutado el despido de 129 trabajadores y trabajadoras de las plantas de Laudio y Amurrio. El comit\u00e9 de empresa de Tubacex se ha mostrado dispuesto a acordar \u201cmedidas\u201d diferentes (un ERTE temporal con m\u00e1s afectaci\u00f3n, salidas voluntarias, prejubilaciones, \u2026) pero la direcci\u00f3n ha hecho o\u00eddos sordos a cualquier propuesta no traum\u00e1tica para la plantilla de Tubacex. Aunque los 129 compa\u00f1eros y compa\u00f1eras han sido despedidos, la plantilla de Tubacex sigue peleando por una soluci\u00f3n acordada que no hable de despidos, ni de destrucci\u00f3n de empleo.<\/p>\n<p>Por suerte cuentan con la implicaci\u00f3n de toda la comarca de Aiaraldea, la cual es consciente de que el problema del empleo, y del empleo de calidad no es un simplemente un \u201cproblema laboral\u201d sino de toda la sociedad.<\/p>\n<p><a href=\"https:\/\/www.cgt-lkn.org\/wp-content\/uploads\/sites\/20\/2020\/05\/comite-informa.jpg\"><img loading=\"lazy\" decoding=\"async\" class=\"aligncenter size-thumbnail wp-image-6948\" src=\"https:\/\/www.cgt-lkn.org\/wp-content\/uploads\/sites\/20\/2020\/05\/comite-informa-150x150.jpg\" alt=\"\" width=\"150\" height=\"150\" srcset=\"https:\/\/www.cgt-lkn.org\/bizkaia-gestamp\/wp-content\/uploads\/sites\/20\/2020\/05\/comite-informa-150x150.jpg 150w, https:\/\/www.cgt-lkn.org\/bizkaia-gestamp\/wp-content\/uploads\/sites\/20\/2020\/05\/comite-informa.jpg 224w\" sizes=\"auto, (max-width: 150px) 100vw, 150px\" \/><\/a><\/p>\n<p>Mientras los diferentes responsables pol\u00edticos callan, <strong>el 21 de mayo,<\/strong> <strong>LOS <\/strong><strong style=\"font-size: 1.0625rem\">TRABAJADORES Y TRABAJADORAS DE TUBACEX CUMPLIR\u00c1N 100 <\/strong><strong>DIAS DE<\/strong> <strong>HUELGA<\/strong>, dando una lecci\u00f3n de compromiso y coherencia. Pelean por sus compa\u00f1eros y compa\u00f1eras despedidas, por ellos y ellas, por sus familias, por el futuro de Aiaraldea, y por el mantenimiento del empleo industrial en Euskal Herria.<\/p>\n<p>Tenemos que tener claro que hoy es Tubacex y que visto c\u00f3mo se las gastan las multinacionales, ma\u00f1ana podemos ser cualquier empresa la que se encuentre en una situaci\u00f3n similar.<\/p>\n<p>Por ello, y como muestra de apoyo y solidaridad con la lucha que est\u00e1 llevando la plantilla de TUBACEX esta semana, impulsadas por los comit\u00e9s de empresa se llevar\u00e1n a cabo unas fotos masivas en algunas de las plantas industriales m\u00e1s grandes de Euskal Herria (Mercedes, Volkswagen, CAF, Sidenor,Pretronor, Michelin, &#8230;). En Bizkaia una de las plantas ser\u00e1 Gestamp Bizkaia.<\/p>\n<p><strong>\u00a0<\/strong><\/p>\n<p><strong>POR TODO ELLO OS LLAMAMOS A SECUNDAR LA CONVOCATORIA PARA LA FOTO MASIVA (SERA MUY CORTO ) QUE SE HAR\u00c1 EN APOYO A\u00a0 LA LUCHA DE TUBACEX, EL JUEVES 13 DE MAYO A LAS 13,45 AL LADO DE PORTER\u00cdA. <\/strong><\/p>\n<p><strong>\u00a0<\/strong><\/p>\n<p><strong>\u00a0<\/strong><strong>\u00a0\u00a0\u00a0\u00a0\u00a0\u00a0\u00a0\u00a0\u00a0 \u00a0\u00a0\u00a0\u00a0\u00a0\u00a0\u00a0\u00a0\u00a0 \u00a0\u00a0\u00a0\u00a0\u00a0\u00a0\u00a0\u00a0 \u00a0\u00a0\u00a0\u00a0\u00a0\u00a0\u00a0\u00a0 \u00a0\u00a0\u00a0\u00a0\u00a0\u00a0\u00a0\u00a0 \u00a0\u00a0\u00a0\u00a0\u00a0\u00a0\u00a0\u00a0 Abadi\u00f1on 2021eko maiatzaren 11an <\/strong><\/p>\n<p><strong>\u00a0<\/strong><\/p>\n<p><strong>\u00a0<\/strong><\/p>\n<p><strong>\u00a0<\/strong><\/p>\n<p><strong>\u00a0<\/strong><\/p>\n","protected":false},"excerpt":{"rendered":"<p><strong>OS LLAMAMOS A SECUNDAR LA CONVOCATORIA PARA LA FOTO MASIVA (SERA MUY CORTO ) QUE SE HAR\u00c1 EN APOYO A\u00a0 LA LUCHA DE TUBACEX, EL JUEVES 13 DE MAYO A LAS 13,45 AL LADO DE PORTER\u00cdA.<\/strong><\/p>\n","protected":false},"author":72,"featured_media":5867,"comment_status":"closed","ping_status":"open","sticky":false,"template":"","format":"standard","meta":{"footnotes":"","_links_to":"","_links_to_target":""},"categories":[30,7,79,163,17,27],"tags":[197,117,87,116,237],"class_list":["post-7865","post","type-post","status-publish","format-standard","has-post-thumbnail","hentry","category-accion-directa","category-comunicados","category-gestamp-bizkaia","category-movilizaciones-2","category-movilizaciones","category-sindical","tag-apoyo-mutuo","tag-comite","tag-comunicado","tag-movilizaciones","tag-tubacex"],"publishpress_future_action":{"enabled":false,"date":"2026-05-07 09:23:29","action":"change-status","newStatus":"draft","terms":[],"taxonomy":"category","extraData":[]},"publishpress_future_workflow_manual_trigger":{"enabledWorkflows":[]},"_links":{"self":[{"href":"https:\/\/www.cgt-lkn.org\/bizkaia-gestamp\/wp-json\/wp\/v2\/posts\/7865","targetHints":{"allow":["GET"]}}],"collection":[{"href":"https:\/\/www.cgt-lkn.org\/bizkaia-gestamp\/wp-json\/wp\/v2\/posts"}],"about":[{"href":"https:\/\/www.cgt-lkn.org\/bizkaia-gestamp\/wp-json\/wp\/v2\/types\/post"}],"author":[{"embeddable":true,"href":"https:\/\/www.cgt-lkn.org\/bizkaia-gestamp\/wp-json\/wp\/v2\/users\/72"}],"replies":[{"embeddable":true,"href":"https:\/\/www.cgt-lkn.org\/bizkaia-gestamp\/wp-json\/wp\/v2\/comments?post=7865"}],"version-history":[{"count":0,"href":"https:\/\/www.cgt-lkn.org\/bizkaia-gestamp\/wp-json\/wp\/v2\/posts\/7865\/revisions"}],"wp:featuredmedia":[{"embeddable":true,"href":"https:\/\/www.cgt-lkn.org\/bizkaia-gestamp\/wp-json\/wp\/v2\/media\/5867"}],"wp:attachment":[{"href":"https:\/\/www.cgt-lkn.org\/bizkaia-gestamp\/wp-json\/wp\/v2\/media?parent=7865"}],"wp:term":[{"taxonomy":"category","embeddable":true,"href":"https:\/\/www.cgt-lkn.org\/bizkaia-gestamp\/wp-json\/wp\/v2\/categories?post=7865"},{"taxonomy":"post_tag","embeddable":true,"href":"https:\/\/www.cgt-lkn.org\/bizkaia-gestamp\/wp-json\/wp\/v2\/tags?post=7865"}],"curies":[{"name":"wp","href":"https:\/\/api.w.org\/{rel}","templated":true}]}}