{"id":7837,"date":"2021-05-01T10:05:16","date_gmt":"2021-05-01T08:05:16","guid":{"rendered":"https:\/\/www.cgt-lkn.org\/bizkaia\/gestamp\/?p=7837"},"modified":"2021-05-09T09:31:11","modified_gmt":"2021-05-09T07:31:11","slug":"resumen-reunion-vacaciones","status":"publish","type":"post","link":"https:\/\/www.cgt-lkn.org\/bizkaia-gestamp\/2021\/05\/01\/resumen-reunion-vacaciones\/","title":{"rendered":"Resumen reunion Vacaciones"},"content":{"rendered":"<p style=\"text-align: center\"><strong><a href=\"https:\/\/www.cgt-lkn.org\/wp-content\/uploads\/sites\/20\/2021\/05\/Propuesta-vacaciones-2021_29.04.21_V2_presentada-COMITE-web-CGT.pdf\"><span style=\"color: #000000\">Propuesta vacaciones<\/span> 2021_29.04.21_V2_presentada COMITE web CGT<\/a><\/strong><\/p>\n<p>Kaixo danori!<\/p>\n<p>Ayer viernes 30 de abril tuvimos la primera reuni\u00f3n con la direcci\u00f3n de empresa para tratar las vacaciones de verano.<\/p>\n<p>En la primera quincena de julio habr\u00e1 gente que tenga que empezar a disfrutar las vacaciones y para que se cumplan los 2 meses de preaviso, para la semana que viene ya se sacar\u00e1n los calendarios de algunas instalaciones. La gerencia dice que la informaci\u00f3n de los clientes es muy cambiante y reciente, raz\u00f3n por el cual no se ha podido hacer esta reuni\u00f3n previamente.<\/p>\n<p>Las \u00faltimas noticias de Mercedes Gasteiz dicen que a partir del 14 de junio trabajar\u00e1 a 3 relevos completos y montaran 700 veh\u00edculos al d\u00eda. Este ritmo de trabajo se espera que siga despu\u00e9s del periodo vacacional por lo que las previsiones que la direcci\u00f3n plante\u00f3 en la presentaci\u00f3n del Plan de Gesti\u00f3n se mejoraran a priori. El Plan de Gesti\u00f3n presentado hace 15 d\u00edas ya se ha quedado obsoleto.<\/p>\n<p>Para las vacaciones la empresa optar\u00e1 por las vacaciones personalizadas con equipos partidos y con muchos gente que no podr\u00e1n tener los 30 d\u00edas de vacaciones de forma continuada. La opci\u00f3n m\u00e1s repetida ser\u00e1 la de 3 semanas por un lado en las 3 primeras semanas de agosto y 1 semana por otro ya sea antes o despu\u00e9s.<\/p>\n<p>Se le ha planteado a la direcci\u00f3n que trate de hacer un mayor esfuerzo en diferentes calendarios para que las vacaciones no sean partidas y se disfruten de manera continuada.<\/p>\n<p>A partir de finales de mayo y primeros de junio L-11 pasar\u00e1 al 4to relevo y para el 13 de junio lo har\u00e1n Delantera Izquierda, Aletas y Capot (completar equipos). Dobles traseras pasara al 5to turno, sin tener claro hasta qu\u00e9 fecha ser\u00e1 esa necesidad. Estas subidas de relevo acarrearan que puestos de trabajo como tridimensional, troqueleria, utillajes\u2026 se dimensionen al alza tambi\u00e9n.<\/p>\n<p>Para cubrir puestos de nuevos le hemos recordado desde CGT-LKN que se hagan promociones cumpliendo el convenio y con tiempo para dar formaci\u00f3n. Que en las unidades de negocio no se decida con oscurantismo quien se promociona y qui\u00e9n no.<\/p>\n<p>La necesidad de personal eventual para el periodo de vacaciones ser\u00e1 alta.<\/p>\n<p>Seg\u00fan la gerencia las semanas m\u00e1s cr\u00edticas por falta de semiconductores para Mercedes Gasteiz han sido esta semana y la que viene. En estos momentos no se espera \u201csalvo cat\u00e1strofe\u201d (esas han sido sus palabras) que Mercedes Gasteiz pare por falta de semiconductores.<\/p>\n<p>La situaci\u00f3n en la que se encuentra la f\u00e1brica en estos momentos es un tanto rara, hay un ERTE por semiconductores saben que la carga de trabajo subir\u00e1. Le hemos dicho que est\u00e1n organizando el trabajo con lo m\u00ednimo para ahorrar y que as\u00ed vamos mal.<\/p>\n<p>\u00a1Un saludo!<\/p>\n","protected":false},"excerpt":{"rendered":"<p>En la primera quincena de julio habr\u00e1 gente que tenga que empezar a disfrutar las vacaciones y para que se cumplan los 2 meses de preaviso, para la semana que viene ya se sacar\u00e1n los calendarios de algunas instalaciones. La gerencia dice que la informaci\u00f3n de los clientes es muy cambiante y reciente, raz\u00f3n por el cual no se ha podido hacer esta reuni\u00f3n previamente.<\/p>\n","protected":false},"author":72,"featured_media":4266,"comment_status":"closed","ping_status":"open","sticky":false,"template":"","format":"standard","meta":{"footnotes":"","_links_to":"","_links_to_target":""},"categories":[7,13],"tags":[87,181,230],"class_list":["post-7837","post","type-post","status-publish","format-standard","has-post-thumbnail","hentry","category-comunicados","category-gestamp","tag-comunicado","tag-egutegiak-calendarios","tag-vacaciones"],"publishpress_future_action":{"enabled":false,"date":"2026-05-02 09:24:45","action":"change-status","newStatus":"draft","terms":[],"taxonomy":"category","extraData":[]},"publishpress_future_workflow_manual_trigger":{"enabledWorkflows":[]},"_links":{"self":[{"href":"https:\/\/www.cgt-lkn.org\/bizkaia-gestamp\/wp-json\/wp\/v2\/posts\/7837","targetHints":{"allow":["GET"]}}],"collection":[{"href":"https:\/\/www.cgt-lkn.org\/bizkaia-gestamp\/wp-json\/wp\/v2\/posts"}],"about":[{"href":"https:\/\/www.cgt-lkn.org\/bizkaia-gestamp\/wp-json\/wp\/v2\/types\/post"}],"author":[{"embeddable":true,"href":"https:\/\/www.cgt-lkn.org\/bizkaia-gestamp\/wp-json\/wp\/v2\/users\/72"}],"replies":[{"embeddable":true,"href":"https:\/\/www.cgt-lkn.org\/bizkaia-gestamp\/wp-json\/wp\/v2\/comments?post=7837"}],"version-history":[{"count":1,"href":"https:\/\/www.cgt-lkn.org\/bizkaia-gestamp\/wp-json\/wp\/v2\/posts\/7837\/revisions"}],"predecessor-version":[{"id":7840,"href":"https:\/\/www.cgt-lkn.org\/bizkaia-gestamp\/wp-json\/wp\/v2\/posts\/7837\/revisions\/7840"}],"wp:featuredmedia":[{"embeddable":true,"href":"https:\/\/www.cgt-lkn.org\/bizkaia-gestamp\/wp-json\/wp\/v2\/media\/4266"}],"wp:attachment":[{"href":"https:\/\/www.cgt-lkn.org\/bizkaia-gestamp\/wp-json\/wp\/v2\/media?parent=7837"}],"wp:term":[{"taxonomy":"category","embeddable":true,"href":"https:\/\/www.cgt-lkn.org\/bizkaia-gestamp\/wp-json\/wp\/v2\/categories?post=7837"},{"taxonomy":"post_tag","embeddable":true,"href":"https:\/\/www.cgt-lkn.org\/bizkaia-gestamp\/wp-json\/wp\/v2\/tags?post=7837"}],"curies":[{"name":"wp","href":"https:\/\/api.w.org\/{rel}","templated":true}]}}