{"id":7830,"date":"2021-04-26T18:51:28","date_gmt":"2021-04-26T16:51:28","guid":{"rendered":"https:\/\/www.cgt-lkn.org\/bizkaia\/gestamp\/?p=7830"},"modified":"2021-05-09T09:33:31","modified_gmt":"2021-05-09T07:33:31","slug":"resumen-reunion-plan-gestion-2021","status":"publish","type":"post","link":"https:\/\/www.cgt-lkn.org\/bizkaia-gestamp\/2021\/04\/26\/resumen-reunion-plan-gestion-2021\/","title":{"rendered":"Resumen Reunion Plan Gestion 2021"},"content":{"rendered":"<p>Kaixo danori!<\/p>\n<p>El pasado\u00a0 viernes 16 de abril tuvimos reuni\u00f3n con la direcci\u00f3n de empresa para que est\u00e1 presentara al comit\u00e9 el Plan de Gesti\u00f3n del 2021 y se hablara del porcentaje de contrataci\u00f3n eventual en la f\u00e1brica. La direcci\u00f3n dijo que mensualmente convocar\u00e1n reuniones informativas, tal y como se hac\u00eda en el pasado.<\/p>\n<p>En cuanto al d\u00eda a d\u00eda de Mercedes Gasteiz dijeron que para la semana 16 no se esperan paradas productivas por la falta de semiconductores y que para la semana 17 pr\u00f3xima pudiera ser que s\u00ed. La semana 17 es de 4 d\u00edas laborales para Mercedes al igual que para Gestamp Bizkaia, ya que el mi\u00e9rcoles es festivo.<\/p>\n<p>La empresa dijo que existe mucha incertidumbre en las cadenas de suministros de componentes que vienen desde Asia, no ya solamente los semiconductores, sino tambi\u00e9n por falta de caucho, pl\u00e1sticos\u2026 Lo que no nombraron fue falta de pedidos de veh\u00edculos por lo que no est\u00e1 tan mal el tema.<\/p>\n<p>Para primeros de junio Mercedes Gasteiz se espera que pase a producir a 3 relevos \u201ccompletos\u201d y esto traer\u00e1 el aumento de carga de trabajo. En estos momentos seg\u00fan se expresa la empresa Mercedes est\u00e1 a 2,5 turnos, como sab\u00e9is hay un turno al que se le puede llamar degradado.<\/p>\n<p>Actualmente de las instalaciones que trabajan para Mercedes, L-12, Port\u00f3n y Capot est\u00e1n al 4to turno. Para junio se espera que L-11, VDI Delantera Izquierda, Aletas y Dobles Traseras tambi\u00e9n pasen al 4to turno.<\/p>\n<p>Adem\u00e1s cabe la posibilidad de que Dobles Traseras entre a 5to turno al igual que el a\u00f1o pasado, ya que seg\u00fan dice la direcci\u00f3n hay un pedido furgonetas de empresas de paqueter\u00eda que montan DT y no Portones. Falta por confirmarse el tema.<\/p>\n<p>Transfer TF-2, Ventana Flip y Corredera-2 pasar\u00edan a tener carga de trabajo a 3 relevos seg\u00fan las informaciones que dan, aunque ya est\u00e9n los equipos en algunos casos rotando a 3.<\/p>\n<p>La direcci\u00f3n indica que en los meses de abril y mayo la previsi\u00f3n del PG (Plan de Gesti\u00f3n) de personal es de 612 personas indefinidas y 50 eventuales, que para los meses de junio a septiembre ser\u00e1n 612-95 y que a partir de octubre ser\u00edan 612-51 con una previsi\u00f3n de producci\u00f3n de Mercedes de 133.920 veh\u00edculos, seg\u00fan siempre el PG de Gestamp Bizkaia. Estas previsiones de contrataci\u00f3n, y sobre todo las de final de a\u00f1o, hist\u00f3ricamente se suelen incumplir generando una mayor contrataci\u00f3n real de personas eventuales a lo previsto en el PG.<\/p>\n<p>Las informaciones predicen una situaci\u00f3n de plena carga de trabajo. Hace un a\u00f1o cuando empez\u00f3 la Pandemia de Covid-19 era de imaginar que las producciones futuras fueran hacia abajo debido a la nueva crisis pero aunque la empresa haga el trabajo que le toca de ver siempre el vaso medio vac\u00edo o vac\u00edo del todo, la realidad es que no est\u00e1 tan mal la cosa como se quiere pintar.<\/p>\n<p>Paradas de vacaciones:<\/p>\n<p>A\u00fan Mercedes no ha definido sus vacaciones de verano aunque probablemente lo hagan durante la primera semana de mayo, una vez las tengan definidas se proceder\u00e1 a definirlas en Gestamp Bizkaia.<\/p>\n<p>VW Landaben S27 \/ S28 \/ S31 \/ S32 \/ S33\u00a0 (periodo San Fermines y 3 primeras semanas de agosto)<\/p>\n<p>SEAT Martorell S31 \/ S32 \/ S33 (3 primeras semanas de agosto)<\/p>\n<p>PSA \/ OPEL (ahora grupo llamado Stellantis) S30 \/ S31 \/ S32 (\u00faltima de julio y 2 primeras de agosto)<\/p>\n<p>\u00a1Un Saludo!<\/p>\n<p>Secci\u00f3n sindical de CGT-LKN en Gestamp Bizkaia<\/p>\n<p>&nbsp;<\/p>\n<p>&nbsp;<\/p>\n","protected":false},"excerpt":{"rendered":"<p>El pasado\u00a0 viernes 16 de abril tuvimos reuni\u00f3n con la direcci\u00f3n de empresa para que est\u00e1 presentara al comit\u00e9 el Plan de Gesti\u00f3n del 2021 y se hablara del porcentaje de contrataci\u00f3n eventual en la f\u00e1brica. La direcci\u00f3n dijo que mensualmente convocar\u00e1n reuniones informativas, tal y como se hac\u00eda en el pasado.<\/p>\n","protected":false},"author":72,"featured_media":7831,"comment_status":"closed","ping_status":"open","sticky":false,"template":"","format":"standard","meta":{"footnotes":"","_links_to":"","_links_to_target":""},"categories":[7,13,79],"tags":[87,165,229],"class_list":["post-7830","post","type-post","status-publish","format-standard","has-post-thumbnail","hentry","category-comunicados","category-gestamp","category-gestamp-bizkaia","tag-comunicado","tag-gestamp","tag-plan-de-gestion"],"publishpress_future_action":{"enabled":false,"date":"2026-05-04 08:38:59","action":"change-status","newStatus":"draft","terms":[],"taxonomy":"category","extraData":[]},"publishpress_future_workflow_manual_trigger":{"enabledWorkflows":[]},"_links":{"self":[{"href":"https:\/\/www.cgt-lkn.org\/bizkaia-gestamp\/wp-json\/wp\/v2\/posts\/7830","targetHints":{"allow":["GET"]}}],"collection":[{"href":"https:\/\/www.cgt-lkn.org\/bizkaia-gestamp\/wp-json\/wp\/v2\/posts"}],"about":[{"href":"https:\/\/www.cgt-lkn.org\/bizkaia-gestamp\/wp-json\/wp\/v2\/types\/post"}],"author":[{"embeddable":true,"href":"https:\/\/www.cgt-lkn.org\/bizkaia-gestamp\/wp-json\/wp\/v2\/users\/72"}],"replies":[{"embeddable":true,"href":"https:\/\/www.cgt-lkn.org\/bizkaia-gestamp\/wp-json\/wp\/v2\/comments?post=7830"}],"version-history":[{"count":1,"href":"https:\/\/www.cgt-lkn.org\/bizkaia-gestamp\/wp-json\/wp\/v2\/posts\/7830\/revisions"}],"predecessor-version":[{"id":7862,"href":"https:\/\/www.cgt-lkn.org\/bizkaia-gestamp\/wp-json\/wp\/v2\/posts\/7830\/revisions\/7862"}],"wp:featuredmedia":[{"embeddable":true,"href":"https:\/\/www.cgt-lkn.org\/bizkaia-gestamp\/wp-json\/wp\/v2\/media\/7831"}],"wp:attachment":[{"href":"https:\/\/www.cgt-lkn.org\/bizkaia-gestamp\/wp-json\/wp\/v2\/media?parent=7830"}],"wp:term":[{"taxonomy":"category","embeddable":true,"href":"https:\/\/www.cgt-lkn.org\/bizkaia-gestamp\/wp-json\/wp\/v2\/categories?post=7830"},{"taxonomy":"post_tag","embeddable":true,"href":"https:\/\/www.cgt-lkn.org\/bizkaia-gestamp\/wp-json\/wp\/v2\/tags?post=7830"}],"curies":[{"name":"wp","href":"https:\/\/api.w.org\/{rel}","templated":true}]}}