{"id":7826,"date":"2021-04-26T19:07:08","date_gmt":"2021-04-26T17:07:08","guid":{"rendered":"https:\/\/www.cgt-lkn.org\/bizkaia\/gestamp\/?p=7826"},"modified":"2021-05-09T09:31:26","modified_gmt":"2021-05-09T07:31:26","slug":"mercedes-hara-8-600-vehiculos-mas-y-roza-el-record-de-150-000","status":"publish","type":"post","link":"https:\/\/www.cgt-lkn.org\/bizkaia-gestamp\/2021\/04\/26\/mercedes-hara-8-600-vehiculos-mas-y-roza-el-record-de-150-000\/","title":{"rendered":"Mercedes har\u00e1 8.600 veh\u00edculos m\u00e1s y roza el r\u00e9cord de 150.000"},"content":{"rendered":"<p><strong>Fuente:<\/strong> El correo edici\u00f3n en papel<\/p>\n<p><img loading=\"lazy\" decoding=\"async\" class=\"aligncenter wp-image-7828 size-full\" src=\"https:\/\/www.cgt-lkn.org\/wp-content\/uploads\/sites\/20\/2021\/04\/Mercedes-hara-8.600-vehiculos-mas-y-roza-el-record-de-150.000.jpg\" alt=\"\" width=\"600\" height=\"771\" srcset=\"https:\/\/www.cgt-lkn.org\/bizkaia-gestamp\/wp-content\/uploads\/sites\/20\/2021\/04\/Mercedes-hara-8.600-vehiculos-mas-y-roza-el-record-de-150.000.jpg 600w, https:\/\/www.cgt-lkn.org\/bizkaia-gestamp\/wp-content\/uploads\/sites\/20\/2021\/04\/Mercedes-hara-8.600-vehiculos-mas-y-roza-el-record-de-150.000-233x300.jpg 233w\" sizes=\"auto, (max-width: 600px) 100vw, 600px\" \/><\/p>\n<p>El programa operativo crece hasta las 148.600 furgonetas, un 5,8% m\u00e1s con respecto a enero, cuando ya se produjo otra subida, entonces de 8.500 veh\u00edculos.\u00a0 Con lo que en apenas cuatro meses las previsiones en Mercedes para 2021 se han incrementado<br \/>\nen un 11,5% y ya se ve de cerca el r\u00e9cord de la producci\u00f3n que se alcanz\u00f3 en 2017 con 150.000 unidades.<\/p>\n<p>Pero ah\u00ed no est\u00e1 el techo de la planta de Avenida de los Huetos, que tiene capacidad para producir 170.000 La compa\u00f1\u00eda no descarta incrementos en los pr\u00f3ximos meses,<br \/>\npero tambi\u00e9n ayer reconoc\u00eda en un comunicado interno a su plantilla que el actual escenario de producci\u00f3n \u00abest\u00e1 condicionado por la inestabilidad y volatilidad de los mercados de automoci\u00f3n \u00bb, en un contexto afectado todav\u00eda \u00aben gran medida\u00bb por<br \/>\nla pandemia. A esta situaci\u00f3n que acompa\u00f1a a la econom\u00eda desde hace m\u00e1s de un a\u00f1o se a\u00f1ade en los \u00faltimos meses el problema de suministros de \u00abalgunos componentes<br \/>\ncr\u00edticos\u00bb, los microchips de origen asi\u00e1tico que son un bien preciado porque comienzan a escasear en las f\u00e1bricas de coches.<\/p>\n<p><img loading=\"lazy\" decoding=\"async\" class=\"aligncenter wp-image-7827 size-full\" src=\"https:\/\/www.cgt-lkn.org\/wp-content\/uploads\/sites\/20\/2021\/04\/firgonetas-fabricadas-en-Mercedes-Vitoria-2021.jpg\" alt=\"\" width=\"423\" height=\"800\" srcset=\"https:\/\/www.cgt-lkn.org\/bizkaia-gestamp\/wp-content\/uploads\/sites\/20\/2021\/04\/firgonetas-fabricadas-en-Mercedes-Vitoria-2021.jpg 423w, https:\/\/www.cgt-lkn.org\/bizkaia-gestamp\/wp-content\/uploads\/sites\/20\/2021\/04\/firgonetas-fabricadas-en-Mercedes-Vitoria-2021-159x300.jpg 159w\" sizes=\"auto, (max-width: 423px) 100vw, 423px\" \/><\/p>\n<p>Mercedes, por ahora, est\u00e1 sorteando la crisis y s\u00f3lo ha tenido que parar su actividad dos s\u00e1bados. Pero otras factor\u00edas han suspendido varios d\u00edas o semanas la producci\u00f3n e incluso Ford en Almussafes anunciaba esta semana la necesidad de aplicar un<br \/>\nERTE de veinte d\u00edas por falta de aprovisionamiento de piezas.<\/p>\n<p>En cambio, en la f\u00e1brica vitoriana de la multinacional de la \u2018estrella\u2019 \u2013que representa\u00a0 casi el 5% del PIB vasco y tiene una plantilla actual de unos 4.500 trabajadores\u2013,<br \/>\nhay mejores previsiones y de hecho los cinco s\u00e1bados de julio se activar\u00e1n como d\u00edas<br \/>\nde producci\u00f3n.<\/p>\n<p>&nbsp;<\/p>\n","protected":false},"excerpt":{"rendered":"<p>El programa operativo crece hasta las 148.600 furgonetas, <strong>un 5,8% m\u00e1s<\/strong> con respecto a enero, cuando ya se produjo otra subida, entonces de 8.500 veh\u00edculos.\u00a0 Con lo que en apenas cuatro meses <strong>las previsiones<\/strong> en Mercedes para 2021 <strong>se han incrementado<\/strong><br \/>\n<strong>en un 11,5%<\/strong> y ya se ve de <strong>cerca el r\u00e9cord de la producci\u00f3n<\/strong> que se alcanz\u00f3 en 2017 con 150.000 unidades.<\/p>\n","protected":false},"author":72,"featured_media":7827,"comment_status":"closed","ping_status":"open","sticky":false,"template":"","format":"standard","meta":{"footnotes":"","_links_to":"","_links_to_target":""},"categories":[5,16,22],"tags":[161,143,228],"class_list":["post-7826","post","type-post","status-publish","format-standard","has-post-thumbnail","hentry","category-automocion","category-mercedes","category-en-la-prensa","tag-mercedes","tag-noticias","tag-vitoria"],"publishpress_future_action":{"enabled":false,"date":"2026-05-04 06:58:35","action":"change-status","newStatus":"draft","terms":[],"taxonomy":"category","extraData":[]},"publishpress_future_workflow_manual_trigger":{"enabledWorkflows":[]},"_links":{"self":[{"href":"https:\/\/www.cgt-lkn.org\/bizkaia-gestamp\/wp-json\/wp\/v2\/posts\/7826","targetHints":{"allow":["GET"]}}],"collection":[{"href":"https:\/\/www.cgt-lkn.org\/bizkaia-gestamp\/wp-json\/wp\/v2\/posts"}],"about":[{"href":"https:\/\/www.cgt-lkn.org\/bizkaia-gestamp\/wp-json\/wp\/v2\/types\/post"}],"author":[{"embeddable":true,"href":"https:\/\/www.cgt-lkn.org\/bizkaia-gestamp\/wp-json\/wp\/v2\/users\/72"}],"replies":[{"embeddable":true,"href":"https:\/\/www.cgt-lkn.org\/bizkaia-gestamp\/wp-json\/wp\/v2\/comments?post=7826"}],"version-history":[{"count":1,"href":"https:\/\/www.cgt-lkn.org\/bizkaia-gestamp\/wp-json\/wp\/v2\/posts\/7826\/revisions"}],"predecessor-version":[{"id":7829,"href":"https:\/\/www.cgt-lkn.org\/bizkaia-gestamp\/wp-json\/wp\/v2\/posts\/7826\/revisions\/7829"}],"wp:featuredmedia":[{"embeddable":true,"href":"https:\/\/www.cgt-lkn.org\/bizkaia-gestamp\/wp-json\/wp\/v2\/media\/7827"}],"wp:attachment":[{"href":"https:\/\/www.cgt-lkn.org\/bizkaia-gestamp\/wp-json\/wp\/v2\/media?parent=7826"}],"wp:term":[{"taxonomy":"category","embeddable":true,"href":"https:\/\/www.cgt-lkn.org\/bizkaia-gestamp\/wp-json\/wp\/v2\/categories?post=7826"},{"taxonomy":"post_tag","embeddable":true,"href":"https:\/\/www.cgt-lkn.org\/bizkaia-gestamp\/wp-json\/wp\/v2\/tags?post=7826"}],"curies":[{"name":"wp","href":"https:\/\/api.w.org\/{rel}","templated":true}]}}