{"id":7822,"date":"2021-04-23T09:00:48","date_gmt":"2021-04-23T07:00:48","guid":{"rendered":"https:\/\/www.cgt-lkn.org\/bizkaia\/gestamp\/?p=7822"},"modified":"2022-12-11T16:46:48","modified_gmt":"2022-12-11T15:46:48","slug":"respuesta-a-la-ultima-nota-de-lab-ugt-y-ela","status":"publish","type":"post","link":"https:\/\/www.cgt-lkn.org\/bizkaia-gestamp\/2021\/04\/23\/respuesta-a-la-ultima-nota-de-lab-ugt-y-ela\/","title":{"rendered":"RESPUESTA A LA \u00daLTIMA NOTA DE LAB, UGT Y ELA"},"content":{"rendered":"<p>Desde CGT-LKN queremos hacer algunas <strong>ACLARACIONES A LA INTERPRETACI\u00d3N Y OPINIONES<\/strong> que vierten LAB, UGT y ELA sobre el \u00faltimo comunicado de CGT-LKN sobre el ERTE de semiconductores acordado en Gestamp Bizkaia:<\/p>\n<p>1\u00ba- Estos 3 sindicatos <span style=\"color: #ff0000;\"><strong>SE EQUIVOCAN<\/strong><\/span> cuando nombran el ERTE del 2005. En su nota <strong>CGT-LKN se refiere al ERTE acordado en Mayo del 2020<\/strong> en el que se facilit\u00f3 una duraci\u00f3n de 8 meses y hasta 90 d\u00edas\/persona al barajarse p\u00e9simos escenarios por posibles rebrotes del COVID-19. En cambio, <strong>este <span style=\"color: #ff0000;\">ERTE<\/span><\/strong> por semiconductores de tan s\u00f3lo 2 meses de duraci\u00f3n y 14 d\u00edas\/persona <strong>es totalmente asumible por la empresa y deber\u00eda ser <span style=\"color: #ff0000;\">CONSIDERADO PARO T\u00c9CNICO<\/span><\/strong> seg\u00fan el <strong><span style=\"color: #ff0000;\">ART. 30<\/span> del Estatuto de los Trabajadores.<\/strong><\/p>\n<p>2\u00ba- Respecto al <strong>FANZINE<\/strong>, decir que <strong>ES UNA HERRAMIENTA<\/strong> de intercomunicaci\u00f3n entre las personas que trabajamos en Gestamp Bizkaia <strong>como lo puede ser<\/strong> las otras herramientas de que se dota CGT-LKN (<strong>whatsApp, Telegram o web<\/strong>) herramientas, todas ellas, para aportar ideas o para denunciar y reclamar libremente cualquier cuesti\u00f3n de nuestro d\u00eda a d\u00eda laboral por cualquier persona que lo desee.<\/p>\n<p>3\u00ba- <strong>En relaci\u00f3n<\/strong> a la afirmaci\u00f3n de <strong>que \u201cdamos bandazos<\/strong>\u201d, decir que <strong>EN LA <span style=\"color: #3366ff;\">WEB<\/span><\/strong> de CGT-LKN cualquier persona <strong>puede <span style=\"color: #3366ff;\">COMPROBAR LA TRAYECTORIA<\/span>, los criterios y razones<\/strong> de los asuntos tratados y ver que <strong>CGT-LKN<\/strong> es y <strong>ha sido siempre coherente<\/strong> con lo que dice. La <span style=\"color: #3366ff;\"><strong>WEB<\/strong><\/span> tambi\u00e9n sirve como <span style=\"color: #3366ff;\"><strong>HEMEROTECA<\/strong><\/span> para conocer las posiciones <strong>de CGT-LKN<\/strong>, por un lado <strong>y<\/strong> del resto del <strong>comit\u00e9<\/strong> por otro, durante todos estos a\u00f1os de diferentes temas.<\/p>\n<p>4\u00ba- Seguimos sosteniendo que nos parece <span style=\"color: #ff0000;\"><strong>MUY GRAVE<\/strong><\/span> que <strong>e<\/strong>l resto del <strong>comit\u00e9 solicite a la empresa que se incluya en el ERTE al personal de los departamentos de Troquelar\u00eda y Mantenimiento<\/strong> cuando hasta la direcci\u00f3n asegur\u00f3 que nunca ser\u00edan afectados resultando absurdo el argumento del resto del comit\u00e9 de \u201cno fraccionar el colectivo de trabajadores y trabajadoras\u201d como dice en su nota.<\/p>\n<p><a href=\"https:\/\/www.cgt-lkn.org\/wp-content\/uploads\/sites\/20\/2021\/04\/cgt-dignidad-y-lucha.jpg\"><img loading=\"lazy\" decoding=\"async\" class=\"aligncenter wp-image-7824 size-full\" src=\"https:\/\/www.cgt-lkn.org\/wp-content\/uploads\/sites\/20\/2021\/04\/cgt-dignidad-y-lucha.jpg\" alt=\"\" width=\"289\" height=\"300\" \/><\/a><\/p>\n<p>5\u00ba- Pese a lo anterior, para CGT-LKN lo <strong><span style=\"color: #339966;\">REALMENTE<\/span> <span style=\"color: #ff0000;\">GRAVE<\/span><\/strong> de este \u201cERTE\u201d por semiconductores en Gestamp Bizkaia (al igual que otros ERTE\u00b4s similares en otros centros de trabajo) es que, <u>los d\u00edas de <span style=\"color: #3366ff;\"><strong>AFECTACI\u00d3N<\/strong><\/span><\/u> que se pudieran producir ser\u00edan imputables al art. 30 del ET, es decir, a cuenta de los empresarios y no <span style=\"color: #3366ff;\"><strong>A<u> CUENTA<\/u><\/strong><\/span><u> de las prestaciones de <span style=\"color: #3366ff;\"><strong>DESEMPLEO<\/strong><\/span><\/u> de todas las personas <u>trabajadoras ni del <span style=\"color: #3366ff;\"><strong>ERARIO P\u00daBLICO<\/strong><\/span><\/u> que es la caja com\u00fan de toda la ciudadan\u00eda en \u00faltimo t\u00e9rmino. Esta postura si fue trasladada tanto a la direcci\u00f3n de empresa como al resto del comit\u00e9, aunque de nada sirvi\u00f3.<\/p>\n<p>6\u00ba- Por otro lado, <strong>EL PROCESO DE NEGOCIACI\u00d3N<\/strong> del este ERTE no ha seguido ning\u00fan procedimiento pues <strong>NO SE HA CUMPLIDO LO ESTABLECIDO EN NORMATIVA<\/strong>. Dicha normativa se\u00f1ala que hay que hacer lo posible para que no se llegue al ERTE y afecte al menor n\u00famero de personas posible <u>(RD 1483\/2012 y el Art 47 del ET).<\/u><\/p>\n<p>7\u00ba- <u>Sobre las acusaciones de <strong>\u201cmentira y manipulaci\u00f3n<\/strong>\u201d que el resto del comit\u00e9 vierte contra CGT-LKN, decir que<strong> las negamos rotundamente<\/strong>.<\/u> Entendemos que entrar a publicar comunicados por ambas partes no es el m\u00e9todo m\u00e1s adecuado, aunque no nos quede m\u00e1s remedio, por ello <strong><span style=\"color: #ff0000;\">INSISTIMOS<\/span> en la necesidad de aprobar y aplicar un REGLAMENTO DE FUNCIONAMIENTO del comit\u00e9<\/strong> (como as\u00ed lo obliga el art 66.2 del ET) para redactar y publicar las actas con las propuestas y decisiones tomadas en sus reuniones en favor de la trasparencia <strong>y<\/strong> para <strong>establecer as\u00ed \u201c<span style=\"color: #339966;\">UNAS M\u00cdNIMAS NORMAS DE CONVIVENCIA<\/span><\/strong>\u201d <strong>QUE RESPETEN LA <span style=\"color: #339966;\">PLURALIDAD<\/span><\/strong> dentro de un \u00f3rgano de decisi\u00f3n como un comit\u00e9 de empresa.<\/p>\n<p>8\u00ba- <strong>CGT-LKN<\/strong>\u00a0 <strong><span style=\"color: #3366ff;\">de<\/span> los <span style=\"color: #3366ff;\">6<\/span> \u00faltimos acuerdos<\/strong> en Gestamp Bizkaia (Erte fuerza mayor Covid19 abril 2020, Erte ETOP rebrotes Covid19 mayo 2020, paradas de diciembre de 2020, convenio empresa 2021 y\u00a0 Erte ETOP semiconductores marzo 2021, pan de igualdad) <strong>ha <span style=\"color: #3366ff;\">firmado 4<\/span> y rechazado 2<\/strong> as\u00ed que <u>no aceptamos que nos tachen de ser \u201csiempre el tropiezo de la uni\u00f3n y lectura compartida\u201d en estas cuestiones<\/u>. Por otro lado, <strong><span style=\"color: #ff0000;\">NINGUNA OTRA SECCI\u00d3N<\/span> SINDICAL <span style=\"color: #3366ff;\">SE HA DESMARCADO NUNCA<\/span> <span style=\"color: #3366ff;\">DE<\/span> LO QUE DICTA LA QUE OSTENTA <span style=\"color: #3366ff;\">LA MAYOR\u00cdA<\/span> DEL COMIT\u00c9<\/strong> por lo que <strong><u>DESCONOCEMOS SI POSEEN <span style=\"color: #ff0000;\">CRITERIO PROPIO<\/span><\/u><\/strong><span style=\"color: #ff0000;\">.<\/span> CGT-LKN s\u00f3lo defendemos nuestras posiciones en base al criterio de nuestra organizaci\u00f3n, independientemente de presiones externas.<\/p>\n<p>9\u00ba- Sobre las acusaciones de \u201cignorancia sobre la mayor\u00eda de los temas\u201d que recibimos los representantes de CGT-LKN de Gestamp Bizkaia (y por extensi\u00f3n todo el sindicato CGT) decir que nuestro m\u00e9todo es sencillo:<strong> LEER<span style=\"text-decoration: underline;\"> LA NORMATIVA<\/span> LABORAL, ASESORARNOS Y EXIGIR QUE <span style=\"text-decoration: underline;\">SE CUMPLA EN CADA CASO <\/span><\/strong>ya que, estamos convencidos, siempre defender las mejores condiciones laborales de TODAS las personas trabajadoras.<a href=\"https:\/\/www.cgt-lkn.org\/wp-content\/uploads\/sites\/20\/2021\/01\/CON-DOS-DEDOS-DE-FRENTE-CGT.jpg\"><img loading=\"lazy\" decoding=\"async\" class=\"aligncenter wp-image-7600 size-medium\" src=\"https:\/\/www.cgt-lkn.org\/wp-content\/uploads\/sites\/20\/2021\/01\/CON-DOS-DEDOS-DE-FRENTE-CGT-300x210.jpg\" alt=\"\" width=\"300\" height=\"210\" srcset=\"https:\/\/www.cgt-lkn.org\/bizkaia-gestamp\/wp-content\/uploads\/sites\/20\/2021\/01\/CON-DOS-DEDOS-DE-FRENTE-CGT-300x210.jpg 300w, https:\/\/www.cgt-lkn.org\/bizkaia-gestamp\/wp-content\/uploads\/sites\/20\/2021\/01\/CON-DOS-DEDOS-DE-FRENTE-CGT.jpg 530w\" sizes=\"auto, (max-width: 300px) 100vw, 300px\" \/><\/a><\/p>\n<p>10\u00ba- Sobre la decisi\u00f3n <strong>de LAB, UGT y ELA de \u201cromper relaciones con los delegados de <span style=\"color: #339966;\">CGT<\/span><\/strong><span style=\"color: #339966;\">&#8211;<strong>LKN<\/strong><\/span>\u201d decir que, <strong>desde<\/strong> <strong>siempre<\/strong>, <strong>las hemos considerados inexistentes<\/strong> pues la singularidad de CGT-LKN, tanto en Gestamp Bizkaia como en otros centros, donde <strong><span style=\"color: #339966;\">CGT-LKN<\/span> siempre se ha <span style=\"color: #339966;\">opuesto<\/span> a la multitud de <span style=\"color: #ff0000;\"><u>rodillos uniformadores<\/u><\/span> que <span style=\"color: #3366ff;\"><u>pretenden acallarnos<\/u>.<\/span><\/strong><\/p>\n<p>&nbsp;<\/p>\n<p>Salud y Anarqu\u00eda\u00a0 \u00a0 \u00a0 \u00a0 \u00a0 \u00a0 \u00a0 \u00a0 \u00a0 \u00a0 \u00a0 \u00a0 \u00a0 \u00a0 \u00a0 \u00a0 \u00a0 \u00a0 \u00a0 \u00a0 \u00a0 \u00a0 \u00a0 \u00a0 \u00a0 \u00a0 \u00a0 \u00a0 \u00a0 \u00a0 \u00a0 \u00a0 \u00a0 \u00a0 \u00a0 \u00a0 \u00a0 \u00a0 \u00a0 \u00a0 \u00a0 \u00a0 \u00a0 \u00a0 \u00a0 \u00a023 abril 2021<\/p>\n","protected":false},"excerpt":{"rendered":"<p><strong><span style=\"color: #ff0000;\">El <\/span><span style=\"color: #ff0000;\">ERTE<\/span><\/strong> <strong>es totalmente asumible y deber\u00eda ser <span style=\"color: #ff0000;\">CONSIDERADO PARO T\u00c9CNICO<\/span><\/strong><\/p>\n<p><span style=\"color: #ff0000;\"><strong>MUY GRAVE <span style=\"color: #000000;\">comit\u00e9 solicite que se incluya al personal e Troquelar\u00eda y Mantenimiento<\/span><\/strong><\/span><\/p>\n<p><strong><span style=\"color: #ff0000;\">INSISTIMOS<\/span> en la necesidad de aprobar y aplicar un REGLAMENTO DE FUNCIONAMIENTO del comit\u00e9 y Establecer as\u00ed \u201c<span style=\"color: #339966;\">UNAS M\u00cdNIMAS NORMAS DE CONVIVENCIA<\/span><\/strong>\u201d <strong>QUE RESPETEN LA <span style=\"color: #339966;\">PLURALIDAD<\/span><\/strong><\/p>\n<p><strong>GT-LKN<\/strong>\u00a0 <strong><span style=\"color: #3366ff;\">de<\/span> los <span style=\"color: #3366ff;\">6<\/span> \u00faltimos acuerdos ha <span style=\"color: #3366ff;\">firmado 4: <span style=\"color: #ff0000;\">NINGUNA OTRA SECCI\u00d3N<\/span> <\/span><span style=\"color: #000000;\">SINDICAL SE HA<\/span><span style=\"color: #3366ff;\"> DESMARCADO NUNCA DE LO QUE DICTA LA MAYOR\u00cdA <span style=\"color: #000000;\">DEL COMIT\u00c9<\/span> por lo que <u>DESCONOCEMOS SI POSEEN <span style=\"color: #ff0000;\">CRITERIO PROPIO<\/span><\/u><\/span><\/strong><\/p>\n<p><strong><span style=\"color: #ff0000;\"><u>Rodillos uniformadores<\/u><\/span> que <span style=\"color: #3366ff;\"><u>pretenden acallarnos<\/u>.<\/span><\/strong><\/p>\n<p><strong>EN LA <span style=\"color: #3366ff;\">WEB <span style=\"color: #000000;\">COMPROBAR<\/span> LA TRAYECTORIA, de CGT-LKN, <span style=\"color: #000000;\">y del<\/span> comit\u00e9<\/span><\/strong><\/p>\n","protected":false},"author":72,"featured_media":7600,"comment_status":"closed","ping_status":"open","sticky":false,"template":"","format":"standard","meta":{"footnotes":"","_links_to":"","_links_to_target":""},"categories":[7,13,79,27],"tags":[90,117,87,86,219],"class_list":["post-7822","post","type-post","status-publish","format-standard","has-post-thumbnail","hentry","category-comunicados","category-gestamp","category-gestamp-bizkaia","category-sindical","tag-cgt-lkn-informa","tag-comite","tag-comunicado","tag-erte","tag-semiconductores"],"publishpress_future_action":{"enabled":false,"date":"2026-05-04 16:03:50","action":"change-status","newStatus":"draft","terms":[],"taxonomy":"category","extraData":[]},"publishpress_future_workflow_manual_trigger":{"enabledWorkflows":[]},"_links":{"self":[{"href":"https:\/\/www.cgt-lkn.org\/bizkaia-gestamp\/wp-json\/wp\/v2\/posts\/7822","targetHints":{"allow":["GET"]}}],"collection":[{"href":"https:\/\/www.cgt-lkn.org\/bizkaia-gestamp\/wp-json\/wp\/v2\/posts"}],"about":[{"href":"https:\/\/www.cgt-lkn.org\/bizkaia-gestamp\/wp-json\/wp\/v2\/types\/post"}],"author":[{"embeddable":true,"href":"https:\/\/www.cgt-lkn.org\/bizkaia-gestamp\/wp-json\/wp\/v2\/users\/72"}],"replies":[{"embeddable":true,"href":"https:\/\/www.cgt-lkn.org\/bizkaia-gestamp\/wp-json\/wp\/v2\/comments?post=7822"}],"version-history":[{"count":3,"href":"https:\/\/www.cgt-lkn.org\/bizkaia-gestamp\/wp-json\/wp\/v2\/posts\/7822\/revisions"}],"predecessor-version":[{"id":8839,"href":"https:\/\/www.cgt-lkn.org\/bizkaia-gestamp\/wp-json\/wp\/v2\/posts\/7822\/revisions\/8839"}],"wp:featuredmedia":[{"embeddable":true,"href":"https:\/\/www.cgt-lkn.org\/bizkaia-gestamp\/wp-json\/wp\/v2\/media\/7600"}],"wp:attachment":[{"href":"https:\/\/www.cgt-lkn.org\/bizkaia-gestamp\/wp-json\/wp\/v2\/media?parent=7822"}],"wp:term":[{"taxonomy":"category","embeddable":true,"href":"https:\/\/www.cgt-lkn.org\/bizkaia-gestamp\/wp-json\/wp\/v2\/categories?post=7822"},{"taxonomy":"post_tag","embeddable":true,"href":"https:\/\/www.cgt-lkn.org\/bizkaia-gestamp\/wp-json\/wp\/v2\/tags?post=7822"}],"curies":[{"name":"wp","href":"https:\/\/api.w.org\/{rel}","templated":true}]}}